{"id":106098,"date":"2024-12-09T20:50:20","date_gmt":"2024-12-09T20:50:20","guid":{"rendered":"https:\/\/motos-motor.com.br\/fipec\/preco-tabela-fipe-bmw-i3-bev-full-170cv-automatico-eletrico-0km"},"modified":"2025-07-14T13:35:40","modified_gmt":"2025-07-14T13:35:40","slug":"preco-tabela-fipe-bmw-i3-bev-full-170cv-automatico-eletrico-0km","status":"publish","type":"post","link":"https:\/\/motos-motor.com.br\/fipec\/preco-tabela-fipe-bmw-i3-bev-full-170cv-automatico-eletrico-0km\/","title":{"rendered":"Tabela Fipe I3 BEV FULL 170cv Autom\u00e1tico El\u00e9trico 0 km"},"content":{"rendered":"<p>O pre\u00e7o na tabela do modelo BMW I3 BEV FULL 170cv Autom\u00e1tico El\u00e9trico 0 km \u00e9 de <strong>R$ 330.999<\/strong>, segundo dados da Tabela Fipe. No hist\u00f3rico de pre\u00e7os mais recentes, \u00e9 poss\u00edvel notar que este modelo obteve uma valoriza\u00e7\u00e3o acumulada de 31,75% entre dezembro de 2019 e dezembro de 2023: Em dezembro de 2019 o pre\u00e7o era de R$ 251.235 passando para <span itemprop='price' content='330999'>R$ 330.999<\/span> em dezembro de 2023. Isso representa um aumento de R$ 79.764. Observar tamb\u00e9m que se compararmos com o menor valor do per\u00edodo, a varia\u00e7\u00e3o acumulada \u00e9 de aproximadamente 38,73%, o que representa uma diferen\u00e7a de R$ 92.405. O maior pre\u00e7o nesse per\u00edodo foi de R$ 341.508 em junho de 2023 e o menor pre\u00e7o foi de R$ 238.594 em junho de 2020. No entanto, observa-se que a \u00faltima cota\u00e7\u00e3o encontrada na tabela foi de 19 meses atr\u00e1s, indicando que este modelo pode n\u00e3o estar mais dispon\u00edvel ou saiu de linha. Como se trata da an\u00e1lise de um modelo 0 km, \u00e9 comum ocorrer flutua\u00e7\u00f5es significativas nos pre\u00e7os que podem indicar fatores como modifica\u00e7\u00f5es em itens de s\u00e9rie, novo design, campanhas promocionais ou oscila\u00e7\u00f5es naturais do mercado. Veja mais detalhes a seguir.<\/p>\n<ul>\n<li>&#128197; <a href=\"#Historico\">Hist\u00f3rico<\/a><\/li>\n<li>&#128200; <a href=\"#GraficoPrecos\">Gr\u00e1fico de Pre\u00e7os<\/a><\/li>\n<li>&#128201; <a href=\"#GraficoDepreciacao\">Gr\u00e1fico de Deprecia\u00e7\u00f5es<\/a><\/li>\n<\/ul>\n<h2>Tabela BMW I3 BEV FULL 170cv Autom\u00e1tico El\u00e9trico 0 km<\/h2>\n<p>Tabela atual com os atributos de identifica\u00e7\u00e3o:<\/p>\n<table border='1' style='border-collapse: collapse; width: 100%;'>\n<thead>\n<tr>\n<th colspan='2' style='text-align: left;'>Identifica\u00e7\u00e3o Fipe<\/th>\n<\/tr>\n<\/thead>\n<tbody style='background-color: rgba(0, 128, 0, 0.1); color: black;'>\n<tr>\n<td>Marca<\/td>\n<td><strong>BMW<\/strong><\/td>\n<\/tr>\n<tr>\n<td>Modelo<\/td>\n<td><strong>i3 Bev Full 170cv Aut. (El\u00e9trico)<strong><\/td>\n<\/tr>\n<tr>\n<td>Ano\/Modelo<\/td>\n<td><strong>0 km<\/strong><\/td>\n<\/tr>\n<tr>\n<td>C\u00f3digo Fipe<\/td>\n<td>009254-1<\/td>\n<\/tr>\n<tr>\n<td>Combust\u00edvel<\/td>\n<td>Bateria recarreg\u00e1vel<\/td>\n<\/tr>\n<tr>\n<td>Refer\u00eancia<\/td>\n<td>dezembro de 2023<\/td>\n<\/tr>\n<tr>\n<td><strong>Pre\u00e7o<\/strong><\/td>\n<td><strong>R$ 330.999<\/strong><\/td>\n<\/tr>\n<\/tbody>\n<\/table>\n<h2 id='Historico'>Hist\u00f3rico Fipe<\/h2>\n<p>A tabela a seguir est\u00e1 no formato resumido e abrange os principais pre\u00e7os: m\u00ednimo, m\u00e1ximo e atual durante o per\u00edodo. As varia\u00e7\u00f5es acumuladas se referem ao per\u00edodo inicial, na primeira coluna, e ao menor pre\u00e7o do per\u00edodo, segunda coluna.<\/p>\n<table border='1' style='border-collapse: collapse; width: 100%;'>\n<th colspan='5' style='text-align: left;'>Hist\u00f3rico de pre\u00e7os com \u00edndices de varia\u00e7\u00e3o<\/th>\n<tr style='background-color: rgba(234, 234, 234, 0.1); color: black;'>\n<th>M\u00eas\/Ano<\/th>\n<th>Pre\u00e7o (R$)<\/th>\n<th>Varia\u00e7\u00e3o Mensal<\/th>\n<th colspan='2'>Varia\u00e7\u00e3o Acumulada<\/th>\n<\/tr>\n<tr >\n<td style='background-color: rgba(234, 234, 234, 0.1); color: black;'>12\/2019<\/td>\n<td style='background-color: rgba(234, 234, 234, 0.1); color: black;'>251.235<\/td>\n<td style='background-color: rgba(234, 234, 234, 0.1); color: black;'>0,00%<\/td>\n<td style='background-color: rgba(234, 234, 234, 0.1); color: black;'>0,00%<\/td>\n<td style='background-color: rgba(0, 128, 0, 0.1); color: black;'>5,30%<\/td>\n<\/tr>\n<tr style='border: 2px solid #003cff; font-weight: bold;'>\n<td style='background-color: rgba(255, 165, 0, 0.1); color: black;'>06\/2020<\/td>\n<td style='background-color: rgba(255, 165, 0, 0.1); color: black;'>238.594<\/td>\n<td style='background-color: rgba(255, 165, 0, 0.1); color: black;'>-1,74%<\/td>\n<td style='background-color: rgba(255, 165, 0, 0.1); color: black;'>-5,03%<\/td>\n<td style='background-color: rgba(234, 234, 234, 0.1); color: black;'>0,00%<\/td>\n<\/tr>\n<tr >\n<td style='background-color: rgba(0, 128, 0, 0.1); color: black;'>12\/2020<\/td>\n<td style='background-color: rgba(0, 128, 0, 0.1); color: black;'>264.858<\/td>\n<td style='background-color: rgba(0, 128, 0, 0.1); color: black;'>3,72%<\/td>\n<td style='background-color: rgba(0, 128, 0, 0.1); color: black;'>5,42%<\/td>\n<td style='background-color: rgba(0, 128, 0, 0.1); color: black;'>11,01%<\/td>\n<\/tr>\n<tr >\n<td style='background-color: rgba(0, 128, 0, 0.1); color: black;'>03\/2022<\/td>\n<td style='background-color: rgba(0, 128, 0, 0.1); color: black;'>340.117<\/td>\n<td style='background-color: rgba(0, 128, 0, 0.1); color: black;'>11,83%<\/td>\n<td style='background-color: rgba(0, 128, 0, 0.1); color: black;'>35,38%<\/td>\n<td style='background-color: rgba(0, 128, 0, 0.1); color: black;'>42,55%<\/td>\n<\/tr>\n<tr >\n<td style='background-color: rgba(0, 128, 0, 0.1); color: black;'>01\/2023<\/td>\n<td style='background-color: rgba(0, 128, 0, 0.1); color: black;'>340.107<\/td>\n<td style='background-color: rgba(0, 128, 0, 0.1); color: black;'>0,70%<\/td>\n<td style='background-color: rgba(0, 128, 0, 0.1); color: black;'>35,37%<\/td>\n<td style='background-color: rgba(0, 128, 0, 0.1); color: black;'>42,55%<\/td>\n<\/tr>\n<tr >\n<td style='background-color: rgba(0, 128, 0, 0.1); color: black;'>05\/2023<\/td>\n<td style='background-color: rgba(0, 128, 0, 0.1); color: black;'>340.919<\/td>\n<td style='background-color: rgba(255, 165, 0, 0.1); color: black;'>-0,03%<\/td>\n<td style='background-color: rgba(0, 128, 0, 0.1); color: black;'>35,70%<\/td>\n<td style='background-color: rgba(0, 128, 0, 0.1); color: black;'>42,89%<\/td>\n<\/tr>\n<tr style='border: 2px solid #003cff; font-weight: bold;'>\n<td style='background-color: rgba(0, 128, 0, 0.1); color: black;'>06\/2023<\/td>\n<td style='background-color: rgba(0, 128, 0, 0.1); color: black;'>341.508<\/td>\n<td style='background-color: rgba(0, 128, 0, 0.1); color: black;'>0,17%<\/td>\n<td style='background-color: rgba(0, 128, 0, 0.1); color: black;'>35,93%<\/td>\n<td style='background-color: rgba(0, 128, 0, 0.1); color: black;'>43,13%<\/td>\n<\/tr>\n<tr >\n<td style='background-color: rgba(0, 128, 0, 0.1); color: black;'>09\/2023<\/td>\n<td style='background-color: rgba(0, 128, 0, 0.1); color: black;'>339.866<\/td>\n<td style='background-color: rgba(255, 165, 0, 0.1); color: black;'>-0,42%<\/td>\n<td style='background-color: rgba(0, 128, 0, 0.1); color: black;'>35,28%<\/td>\n<td style='background-color: rgba(0, 128, 0, 0.1); color: black;'>42,45%<\/td>\n<\/tr>\n<tr >\n<td style='background-color: rgba(0, 128, 0, 0.1); color: black;'>10\/2023<\/td>\n<td style='background-color: rgba(0, 128, 0, 0.1); color: black;'>335.879<\/td>\n<td style='background-color: rgba(255, 165, 0, 0.1); color: black;'>-1,17%<\/td>\n<td style='background-color: rgba(0, 128, 0, 0.1); color: black;'>33,69%<\/td>\n<td style='background-color: rgba(0, 128, 0, 0.1); color: black;'>40,77%<\/td>\n<\/tr>\n<tr >\n<td style='background-color: rgba(0, 128, 0, 0.1); color: black;'>11\/2023<\/td>\n<td style='background-color: rgba(0, 128, 0, 0.1); color: black;'>332.291<\/td>\n<td style='background-color: rgba(255, 165, 0, 0.1); color: black;'>-1,07%<\/td>\n<td style='background-color: rgba(0, 128, 0, 0.1); color: black;'>32,26%<\/td>\n<td style='background-color: rgba(0, 128, 0, 0.1); color: black;'>39,27%<\/td>\n<\/tr>\n<tr style='border: 2px solid #003cff; font-weight: bold;'>\n<td style='background-color: rgba(0, 128, 0, 0.1); color: black;'>12\/2023<\/td>\n<td style='background-color: rgba(0, 128, 0, 0.1); color: black;'>330.999<\/td>\n<td style='background-color: rgba(255, 165, 0, 0.1); color: black;'>-0,39%<\/td>\n<td style='background-color: rgba(0, 128, 0, 0.1); color: black;'>31,75%<\/td>\n<td style='background-color: rgba(0, 128, 0, 0.1); color: black;'>38,73%<\/td>\n<\/tr>\n<\/table>\n<h2 id='GraficoPrecos'>Gr\u00e1fico de pre\u00e7os BMW i3 Bev Full 170cv Aut. (El\u00e9trico) 0km<\/h2>\n<p>A seguir, o gr\u00e1fico exibe as varia\u00e7\u00f5es nos pre\u00e7os ao longo do tempo escolhido, segundo os registros da Fipe.<\/p>\n<p><script type=\"text\/javascript\">\n        function loadGoogleCharts(callback) {\n        if (typeof google !== 'undefined' && google.charts) {\n        \/\/ Se a biblioteca j\u00e1 est\u00e1 carregada, chamar o callback diretamente\n        callback();\n        } else {\n        \/\/ Caso contr\u00e1rio, carregar o script\n        if (!document.getElementById('google-charts-script')) {\n        var script = document.createElement('script');\n        script.id = 'google-charts-script';\n        script.src = 'https:\/\/www.gstatic.com\/charts\/loader.js';\n        script.async = true;\n        script.onload = callback;\n        document.head.appendChild(script);\n        } else {\n        \/\/ Se o script j\u00e1 est\u00e1 em processo de carregamento, esperar at\u00e9 que carregue\n        document.getElementById('google-charts-script').addEventListener('load', callback);\n        }\n        }\n        }\n        function drawChart0() {\n        var largura = document.body.clientWidth - 20;\n        if (largura > 615) {\n        largura = 620;\n        }\n        google.charts.load('current', {'packages':['corechart'], 'language': 'pt'});\n        google.charts.setOnLoadCallback(function() {\n        var data = google.visualization.arrayToDataTable([\n        ['M\u00eas\/Ano', 'i3 Bev Full 170cv Aut. (El\u00e9trico) 0km'],\n        ['12\/2019', 251235.00],\n['06\/2020', 238594.00],\n['09\/2020', 255361.00],\n['06\/2021', 303816.00],\n['06\/2022', 339371.00],\n['01\/2023', 340107.00],\n['04\/2023', 341020.00],\n['06\/2023', 341508.00],\n['07\/2023', 341302.00],\n['10\/2023', 335879.00],\n['11\/2023', 332291.00],\n['12\/2023', 330999.00]\n        ]);\n        var options = {\n        title: 'FIPE BMW i3 Bev Full 170cv Aut. (El\u00e9trico) 0km',\n        titlePosition: 'top',\n        crosshair: { trigger: 'none', orientation: 'horizontal', opacity: 0.8 },\n        legend: { position: 'bottom', maxLines: 1, textStyle: { fontSize: 12 } },\n        chartArea: {width: '100%', height: '100%', left: 5, top: 20, right: 5, bottom: 25},\n        colors: [\"#00f\"],\n        series: {0: {lineWidth: 2, pointSize: 3, pointShape: \"circle\"}},\n        explorer: {\n        actions: ['dragToZoom', 'rightClickToReset'],\n        maxZoomIn: .15\n        },\n        hAxis: {\n        textPosition: 'in',\n        title: '',\n        viewWindowMode: 'explicit',\n        format: 'MM\/YYYY',\n        gridlines: {color: '#ebebf5'}\n        },\n        vAxis: {\n        textPosition: 'in',\n        title: '',\n        format: 'short',\n        viewWindowMode: 'explicit',\n        gridlines: {color: '#ebebf5'}\n        },\n        curveType: 'function',\n        width: largura,\n        height: 300,\n        backgroundColor: {stroke: 'blue', fill: '#f6f6fd', strokeWidth: 1}\n        };\n        var chart = new google.visualization.LineChart(document.getElementById('chart_div0'));\n        chart.draw(data, options);\n        });\n        }\n        \/\/ Carregar o script do Google Charts e iniciar o gr\u00e1fico espec\u00edfico\n        loadGoogleCharts(drawChart0);\n        <\/script><\/p>\n<div id=\"chart_div0\" style=\"min-height:300px;\"><\/div>\n<h2 id='GraficoDepreciacao'>Gr\u00e1fico da deprecia\u00e7\u00e3o BMW i3 Bev Full 170cv Aut. (El\u00e9trico) 0km<\/h2>\n<p>O gr\u00e1fico exibe a linha azul com a evolu\u00e7\u00e3o da cota\u00e7\u00e3o acumulada dos \u00faltimos meses e a linha laranja, que indica a m\u00e9dia acumulada do mercado no mesmo intervalo, abrangendo todas as marcas, categorias e modelos do mesmo ano, conforme a Fipe.<\/p>\n<p><script type=\"text\/javascript\">\n        function loadGoogleCharts(callback) {\n        if (typeof google !== 'undefined' && google.charts) {\n        \/\/ Se a biblioteca j\u00e1 est\u00e1 carregada, chamar o callback diretamente\n        callback();\n        } else {\n        \/\/ Caso contr\u00e1rio, carregar o script\n        if (!document.getElementById('google-charts-script')) {\n        var script = document.createElement('script');\n        script.id = 'google-charts-script';\n        script.src = 'https:\/\/www.gstatic.com\/charts\/loader.js';\n        script.async = true;\n        script.onload = callback;\n        document.head.appendChild(script);\n        } else {\n        \/\/ Se o script j\u00e1 est\u00e1 em processo de carregamento, esperar at\u00e9 que carregue\n        document.getElementById('google-charts-script').addEventListener('load', callback);\n        }\n        }\n        }\n        function drawChart1() {\n        var largura = document.body.clientWidth - 20;\n        if (largura > 615) {\n        largura = 620;\n        }\n        google.charts.load('current', {'packages':['corechart'], 'language': 'pt'});\n        google.charts.setOnLoadCallback(function() {\n        var data = google.visualization.arrayToDataTable([\n        ['M\u00eas\/Ano', 'i3 Bev Full 170cv Aut. (El\u00e9trico) 0km', 'Todos 0km'],\n        ['12\/2022', 0.00, 0.00],\n['01\/2023', 0.70, 0.43],\n['02\/2023', 0.63, 0.60],\n['03\/2023', 1.05, 0.55],\n['04\/2023', 0.97, 0.52],\n['05\/2023', 0.94, 1.23],\n['06\/2023', 1.12, 1.37],\n['07\/2023', 1.05, 1.04],\n['08\/2023', 1.05, 1.47],\n['09\/2023', 0.63, 0.87],\n['10\/2023', -0.55, 0.70],\n['11\/2023', -1.61, 0.68],\n['12\/2023', -2.00, 0.66]\n        ]);\n        var options = {\n        title: '(%) Varia\u00e7\u00e3o i3 Bev Full 170cv Aut. (El\u00e9trico) 0km vs M\u00e9dia Modelos 0km',\n        titlePosition: 'top',\n        crosshair: { trigger: 'none', orientation: 'horizontal', opacity: 0.8 },\n        legend: { position: 'bottom', maxLines: 1, textStyle: { fontSize: 12 } },\n        chartArea: {width: '100%', height: '100%', left: 5, top: 20, right: 5, bottom: 25},\n        colors: [\"#00f\",\"#ff7f2a\"],\n        series: {0: {lineWidth: 2, pointSize: 3, pointShape: \"circle\"}, 1: {lineWidth: 2, pointSize: 3, pointShape: \"circle\"}},\n        explorer: {\n        actions: ['dragToZoom', 'rightClickToReset'],\n        maxZoomIn: .15\n        },\n        hAxis: {\n        textPosition: 'in',\n        title: '',\n        viewWindowMode: 'explicit',\n        format: 'MM\/YYYY',\n        gridlines: {color: '#ebebf5'}\n        },\n        vAxis: {\n        textPosition: 'in',\n        title: '',\n        format: 'short',\n        viewWindowMode: 'explicit',\n        gridlines: {color: '#ebebf5'}\n        },\n        curveType: 'function',\n        width: largura,\n        height: 300,\n        backgroundColor: {stroke: 'blue', fill: '#f6f6fd', strokeWidth: 1}\n        };\n        var chart = new google.visualization.LineChart(document.getElementById('chart_div1'));\n        chart.draw(data, options);\n        });\n        }\n        \/\/ Carregar o script do Google Charts e iniciar o gr\u00e1fico espec\u00edfico\n        loadGoogleCharts(drawChart1);\n        <\/script><\/p>\n<div id=\"chart_div1\" style=\"min-height:300px;\"><\/div>\n<p>As varia\u00e7\u00f5es apresentadas podem ser afetadas por diversos fatores, como o segmento do modelo, a fabricante e o contexto econ\u00f4mico do mercado.<\/p>\n<p><strong>Anos de fabrica\u00e7\u00e3o dispon\u00edveis deste modelo:<\/strong><\/p>\n<ul>\n<li><a href='\/fipec\/preco-tabela-fipe-bmw-i3-bev-full-170cv-automatico-eletrico-2020\/'><b>2020<\/b> &#8211; El\u00e9: 147.810<\/a><\/li>\n<li><a href='\/fipec\/preco-tabela-fipe-bmw-i3-bev-full-170cv-automatico-eletrico-2021\/'><b>2021<\/b> &#8211; El\u00e9: 156.120<\/a><\/li>\n<li><a href='\/fipec\/preco-tabela-fipe-bmw-i3-bev-full-170cv-automatico-eletrico-2022\/'><b>2022<\/b> &#8211; El\u00e9: 160.303<\/a><\/li>\n<\/ul>\n<p><strong>Veja tamb\u00e9m:<\/strong><\/p>\n<ul>\n<li>&#128073; <a href=\"https:\/\/motos-motor.com.br\/fipec\/preco-tabela-fipe-bmw-x5-xdrive-30d-3-0-diesel-2020\/\">BMW X5 Xdrive 30D 3.0 Diesel 2020<\/a> acumula queda de 33,27%<\/li>\n<li>&#128073; <a href=\"https:\/\/motos-motor.com.br\/fipec\/preco-tabela-fipe-bmw-i3-rex-e-drive-full-170cv-automatico-eletrico-0km\/\">BMW I3 REX E Drive FULL 170cv Autom\u00e1tico El\u00e9trico 0km<\/a> registra 4 quedas consecutivas<\/li>\n<li>&#128073; <a href=\"https:\/\/motos-motor.com.br\/fipec\/preco-tabela-fipe-porsche-911-carrera-4s-coupe-4-3-6-3-8-2005-gas\/\">Porsche 911 Carrera 4S Coupe-4 3.6\/3.8 2005<\/a> reduziu 0,50% no \u00faltimo m\u00eas, mas ainda acumula alta de 68,05%<\/li>\n<li>&#128073; <a href=\"https:\/\/motos-motor.com.br\/fipec\/preco-tabela-fipe-audi-s7-4-0-tfsi-420-450cv-quattro-s-tronic-2016-gas\/\">Audi S7 4.0 TFSI 420\/450cv Quattro S-Tronic 2016<\/a> caiu 0,35% no \u00faltimo m\u00eas e acumula queda de 10,27%<\/li>\n<\/ul>\n","protected":false},"excerpt":{"rendered":"<p>O pre\u00e7o na tabela do modelo BMW I3 BEV FULL 170cv Autom\u00e1tico El\u00e9trico 0 km \u00e9 de R$ 330.999, segundo dados da Tabela Fipe. No hist\u00f3rico de pre\u00e7os mais recentes, \u00e9 poss\u00edvel notar que este modelo obteve uma valoriza\u00e7\u00e3o acumulada de 31,75% entre dezembro de 2019 e dezembro de 2023: Em dezembro de 2019 o pre\u00e7o era de R$ 251.235 passando para R$&#8230;<\/p>\n","protected":false},"author":1,"featured_media":5346,"comment_status":"closed","ping_status":"closed","sticky":false,"template":"","format":"standard","meta":{"footnotes":""},"categories":[15578,15137,15136,15830],"tags":[15162,15776,15513],"class_list":["post-106098","post","type-post","status-publish","format-standard","has-post-thumbnail","hentry","category-bmw","category-carros","category-fipe","category-i3-bev-full-170cv-automatico-eletrico","tag-0km","tag-125-kw","tag-eletrico"],"_links":{"self":[{"href":"https:\/\/motos-motor.com.br\/fipec\/wp-json\/wp\/v2\/posts\/106098","targetHints":{"allow":["GET"]}}],"collection":[{"href":"https:\/\/motos-motor.com.br\/fipec\/wp-json\/wp\/v2\/posts"}],"about":[{"href":"https:\/\/motos-motor.com.br\/fipec\/wp-json\/wp\/v2\/types\/post"}],"author":[{"embeddable":true,"href":"https:\/\/motos-motor.com.br\/fipec\/wp-json\/wp\/v2\/users\/1"}],"replies":[{"embeddable":true,"href":"https:\/\/motos-motor.com.br\/fipec\/wp-json\/wp\/v2\/comments?post=106098"}],"version-history":[{"count":0,"href":"https:\/\/motos-motor.com.br\/fipec\/wp-json\/wp\/v2\/posts\/106098\/revisions"}],"wp:featuredmedia":[{"embeddable":true,"href":"https:\/\/motos-motor.com.br\/fipec\/wp-json\/wp\/v2\/media\/5346"}],"wp:attachment":[{"href":"https:\/\/motos-motor.com.br\/fipec\/wp-json\/wp\/v2\/media?parent=106098"}],"wp:term":[{"taxonomy":"category","embeddable":true,"href":"https:\/\/motos-motor.com.br\/fipec\/wp-json\/wp\/v2\/categories?post=106098"},{"taxonomy":"post_tag","embeddable":true,"href":"https:\/\/motos-motor.com.br\/fipec\/wp-json\/wp\/v2\/tags?post=106098"}],"curies":[{"name":"wp","href":"https:\/\/api.w.org\/{rel}","templated":true}]}}