{"id":111348,"date":"2024-11-26T02:35:42","date_gmt":"2024-11-26T02:35:42","guid":{"rendered":"https:\/\/motos-motor.com.br\/fipec\/preco-tabela-fipe-jaguar-f-pace-3-0-r-dynamic-se-awd-340cv-hibrido-0km"},"modified":"2025-07-14T16:45:02","modified_gmt":"2025-07-14T16:45:02","slug":"preco-tabela-fipe-jaguar-f-pace-3-0-r-dynamic-se-awd-340cv-hibrido-0km","status":"publish","type":"post","link":"https:\/\/motos-motor.com.br\/fipec\/preco-tabela-fipe-jaguar-f-pace-3-0-r-dynamic-se-awd-340cv-hibrido-0km\/","title":{"rendered":"Tabela Fipe F-Pace 3.0 R-Dynamic SE AWD 340cv H\u00edbrido 0 km"},"content":{"rendered":"<p>O pre\u00e7o na tabela do modelo Jaguar F-Pace 3.0 R-Dynamic SE AWD 340cv H\u00edbrido 0 km (utiliza dois tipos de motores) \u00e9 de <strong>R$ 593.431<\/strong>, segundo dados da Tabela Fipe. No hist\u00f3rico de pre\u00e7os mais recentes, \u00e9 poss\u00edvel notar que este modelo obteve uma desvaloriza\u00e7\u00e3o acumulada de -6,55% entre dezembro de 2023 e agosto de 2024: Em dezembro de 2023 o pre\u00e7o era de R$ 635.025 passando para <span itemprop='price' content='593431'>R$ 593.431<\/span> em agosto de 2024. Isso representa uma queda de R$ 41.594. O maior pre\u00e7o nesse per\u00edodo foi de R$ 637.262 em junho de 2024 e o menor pre\u00e7o foi de R$ 593.431 em agosto de 2024. No entanto, observa-se que a \u00faltima cota\u00e7\u00e3o encontrada na tabela foi de 11 meses atr\u00e1s, indicando que este modelo pode n\u00e3o estar mais dispon\u00edvel ou saiu de linha. Como se trata da an\u00e1lise de um modelo 0 km, \u00e9 comum ocorrer flutua\u00e7\u00f5es significativas nos pre\u00e7os que podem indicar fatores como modifica\u00e7\u00f5es em itens de s\u00e9rie, novo design, campanhas promocionais ou oscila\u00e7\u00f5es naturais do mercado. Veja mais a seguir.<\/p>\n<ul>\n<li>&#128197; <a href=\"#Historico\">Hist\u00f3rico<\/a><\/li>\n<li>&#128200; <a href=\"#GraficoPrecos\">Gr\u00e1fico de Pre\u00e7os<\/a><\/li>\n<li>&#128201; <a href=\"#GraficoDepreciacao\">Gr\u00e1fico de Deprecia\u00e7\u00f5es<\/a><\/li>\n<\/ul>\n<h2>Tabela Jaguar F-Pace 3.0 R-Dynamic SE AWD 340cv H\u00edbrido 0 km<\/h2>\n<p>Tabela atual com os atributos de identifica\u00e7\u00e3o:<\/p>\n<table border='1' style='border-collapse: collapse; width: 100%;'>\n<thead>\n<tr>\n<th colspan='2' style='text-align: left;'>Identifica\u00e7\u00e3o Fipe<\/th>\n<\/tr>\n<\/thead>\n<tbody style='background-color: rgba(0, 128, 0, 0.1); color: black;'>\n<tr>\n<td>Marca<\/td>\n<td><strong>Jaguar<\/strong><\/td>\n<\/tr>\n<tr>\n<td>Modelo<\/td>\n<td><strong>F-Pace 3.0 R-Dyn.SE AWD 340cv (H\u00edbrido)<strong><\/td>\n<\/tr>\n<tr>\n<td>Ano\/Modelo<\/td>\n<td><strong>0 km<\/strong><\/td>\n<\/tr>\n<tr>\n<td>C\u00f3digo Fipe<\/td>\n<td>016083-0<\/td>\n<\/tr>\n<tr>\n<td>Combust\u00edvel<\/td>\n<td>H\u00edbrido<\/td>\n<\/tr>\n<tr>\n<td>Cilindrada\/Motor<\/td>\n<td>3 l*<\/td>\n<\/tr>\n<tr>\n<td>Refer\u00eancia<\/td>\n<td>agosto de 2024<\/td>\n<\/tr>\n<tr>\n<td><strong>Pre\u00e7o<\/strong><\/td>\n<td><strong>R$ 593.431<\/strong><\/td>\n<\/tr>\n<\/tbody>\n<\/table>\n<h2 id='Historico'>Hist\u00f3rico Fipe<\/h2>\n<p>A seguir, a tabela resume os dados de pre\u00e7os, incluindo os valores m\u00ednimo, m\u00e1ximo e atual ao longo do per\u00edodo. As varia\u00e7\u00f5es acumuladas s\u00e3o baseadas tanto no in\u00edcio do per\u00edodo (primeira coluna) quanto no pre\u00e7o mais baixo registrado (segunda coluna).<\/p>\n<table border='1' style='border-collapse: collapse; width: 100%;'>\n<th colspan='5' style='text-align: left;'>Hist\u00f3rico de pre\u00e7os com \u00edndices de varia\u00e7\u00e3o<\/th>\n<tr style='background-color: rgba(234, 234, 234, 0.1); color: black;'>\n<th>M\u00eas\/Ano<\/th>\n<th>Pre\u00e7o (R$)<\/th>\n<th>Varia\u00e7\u00e3o Mensal<\/th>\n<th colspan='2'>Varia\u00e7\u00e3o Acumulada<\/th>\n<\/tr>\n<tr >\n<td style='background-color: rgba(234, 234, 234, 0.1); color: black;'>12\/2023<\/td>\n<td style='background-color: rgba(234, 234, 234, 0.1); color: black;'>635.025<\/td>\n<td style='background-color: rgba(234, 234, 234, 0.1); color: black;'>0,00%<\/td>\n<td style='background-color: rgba(234, 234, 234, 0.1); color: black;'>0,00%<\/td>\n<td style='background-color: rgba(0, 128, 0, 0.1); color: black;'>7,01%<\/td>\n<\/tr>\n<tr >\n<td style='background-color: rgba(255, 165, 0, 0.1); color: black;'>04\/2024<\/td>\n<td style='background-color: rgba(255, 165, 0, 0.1); color: black;'>628.950<\/td>\n<td style='background-color: rgba(234, 234, 234, 0.1); color: black;'>0,00%<\/td>\n<td style='background-color: rgba(255, 165, 0, 0.1); color: black;'>-0,96%<\/td>\n<td style='background-color: rgba(0, 128, 0, 0.1); color: black;'>5,99%<\/td>\n<\/tr>\n<tr style='border: 2px solid #003cff; font-weight: bold;'>\n<td style='background-color: rgba(0, 128, 0, 0.1); color: black;'>06\/2024<\/td>\n<td style='background-color: rgba(0, 128, 0, 0.1); color: black;'>637.262<\/td>\n<td style='background-color: rgba(0, 128, 0, 0.1); color: black;'>1,08%<\/td>\n<td style='background-color: rgba(0, 128, 0, 0.1); color: black;'>0,35%<\/td>\n<td style='background-color: rgba(0, 128, 0, 0.1); color: black;'>7,39%<\/td>\n<\/tr>\n<tr >\n<td style='background-color: rgba(255, 165, 0, 0.1); color: black;'>07\/2024<\/td>\n<td style='background-color: rgba(255, 165, 0, 0.1); color: black;'>614.956<\/td>\n<td style='background-color: rgba(255, 165, 0, 0.1); color: black;'>-3,50%<\/td>\n<td style='background-color: rgba(255, 165, 0, 0.1); color: black;'>-3,16%<\/td>\n<td style='background-color: rgba(0, 128, 0, 0.1); color: black;'>3,63%<\/td>\n<\/tr>\n<tr style='border: 2px solid #003cff; font-weight: bold;'>\n<td style='background-color: rgba(255, 165, 0, 0.1); color: black;'>08\/2024<\/td>\n<td style='background-color: rgba(255, 165, 0, 0.1); color: black;'>593.431<\/td>\n<td style='background-color: rgba(255, 165, 0, 0.1); color: black;'>-3,50%<\/td>\n<td style='background-color: rgba(255, 165, 0, 0.1); color: black;'>-6,55%<\/td>\n<td style='background-color: rgba(234, 234, 234, 0.1); color: black;'>0,00%<\/td>\n<\/tr>\n<\/table>\n<h2 id='GraficoPrecos'>Gr\u00e1fico de pre\u00e7os Jaguar F-Pace 3.0 R-Dyn.SE AWD 340cv (H\u00edbrido) 0km<\/h2>\n<p>As varia\u00e7\u00f5es de pre\u00e7o ao longo do per\u00edodo analisado est\u00e3o representadas no gr\u00e1fico a seguir, de acordo com os dados da Fipe.<\/p>\n<p><script type=\"text\/javascript\">\n        function loadGoogleCharts(callback) {\n        if (typeof google !== 'undefined' && google.charts) {\n        \/\/ Se a biblioteca j\u00e1 est\u00e1 carregada, chamar o callback diretamente\n        callback();\n        } else {\n        \/\/ Caso contr\u00e1rio, carregar o script\n        if (!document.getElementById('google-charts-script')) {\n        var script = document.createElement('script');\n        script.id = 'google-charts-script';\n        script.src = 'https:\/\/www.gstatic.com\/charts\/loader.js';\n        script.async = true;\n        script.onload = callback;\n        document.head.appendChild(script);\n        } else {\n        \/\/ Se o script j\u00e1 est\u00e1 em processo de carregamento, esperar at\u00e9 que carregue\n        document.getElementById('google-charts-script').addEventListener('load', callback);\n        }\n        }\n        }\n        function drawChart0() {\n        var largura = document.body.clientWidth - 20;\n        if (largura > 615) {\n        largura = 620;\n        }\n        google.charts.load('current', {'packages':['corechart'], 'language': 'pt'});\n        google.charts.setOnLoadCallback(function() {\n        var data = google.visualization.arrayToDataTable([\n        ['M\u00eas\/Ano', 'F-Pace 3.0 R-Dyn.SE AWD 340cv (H\u00edbrido) 0km'],\n        ['12\/2023', 635025.00],\n['03\/2024', 628950.00],\n['06\/2024', 637262.00],\n['07\/2024', 614956.00],\n['08\/2024', 593431.00]\n        ]);\n        var options = {\n        title: 'FIPE Jaguar F-Pace 3.0 R-Dyn.SE AWD 340cv (H\u00edbrido) 0km',\n        titlePosition: 'top',\n        crosshair: { trigger: 'none', orientation: 'horizontal', opacity: 0.8 },\n        legend: { position: 'bottom', maxLines: 1, textStyle: { fontSize: 12 } },\n        chartArea: {width: '100%', height: '100%', left: 5, top: 20, right: 5, bottom: 25},\n        colors: [\"#00f\"],\n        series: {0: {lineWidth: 2, pointSize: 3, pointShape: \"circle\"}},\n        explorer: {\n        actions: ['dragToZoom', 'rightClickToReset'],\n        maxZoomIn: .15\n        },\n        hAxis: {\n        textPosition: 'in',\n        title: '',\n        viewWindowMode: 'explicit',\n        format: 'MM\/YYYY',\n        gridlines: {color: '#ebebf5'}\n        },\n        vAxis: {\n        textPosition: 'in',\n        title: '',\n        format: 'short',\n        viewWindowMode: 'explicit',\n        gridlines: {color: '#ebebf5'}\n        },\n        curveType: 'function',\n        width: largura,\n        height: 300,\n        backgroundColor: {stroke: 'blue', fill: '#f6f6fd', strokeWidth: 1}\n        };\n        var chart = new google.visualization.LineChart(document.getElementById('chart_div0'));\n        chart.draw(data, options);\n        });\n        }\n        \/\/ Carregar o script do Google Charts e iniciar o gr\u00e1fico espec\u00edfico\n        loadGoogleCharts(drawChart0);\n        <\/script><\/p>\n<div id=\"chart_div0\" style=\"min-height:300px;\"><\/div>\n<h2 id='GraficoDepreciacao'>Gr\u00e1fico da deprecia\u00e7\u00e3o Jaguar F-Pace 3.0 R-Dyn.SE AWD 340cv (H\u00edbrido) 0km<\/h2>\n<p>No gr\u00e1fico a seguir, pode-se visualizar as varia\u00e7\u00f5es acumuladas nos \u00faltimos meses de cota\u00e7\u00e3o (linha azul) em rela\u00e7\u00e3o \u00e0s varia\u00e7\u00f5es m\u00e9dias acumaladas no mesmo per\u00edodo para todos os modelos, de todas as marcas e categorias do mesmo ano de fabrica\u00e7\u00e3o (linha laranja), conforme os dados da Fipe.<\/p>\n<p><script type=\"text\/javascript\">\n        function loadGoogleCharts(callback) {\n        if (typeof google !== 'undefined' && google.charts) {\n        \/\/ Se a biblioteca j\u00e1 est\u00e1 carregada, chamar o callback diretamente\n        callback();\n        } else {\n        \/\/ Caso contr\u00e1rio, carregar o script\n        if (!document.getElementById('google-charts-script')) {\n        var script = document.createElement('script');\n        script.id = 'google-charts-script';\n        script.src = 'https:\/\/www.gstatic.com\/charts\/loader.js';\n        script.async = true;\n        script.onload = callback;\n        document.head.appendChild(script);\n        } else {\n        \/\/ Se o script j\u00e1 est\u00e1 em processo de carregamento, esperar at\u00e9 que carregue\n        document.getElementById('google-charts-script').addEventListener('load', callback);\n        }\n        }\n        }\n        function drawChart1() {\n        var largura = document.body.clientWidth - 20;\n        if (largura > 615) {\n        largura = 620;\n        }\n        google.charts.load('current', {'packages':['corechart'], 'language': 'pt'});\n        google.charts.setOnLoadCallback(function() {\n        var data = google.visualization.arrayToDataTable([\n        ['M\u00eas\/Ano', 'F-Pace 3.0 R-Dyn.SE AWD 340cv (H\u00edbrido) 0km', 'Todos 0km'],\n        ['12\/2023', 0.00, 0.00],\n['01\/2024', -0.96, -0.19],\n['02\/2024', -0.96, 0.17],\n['03\/2024', -0.96, -0.25],\n['04\/2024', -0.96, -0.26],\n['05\/2024', -0.72, -0.16],\n['06\/2024', 0.35, 0.20],\n['07\/2024', -3.16, 0.06],\n['08\/2024', -6.55, 0.33]\n        ]);\n        var options = {\n        title: '(%) Varia\u00e7\u00e3o F-Pace 3.0 R-Dyn.SE AWD 340cv (H\u00edbrido) 0km vs M\u00e9dia Modelos 0km',\n        titlePosition: 'top',\n        crosshair: { trigger: 'none', orientation: 'horizontal', opacity: 0.8 },\n        legend: { position: 'bottom', maxLines: 1, textStyle: { fontSize: 12 } },\n        chartArea: {width: '100%', height: '100%', left: 5, top: 20, right: 5, bottom: 25},\n        colors: [\"#00f\",\"#ff7f2a\"],\n        series: {0: {lineWidth: 2, pointSize: 3, pointShape: \"circle\"}, 1: {lineWidth: 2, pointSize: 3, pointShape: \"circle\"}},\n        explorer: {\n        actions: ['dragToZoom', 'rightClickToReset'],\n        maxZoomIn: .15\n        },\n        hAxis: {\n        textPosition: 'in',\n        title: '',\n        viewWindowMode: 'explicit',\n        format: 'MM\/YYYY',\n        gridlines: {color: '#ebebf5'}\n        },\n        vAxis: {\n        textPosition: 'in',\n        title: '',\n        format: 'short',\n        viewWindowMode: 'explicit',\n        gridlines: {color: '#ebebf5'}\n        },\n        curveType: 'function',\n        width: largura,\n        height: 300,\n        backgroundColor: {stroke: 'blue', fill: '#f6f6fd', strokeWidth: 1}\n        };\n        var chart = new google.visualization.LineChart(document.getElementById('chart_div1'));\n        chart.draw(data, options);\n        });\n        }\n        \/\/ Carregar o script do Google Charts e iniciar o gr\u00e1fico espec\u00edfico\n        loadGoogleCharts(drawChart1);\n        <\/script><\/p>\n<div id=\"chart_div1\" style=\"min-height:300px;\"><\/div>\n<p>Vale destacar que elementos como a marca, a categoria e o cen\u00e1rio de mercado influenciam nos resultados dessas varia\u00e7\u00f5es.<\/p>\n<p><strong>Anos de fabrica\u00e7\u00e3o dispon\u00edveis deste modelo:<\/strong><\/p>\n<ul>\n<li><a href='\/fipec\/preco-tabela-fipe-jaguar-f-pace-3-0-r-dynamic-se-awd-340cv-hibrido-2023\/'><b>2023<\/b> &#8211; H\u00edb: 439.081<\/a><\/li>\n<\/ul>\n<p><strong>Veja tamb\u00e9m:<\/strong><\/p>\n<ul>\n<li>&#128073; <a href=\"https:\/\/motos-motor.com.br\/fipec\/preco-tabela-fipe-porsche-911-carrera-4s-coupe-3-0-991-992-2017-gas\/\">Porsche 911 Carrera 4S Coupe 3.0 991\/992 2017<\/a> teve queda de 0,50% no \u00faltimo m\u00eas, mas ainda acumula alta de 1,45%<\/li>\n<li>&#128073; Caindo: <a href=\"https:\/\/motos-motor.com.br\/fipec\/preco-tabela-fipe-mercedes-benz-glc-43-amg-4matic-2-0-turbo-automatico-hib-2024-gas\/\">Mercedes-Benz GLC-43 AMG 4matic 2.0 Turbo Autom\u00e1tico H\u00cdB . 2024<\/a> registra 9 baixas consecutivas<\/li>\n<li>&#128073; <a href=\"https:\/\/motos-motor.com.br\/fipec\/preco-tabela-fipe-porsche-911-carrera-4-gts-targa-3-8-24v-991-2015-gas\/\">Porsche 911 Carrera 4 GTS Targa 3.8 24v 991 2015<\/a> desvalorizou 0,35% no \u00faltimo m\u00eas, mas ainda acumula alta de 9,50%<\/li>\n<li>&#128073; <a href=\"https:\/\/motos-motor.com.br\/fipec\/preco-tabela-fipe-porsche-cayenne-3-0-v6-hibrido-2023\/\">Porsche Cayenne 3.0 V6 H\u00edbrido 2023<\/a> reduziu 0,37% no \u00faltimo m\u00eas e acumula queda de 13,64%<\/li>\n<\/ul>\n","protected":false},"excerpt":{"rendered":"<p>O pre\u00e7o na tabela do modelo Jaguar F-Pace 3.0 R-Dynamic SE AWD 340cv H\u00edbrido 0 km (utiliza dois tipos de motores) \u00e9 de R$ 593.431, segundo dados da Tabela Fipe. No hist\u00f3rico de pre\u00e7os mais recentes, \u00e9 poss\u00edvel notar que este modelo obteve uma desvaloriza\u00e7\u00e3o acumulada de -6,55% entre dezembro de 2023 e agosto de 2024: Em dezembro de 2023 o&#8230;<\/p>\n","protected":false},"author":1,"featured_media":1584,"comment_status":"closed","ping_status":"closed","sticky":false,"template":"","format":"standard","meta":{"footnotes":""},"categories":[15137,18431,15136,18347],"tags":[15162,15152,15543],"class_list":["post-111348","post","type-post","status-publish","format-standard","has-post-thumbnail","hentry","category-carros","category-f-pace-3-0-r-dynamic-se-awd-340cv-hibrido","category-fipe","category-jaguar","tag-0km","tag-3-l","tag-hibrido"],"_links":{"self":[{"href":"https:\/\/motos-motor.com.br\/fipec\/wp-json\/wp\/v2\/posts\/111348","targetHints":{"allow":["GET"]}}],"collection":[{"href":"https:\/\/motos-motor.com.br\/fipec\/wp-json\/wp\/v2\/posts"}],"about":[{"href":"https:\/\/motos-motor.com.br\/fipec\/wp-json\/wp\/v2\/types\/post"}],"author":[{"embeddable":true,"href":"https:\/\/motos-motor.com.br\/fipec\/wp-json\/wp\/v2\/users\/1"}],"replies":[{"embeddable":true,"href":"https:\/\/motos-motor.com.br\/fipec\/wp-json\/wp\/v2\/comments?post=111348"}],"version-history":[{"count":0,"href":"https:\/\/motos-motor.com.br\/fipec\/wp-json\/wp\/v2\/posts\/111348\/revisions"}],"wp:featuredmedia":[{"embeddable":true,"href":"https:\/\/motos-motor.com.br\/fipec\/wp-json\/wp\/v2\/media\/1584"}],"wp:attachment":[{"href":"https:\/\/motos-motor.com.br\/fipec\/wp-json\/wp\/v2\/media?parent=111348"}],"wp:term":[{"taxonomy":"category","embeddable":true,"href":"https:\/\/motos-motor.com.br\/fipec\/wp-json\/wp\/v2\/categories?post=111348"},{"taxonomy":"post_tag","embeddable":true,"href":"https:\/\/motos-motor.com.br\/fipec\/wp-json\/wp\/v2\/tags?post=111348"}],"curies":[{"name":"wp","href":"https:\/\/api.w.org\/{rel}","templated":true}]}}