{"id":117988,"date":"2025-06-30T01:03:16","date_gmt":"2025-06-30T01:03:16","guid":{"rendered":"https:\/\/motos-motor.com.br\/fipec\/preco-tabela-fipe-mercedes-benz-eqe-350-mais-amg-line-eletrico-0km-ele"},"modified":"2026-04-03T18:00:34","modified_gmt":"2026-04-03T18:00:34","slug":"preco-tabela-fipe-mercedes-benz-eqe-350-mais-amg-line-eletrico-0km-ele","status":"publish","type":"post","link":"https:\/\/motos-motor.com.br\/fipec\/preco-tabela-fipe-mercedes-benz-eqe-350-mais-amg-line-eletrico-0km-ele\/","title":{"rendered":"Tabela Fipe EQE 350+ AMG Line (El\u00e9trico)  0 km El\u00e9trico"},"content":{"rendered":"<p>O pre\u00e7o na tabela do modelo Mercedes-Benz EQE 350+ AMG Line (El\u00e9trico) 0 km \u00e9 de <strong>R$ 641.920<\/strong>, segundo dados da Tabela Fipe. No hist\u00f3rico de pre\u00e7os mais recentes, \u00e9 poss\u00edvel notar que este modelo obteve uma desvaloriza\u00e7\u00e3o acumulada de -0,46% entre agosto de 2025 e abril de 2026: Em agosto de 2025 o pre\u00e7o era de R$ 644.907 passando para <span itemprop='price' content='641920'>R$ 641.920<\/span> em abril de 2026. Isso representa uma queda de R$ 2.987. O maior pre\u00e7o nesse per\u00edodo foi de R$ 649.900 em setembro de 2025 e o menor pre\u00e7o foi de R$ 641.920 em mar\u00e7o de 2026. Como se trata da an\u00e1lise de um modelo 0 km, \u00e9 comum ocorrer flutua\u00e7\u00f5es significativas nos pre\u00e7os que podem indicar fatores como modifica\u00e7\u00f5es em itens de s\u00e9rie, novo design, campanhas promocionais ou oscila\u00e7\u00f5es naturais do mercado. Confira mais detalhes a seguir.<\/p>\n<ul>\n<li>&#128197; <a href=\"#Historico\">Hist\u00f3rico<\/a><\/li>\n<li>&#128200; <a href=\"#GraficoPrecos\">Gr\u00e1fico de Pre\u00e7os<\/a><\/li>\n<li>&#128201; <a href=\"#GraficoDepreciacao\">Gr\u00e1fico de Deprecia\u00e7\u00f5es<\/a><\/li>\n<\/ul>\n<h2>Tabela Mercedes-Benz EQE 350+ AMG Line (El\u00e9trico) 0 km<\/h2>\n<p>Tabela atual com os atributos de identifica\u00e7\u00e3o:<\/p>\n<table border='1' style='border-collapse: collapse; width: 100%;'>\n<thead>\n<tr>\n<th colspan='2' style='text-align: left;'>Identifica\u00e7\u00e3o Fipe<\/th>\n<\/tr>\n<\/thead>\n<tbody style='background-color: rgba(0, 128, 0, 0.1); color: black;'>\n<tr>\n<td>Marca<\/td>\n<td><strong>Mercedes-Benz<\/strong><\/td>\n<\/tr>\n<tr>\n<td>Modelo<\/td>\n<td><strong>EQE 350+ AMG Line (El\u00e9trico) <strong><\/td>\n<\/tr>\n<tr>\n<td>Ano\/Modelo<\/td>\n<td><strong>0 km<\/strong><\/td>\n<\/tr>\n<tr>\n<td>C\u00f3digo Fipe<\/td>\n<td>021556-2<\/td>\n<\/tr>\n<tr>\n<td>Combust\u00edvel<\/td>\n<td>Bateria recarreg\u00e1vel<\/td>\n<\/tr>\n<tr>\n<td>Refer\u00eancia<\/td>\n<td>abril de 2026<\/td>\n<\/tr>\n<tr>\n<td><strong>Pre\u00e7o<\/strong><\/td>\n<td><strong>R$ 641.920<\/strong><\/td>\n<\/tr>\n<\/tbody>\n<\/table>\n<h2 id='Historico'>Hist\u00f3rico Fipe<\/h2>\n<p>Nesta tabela resumida, s\u00e3o exibidos os pre\u00e7os chave do per\u00edodo analisado: o menor, o maior e o atual. As varia\u00e7\u00f5es acumuladas consideram o valor inicial da s\u00e9rie (coluna um) e o ponto mais baixo observado (coluna dois).<\/p>\n<table border='1' style='border-collapse: collapse; width: 100%;'>\n<th colspan='5' style='text-align: left;'>Hist\u00f3rico de pre\u00e7os com \u00edndices de varia\u00e7\u00e3o<\/th>\n<tr style='background-color: rgba(234, 234, 234, 0.1); color: black;'>\n<th>M\u00eas\/Ano<\/th>\n<th>Pre\u00e7o (R$)<\/th>\n<th>Varia\u00e7\u00e3o Mensal<\/th>\n<th colspan='2'>Varia\u00e7\u00e3o Acumulada<\/th>\n<\/tr>\n<tr >\n<td style='background-color: rgba(234, 234, 234, 0.1); color: black;'>08\/2025<\/td>\n<td style='background-color: rgba(234, 234, 234, 0.1); color: black;'>644.907<\/td>\n<td style='background-color: rgba(234, 234, 234, 0.1); color: black;'>0,00%<\/td>\n<td style='background-color: rgba(234, 234, 234, 0.1); color: black;'>0,00%<\/td>\n<td style='background-color: rgba(0, 128, 0, 0.1); color: black;'>0,47%<\/td>\n<\/tr>\n<tr style='border: 2px solid #003cff; font-weight: bold;'>\n<td style='background-color: rgba(0, 128, 0, 0.1); color: black;'>09\/2025<\/td>\n<td style='background-color: rgba(0, 128, 0, 0.1); color: black;'>649.900<\/td>\n<td style='background-color: rgba(0, 128, 0, 0.1); color: black;'>0,77%<\/td>\n<td style='background-color: rgba(0, 128, 0, 0.1); color: black;'>0,77%<\/td>\n<td style='background-color: rgba(0, 128, 0, 0.1); color: black;'>1,24%<\/td>\n<\/tr>\n<tr style='border: 2px solid #003cff; font-weight: bold;'>\n<td style='background-color: rgba(0, 128, 0, 0.1); color: black;'>10\/2025<\/td>\n<td style='background-color: rgba(0, 128, 0, 0.1); color: black;'>649.900<\/td>\n<td style='background-color: rgba(234, 234, 234, 0.1); color: black;'>0,00%<\/td>\n<td style='background-color: rgba(0, 128, 0, 0.1); color: black;'>0,77%<\/td>\n<td style='background-color: rgba(0, 128, 0, 0.1); color: black;'>1,24%<\/td>\n<\/tr>\n<tr style='border: 2px solid #003cff; font-weight: bold;'>\n<td style='background-color: rgba(0, 128, 0, 0.1); color: black;'>11\/2025<\/td>\n<td style='background-color: rgba(0, 128, 0, 0.1); color: black;'>649.900<\/td>\n<td style='background-color: rgba(234, 234, 234, 0.1); color: black;'>0,00%<\/td>\n<td style='background-color: rgba(0, 128, 0, 0.1); color: black;'>0,77%<\/td>\n<td style='background-color: rgba(0, 128, 0, 0.1); color: black;'>1,24%<\/td>\n<\/tr>\n<tr style='border: 2px solid #003cff; font-weight: bold;'>\n<td style='background-color: rgba(0, 128, 0, 0.1); color: black;'>12\/2025<\/td>\n<td style='background-color: rgba(0, 128, 0, 0.1); color: black;'>649.900<\/td>\n<td style='background-color: rgba(234, 234, 234, 0.1); color: black;'>0,00%<\/td>\n<td style='background-color: rgba(0, 128, 0, 0.1); color: black;'>0,77%<\/td>\n<td style='background-color: rgba(0, 128, 0, 0.1); color: black;'>1,24%<\/td>\n<\/tr>\n<tr style='border: 2px solid #003cff; font-weight: bold;'>\n<td style='background-color: rgba(0, 128, 0, 0.1); color: black;'>01\/2026<\/td>\n<td style='background-color: rgba(0, 128, 0, 0.1); color: black;'>649.900<\/td>\n<td style='background-color: rgba(234, 234, 234, 0.1); color: black;'>0,00%<\/td>\n<td style='background-color: rgba(0, 128, 0, 0.1); color: black;'>0,77%<\/td>\n<td style='background-color: rgba(0, 128, 0, 0.1); color: black;'>1,24%<\/td>\n<\/tr>\n<tr style='border: 2px solid #003cff; font-weight: bold;'>\n<td style='background-color: rgba(0, 128, 0, 0.1); color: black;'>02\/2026<\/td>\n<td style='background-color: rgba(0, 128, 0, 0.1); color: black;'>649.900<\/td>\n<td style='background-color: rgba(234, 234, 234, 0.1); color: black;'>0,00%<\/td>\n<td style='background-color: rgba(0, 128, 0, 0.1); color: black;'>0,77%<\/td>\n<td style='background-color: rgba(0, 128, 0, 0.1); color: black;'>1,24%<\/td>\n<\/tr>\n<tr style='border: 2px solid #003cff; font-weight: bold;'>\n<td style='background-color: rgba(255, 165, 0, 0.1); color: black;'>03\/2026<\/td>\n<td style='background-color: rgba(255, 165, 0, 0.1); color: black;'>641.920<\/td>\n<td style='background-color: rgba(255, 165, 0, 0.1); color: black;'>-1,23%<\/td>\n<td style='background-color: rgba(255, 165, 0, 0.1); color: black;'>-0,46%<\/td>\n<td style='background-color: rgba(234, 234, 234, 0.1); color: black;'>0,00%<\/td>\n<\/tr>\n<tr style='border: 2px solid #003cff; font-weight: bold;'>\n<td style='background-color: rgba(255, 165, 0, 0.1); color: black;'>04\/2026<\/td>\n<td style='background-color: rgba(255, 165, 0, 0.1); color: black;'>641.920<\/td>\n<td style='background-color: rgba(234, 234, 234, 0.1); color: black;'>0,00%<\/td>\n<td style='background-color: rgba(255, 165, 0, 0.1); color: black;'>-0,46%<\/td>\n<td style='background-color: rgba(234, 234, 234, 0.1); color: black;'>0,00%<\/td>\n<\/tr>\n<\/table>\n<h2 id='GraficoPrecos'>Gr\u00e1fico de pre\u00e7os Mercedes-Benz EQE 350+ AMG Line (El\u00e9trico)  0km<\/h2>\n<p>O gr\u00e1fico a seguir apresenta a flutua\u00e7\u00e3o dos pre\u00e7os durante o per\u00edodo definido, com base nas estat\u00edsticas da Fipe.<\/p>\n<p><script type=\"text\/javascript\">\n        function loadGoogleCharts(callback) {\n        if (typeof google !== 'undefined' && google.charts) {\n        \/\/ Se a biblioteca j\u00e1 est\u00e1 carregada, chamar o callback diretamente\n        callback();\n        } else {\n        \/\/ Caso contr\u00e1rio, carregar o script\n        if (!document.getElementById('google-charts-script')) {\n        var script = document.createElement('script');\n        script.id = 'google-charts-script';\n        script.src = 'https:\/\/www.gstatic.com\/charts\/loader.js';\n        script.async = true;\n        script.onload = callback;\n        document.head.appendChild(script);\n        } else {\n        \/\/ Se o script j\u00e1 est\u00e1 em processo de carregamento, esperar at\u00e9 que carregue\n        document.getElementById('google-charts-script').addEventListener('load', callback);\n        }\n        }\n        }\n        function drawChart0() {\n        var largura = document.body.clientWidth - 20;\n        if (largura > 615) {\n        largura = 620;\n        }\n        google.charts.load('current', {'packages':['corechart'], 'language': 'pt'});\n        google.charts.setOnLoadCallback(function() {\n        var data = google.visualization.arrayToDataTable([\n        ['M\u00eas\/Ano', 'EQE 350+ AMG Line (El\u00e9trico)  0km'],\n        ['08\/2025', 644907.00],\n['09\/2025', 649900.00],\n['10\/2025', 649900.00],\n['11\/2025', 649900.00],\n['12\/2025', 649900.00],\n['01\/2026', 649900.00],\n['02\/2026', 649900.00],\n['03\/2026', 641920.00],\n['04\/2026', 641920.00]\n        ]);\n        var options = {\n        title: 'FIPE Mercedes-Benz EQE 350+ AMG Line (El\u00e9trico)  0km',\n        titlePosition: 'top',\n        crosshair: { trigger: 'none', orientation: 'horizontal', opacity: 0.8 },\n        legend: { position: 'bottom', maxLines: 1, textStyle: { fontSize: 12 } },\n        chartArea: {width: '100%', height: '100%', left: 5, top: 20, right: 5, bottom: 25},\n        colors: [\"#00f\"],\n        series: {0: {lineWidth: 2, pointSize: 3, pointShape: \"circle\"}},\n        explorer: {\n        actions: ['dragToZoom', 'rightClickToReset'],\n        maxZoomIn: .15\n        },\n        hAxis: {\n        textPosition: 'in',\n        title: '',\n        viewWindowMode: 'explicit',\n        format: 'MM\/YYYY',\n        gridlines: {color: '#ebebf5'}\n        },\n        vAxis: {\n        textPosition: 'in',\n        title: '',\n        format: 'short',\n        viewWindowMode: 'explicit',\n        gridlines: {color: '#ebebf5'}\n        },\n        curveType: 'function',\n        width: largura,\n        height: 300,\n        backgroundColor: {stroke: 'blue', fill: '#f6f6fd', strokeWidth: 1}\n        };\n        var chart = new google.visualization.LineChart(document.getElementById('chart_div0'));\n        chart.draw(data, options);\n        });\n        }\n        \/\/ Carregar o script do Google Charts e iniciar o gr\u00e1fico espec\u00edfico\n        loadGoogleCharts(drawChart0);\n        <\/script><\/p>\n<div id=\"chart_div0\" style=\"min-height:300px;\"><\/div>\n<h2 id='GraficoDepreciacao'>Gr\u00e1fico da deprecia\u00e7\u00e3o Mercedes-Benz EQE 350+ AMG Line (El\u00e9trico)  0km<\/h2>\n<p>No gr\u00e1fico a seguir, pode-se visualizar as varia\u00e7\u00f5es acumuladas nos \u00faltimos meses de cota\u00e7\u00e3o (linha azul) em rela\u00e7\u00e3o \u00e0s varia\u00e7\u00f5es m\u00e9dias acumuladas no mesmo per\u00edodo para todos os modelos, de todas as marcas e categorias do mesmo ano de fabrica\u00e7\u00e3o (linha laranja), conforme os dados da Fipe. Al\u00e9m disso, \u00e9 poss\u00edvel visualizar a varia\u00e7\u00e3o da cota\u00e7\u00e3o do d\u00f3lar para o mesmo per\u00edodo &#8211; linha verde &#8211; dividido por 5 para melhor adapta\u00e7\u00e3o .<\/p>\n<p><script type=\"text\/javascript\">\n        function loadGoogleCharts(callback) {\n        if (typeof google !== 'undefined' && google.charts) {\n        \/\/ Se a biblioteca j\u00e1 est\u00e1 carregada, chamar o callback diretamente\n        callback();\n        } else {\n        \/\/ Caso contr\u00e1rio, carregar o script\n        if (!document.getElementById('google-charts-script')) {\n        var script = document.createElement('script');\n        script.id = 'google-charts-script';\n        script.src = 'https:\/\/www.gstatic.com\/charts\/loader.js';\n        script.async = true;\n        script.onload = callback;\n        document.head.appendChild(script);\n        } else {\n        \/\/ Se o script j\u00e1 est\u00e1 em processo de carregamento, esperar at\u00e9 que carregue\n        document.getElementById('google-charts-script').addEventListener('load', callback);\n        }\n        }\n        }\n        function drawChart1() {\n        var largura = document.body.clientWidth - 20;\n        if (largura > 615) {\n        largura = 620;\n        }\n        google.charts.load('current', {'packages':['corechart'], 'language': 'pt'});\n        google.charts.setOnLoadCallback(function() {\n        var data = google.visualization.arrayToDataTable([\n        ['M\u00eas\/Ano', 'EQE 350+ AMG Line (El\u00e9trico)  0km', 'Todos 0km', 'D\u00f3lar (\u00f75)'],\n        ['08\/2025', 0.00, 0.00, 0.00],\n['09\/2025', 0.77, 0.10, -0.59],\n['10\/2025', 0.77, -0.06, -1.00],\n['11\/2025', 0.77, 0.47, -0.77],\n['12\/2025', 0.77, 1.02, -0.94],\n['01\/2026', 0.77, 0.99, -0.44],\n['02\/2026', 0.77, 0.95, -1.46],\n['03\/2026', -0.46, 0.64, -1.65],\n['04\/2026', -0.46, 0.66, -1.45]\n        ]);\n        var options = {\n        title: '(%) Varia\u00e7\u00e3o EQE 350+ AMG Line (El\u00e9trico)  0km vs M\u00e9dia Modelos 0km vs D\u00f3lar',\n        titlePosition: 'top',\n        crosshair: { trigger: 'none', orientation: 'horizontal', opacity: 0.8 },\n        legend: { position: 'bottom', maxLines: 1, textStyle: { fontSize: 12 } },\n        chartArea: {width: '100%', height: '100%', left: 5, top: 20, right: 5, bottom: 25},\n        colors: [\"#00f\",\"#ff7f2a\",\"#008000\"],\n        series: {0: {lineWidth: 2, pointSize: 3, pointShape: \"circle\"}, 1: {lineWidth: 2, pointSize: 3, pointShape: \"circle\"}, 2: {lineWidth: 0.5, pointSize: 1, pointShape: \"circle\"}},\n        explorer: {\n        actions: ['dragToZoom', 'rightClickToReset'],\n        maxZoomIn: .15\n        },\n        hAxis: {\n        textPosition: 'in',\n        title: '',\n        viewWindowMode: 'explicit',\n        format: 'MM\/YYYY',\n        gridlines: {color: '#ebebf5'}\n        },\n        vAxis: {\n        textPosition: 'in',\n        title: '',\n        format: 'short',\n        viewWindowMode: 'explicit',\n        gridlines: {color: '#ebebf5'}\n        },\n        curveType: 'function',\n        width: largura,\n        height: 300,\n        backgroundColor: {stroke: 'blue', fill: '#f6f6fd', strokeWidth: 1}\n        };\n        var chart = new google.visualization.LineChart(document.getElementById('chart_div1'));\n        chart.draw(data, options);\n        });\n        }\n        \/\/ Carregar o script do Google Charts e iniciar o gr\u00e1fico espec\u00edfico\n        loadGoogleCharts(drawChart1);\n        <\/script><\/p>\n<div id=\"chart_div1\" style=\"min-height:300px;\"><\/div>\n<p>Os dados s\u00e3o apresentados com a ressalva de que a categoria do modelo, marca, mercado, entre outros fatores, podem influenciar nessas varia\u00e7\u00f5es.<\/p>\n<p><strong>Anos de fabrica\u00e7\u00e3o dispon\u00edveis deste modelo:<\/strong><\/p>\n<ul>\n<li><a href='\/fipec\/preco-tabela-fipe-mercedes-benz-eqe-350-mais-amg-line-eletrico-0km-ele\/'><b>0km<\/b> &#8211; El\u00e9: 641.920<\/a><\/li>\n<li><a href='\/fipec\/preco-tabela-fipe-mercedes-benz-eqe-350-mais-amg-line-eletrico-2025-ele\/'><b>2025<\/b> &#8211; El\u00e9: 596.051<\/a><\/li>\n<\/ul>\n<p><strong>Veja tamb\u00e9m:<\/strong><\/p>\n<ul>\n<li>&#128073; <a href=\"https:\/\/motos-motor.com.br\/fipec\/preco-tabela-fipe-porsche-911-carrera-s-cabriolet-3-8-24v-991-2014-gas\/\">Porsche 911 Carrera S Cabriolet 3.8 24v 991 2014<\/a> acumula alta de 31,75%, apesar de cair 0,35%<\/li>\n<li>&#128073; <a href=\"https:\/\/motos-motor.com.br\/fipec\/preco-tabela-fipe-porsche-cayenne-coupe-platinum-edition-3-0-hibrido-2023\/\">Porsche Cayenne Coupe Platinum Edition 3.0 H\u00edbrido 2023<\/a> caiu 1,28% no \u00faltimo m\u00eas e acumula queda de 7,13%<\/li>\n<li>&#128073; Mais acess\u00edvel: <a href=\"https:\/\/motos-motor.com.br\/fipec\/preco-tabela-fipe-porsche-911-carrera-s-coupe-3-0-991-992-2018-gas\/\">Porsche 911 Carrera S Coupe 3.0 991\/992 2018<\/a> registra 8 quedas consecutivas<\/li>\n<li>&#128073; <a href=\"https:\/\/motos-motor.com.br\/fipec\/preco-tabela-fipe-porsche-taycan-4-cross-turismo-eletrico-2024\/\">Porsche Taycan 4 Cross Turismo El\u00e9trico 2024<\/a> acumula queda de 15,39%<\/li>\n<\/ul>\n","protected":false},"excerpt":{"rendered":"<p>O pre\u00e7o na tabela do modelo Mercedes-Benz EQE 350+ AMG Line (El\u00e9trico) 0 km \u00e9 de R$ 641.920, segundo dados da Tabela Fipe. No hist\u00f3rico de pre\u00e7os mais recentes, \u00e9 poss\u00edvel notar que este modelo obteve uma desvaloriza\u00e7\u00e3o acumulada de -0,46% entre agosto de 2025 e abril de 2026: Em agosto de 2025 o pre\u00e7o era de R$ 644.907 passando para R$&#8230;<\/p>\n","protected":false},"author":1,"featured_media":14,"comment_status":"closed","ping_status":"closed","sticky":false,"template":"","format":"standard","meta":{"footnotes":""},"categories":[15137,22790,15136,18996],"tags":[22660,15162,15513],"class_list":["post-117988","post","type-post","status-publish","format-standard","has-post-thumbnail","hentry","category-carros","category-eqe-350-mais-amg-line-eletrico","category-fipe","category-mercedes-benz","tag-0-l","tag-0km","tag-eletrico"],"_links":{"self":[{"href":"https:\/\/motos-motor.com.br\/fipec\/wp-json\/wp\/v2\/posts\/117988","targetHints":{"allow":["GET"]}}],"collection":[{"href":"https:\/\/motos-motor.com.br\/fipec\/wp-json\/wp\/v2\/posts"}],"about":[{"href":"https:\/\/motos-motor.com.br\/fipec\/wp-json\/wp\/v2\/types\/post"}],"author":[{"embeddable":true,"href":"https:\/\/motos-motor.com.br\/fipec\/wp-json\/wp\/v2\/users\/1"}],"replies":[{"embeddable":true,"href":"https:\/\/motos-motor.com.br\/fipec\/wp-json\/wp\/v2\/comments?post=117988"}],"version-history":[{"count":0,"href":"https:\/\/motos-motor.com.br\/fipec\/wp-json\/wp\/v2\/posts\/117988\/revisions"}],"wp:featuredmedia":[{"embeddable":true,"href":"https:\/\/motos-motor.com.br\/fipec\/wp-json\/wp\/v2\/media\/14"}],"wp:attachment":[{"href":"https:\/\/motos-motor.com.br\/fipec\/wp-json\/wp\/v2\/media?parent=117988"}],"wp:term":[{"taxonomy":"category","embeddable":true,"href":"https:\/\/motos-motor.com.br\/fipec\/wp-json\/wp\/v2\/categories?post=117988"},{"taxonomy":"post_tag","embeddable":true,"href":"https:\/\/motos-motor.com.br\/fipec\/wp-json\/wp\/v2\/tags?post=117988"}],"curies":[{"name":"wp","href":"https:\/\/api.w.org\/{rel}","templated":true}]}}