{"id":91275,"date":"2024-10-03T20:17:25","date_gmt":"2024-10-03T20:17:25","guid":{"rendered":"https:\/\/motos-motor.com.br\/fipec\/preco-tabela-fipe-mercedes-benz-s-63-amg-5-5-v8-bi-turbo-automatico-0km-gas"},"modified":"2026-04-03T17:45:38","modified_gmt":"2026-04-03T17:45:38","slug":"preco-tabela-fipe-mercedes-benz-s-63-amg-5-5-v8-bi-turbo-automatico-0km-gas","status":"publish","type":"post","link":"https:\/\/motos-motor.com.br\/fipec\/preco-tabela-fipe-mercedes-benz-s-63-amg-5-5-v8-bi-turbo-automatico-0km-gas\/","title":{"rendered":"Tabela Fipe S-63 AMG 5.5 V8 Bi-Turbo Autom\u00e1tico 0 km"},"content":{"rendered":"<p>O pre\u00e7o na tabela do modelo Mercedes-Benz S-63 AMG 5.5 V8 Bi-Turbo Autom\u00e1tico 0 km a gasolina \u00e9 de <strong>R$ 662.859<\/strong>, segundo dados da Tabela Fipe. No hist\u00f3rico de pre\u00e7os mais recentes, \u00e9 poss\u00edvel notar que este modelo obteve uma valoriza\u00e7\u00e3o acumulada de 17,97% entre fevereiro de 2012 e novembro de 2014: Em fevereiro de 2012 o pre\u00e7o era de R$ 561.900 passando para <span itemprop='price' content='662859'>R$ 662.859<\/span> em novembro de 2014. Isso representa um aumento de R$ 100.959. O maior pre\u00e7o nesse per\u00edodo foi de R$ 818.558 em novembro de 2012 e o menor pre\u00e7o foi de R$ 561.900 em fevereiro de 2012. No entanto, observa-se que a \u00faltima cota\u00e7\u00e3o encontrada na tabela foi de aproximadamente 11 anos atr\u00e1s, indicando que este modelo pode n\u00e3o estar mais dispon\u00edvel ou saiu de linha. Como se trata da an\u00e1lise de um modelo 0 km, \u00e9 comum ocorrer flutua\u00e7\u00f5es significativas nos pre\u00e7os que podem indicar fatores como modifica\u00e7\u00f5es em itens de s\u00e9rie, novo design, campanhas promocionais ou oscila\u00e7\u00f5es naturais do mercado. Confira mais detalhes a seguir.<\/p>\n<ul>\n<li>&#128197; <a href=\"#Historico\">Hist\u00f3rico<\/a><\/li>\n<li>&#128200; <a href=\"#GraficoPrecos\">Gr\u00e1fico de Pre\u00e7os<\/a><\/li>\n<li>&#128201; <a href=\"#GraficoDepreciacao\">Gr\u00e1fico de Deprecia\u00e7\u00f5es<\/a><\/li>\n<\/ul>\n<h2>Tabela Mercedes-Benz S-63 AMG 5.5 V8 Bi-Turbo Autom\u00e1tico 0 km<\/h2>\n<p>Tabela atual com os atributos de identifica\u00e7\u00e3o:<\/p>\n<table border='1' style='border-collapse: collapse; width: 100%;'>\n<thead>\n<tr>\n<th colspan='2' style='text-align: left;'>Identifica\u00e7\u00e3o Fipe<\/th>\n<\/tr>\n<\/thead>\n<tbody style='background-color: rgba(0, 128, 0, 0.1); color: black;'>\n<tr>\n<td>Marca<\/td>\n<td><strong>Mercedes-Benz<\/strong><\/td>\n<\/tr>\n<tr>\n<td>Modelo<\/td>\n<td><strong>S-63 AMG 5.5 V8 BI-TURBO Aut.<strong><\/td>\n<\/tr>\n<tr>\n<td>Ano\/Modelo<\/td>\n<td><strong>0 km<\/strong><\/td>\n<\/tr>\n<tr>\n<td>C\u00f3digo Fipe<\/td>\n<td>021252-0<\/td>\n<\/tr>\n<tr>\n<td>Combust\u00edvel<\/td>\n<td>Gasolina<\/td>\n<\/tr>\n<tr>\n<td>Cilindrada\/Motor<\/td>\n<td>5.5 l*<\/td>\n<\/tr>\n<tr>\n<td>Refer\u00eancia<\/td>\n<td>novembro de 2014<\/td>\n<\/tr>\n<tr>\n<td><strong>Pre\u00e7o<\/strong><\/td>\n<td><strong>R$ 662.859<\/strong><\/td>\n<\/tr>\n<\/tbody>\n<\/table>\n<h2 id='Historico'>Hist\u00f3rico Fipe<\/h2>\n<p>O conte\u00fado da tabela abaixo oferece uma vis\u00e3o resumida dos pre\u00e7os no per\u00edodo, destacando os valores m\u00ednimo, m\u00e1ximo e atual. As varia\u00e7\u00f5es s\u00e3o calculadas com base na primeira coluna (in\u00edcio do per\u00edodo) e na segunda (menor pre\u00e7o).<\/p>\n<table border='1' style='border-collapse: collapse; width: 100%;'>\n<th colspan='5' style='text-align: left;'>Hist\u00f3rico de pre\u00e7os com \u00edndices de varia\u00e7\u00e3o<\/th>\n<tr style='background-color: rgba(234, 234, 234, 0.1); color: black;'>\n<th>M\u00eas\/Ano<\/th>\n<th>Pre\u00e7o (R$)<\/th>\n<th>Varia\u00e7\u00e3o Mensal<\/th>\n<th colspan='2'>Varia\u00e7\u00e3o Acumulada<\/th>\n<\/tr>\n<tr style='border: 2px solid #003cff; font-weight: bold;'>\n<td style='background-color: rgba(234, 234, 234, 0.1); color: black;'>02\/2012<\/td>\n<td style='background-color: rgba(234, 234, 234, 0.1); color: black;'>561.900<\/td>\n<td style='background-color: rgba(234, 234, 234, 0.1); color: black;'>0,00%<\/td>\n<td style='background-color: rgba(234, 234, 234, 0.1); color: black;'>0,00%<\/td>\n<td style='background-color: rgba(234, 234, 234, 0.1); color: black;'>0,00%<\/td>\n<\/tr>\n<tr style='border: 2px solid #003cff; font-weight: bold;'>\n<td style='background-color: rgba(0, 128, 0, 0.1); color: black;'>11\/2012<\/td>\n<td style='background-color: rgba(0, 128, 0, 0.1); color: black;'>818.558<\/td>\n<td style='background-color: rgba(0, 128, 0, 0.1); color: black;'>5,21%<\/td>\n<td style='background-color: rgba(0, 128, 0, 0.1); color: black;'>45,68%<\/td>\n<td style='background-color: rgba(0, 128, 0, 0.1); color: black;'>45,68%<\/td>\n<\/tr>\n<tr >\n<td style='background-color: rgba(0, 128, 0, 0.1); color: black;'>02\/2013<\/td>\n<td style='background-color: rgba(0, 128, 0, 0.1); color: black;'>810.020<\/td>\n<td style='background-color: rgba(255, 165, 0, 0.1); color: black;'>-1,04%<\/td>\n<td style='background-color: rgba(0, 128, 0, 0.1); color: black;'>44,16%<\/td>\n<td style='background-color: rgba(0, 128, 0, 0.1); color: black;'>44,16%<\/td>\n<\/tr>\n<tr >\n<td style='background-color: rgba(0, 128, 0, 0.1); color: black;'>12\/2013<\/td>\n<td style='background-color: rgba(0, 128, 0, 0.1); color: black;'>666.400<\/td>\n<td style='background-color: rgba(255, 165, 0, 0.1); color: black;'>-0,06%<\/td>\n<td style='background-color: rgba(0, 128, 0, 0.1); color: black;'>18,60%<\/td>\n<td style='background-color: rgba(0, 128, 0, 0.1); color: black;'>18,60%<\/td>\n<\/tr>\n<tr >\n<td style='background-color: rgba(0, 128, 0, 0.1); color: black;'>04\/2014<\/td>\n<td style='background-color: rgba(0, 128, 0, 0.1); color: black;'>668.988<\/td>\n<td style='background-color: rgba(0, 128, 0, 0.1); color: black;'>0,14%<\/td>\n<td style='background-color: rgba(0, 128, 0, 0.1); color: black;'>19,06%<\/td>\n<td style='background-color: rgba(0, 128, 0, 0.1); color: black;'>19,06%<\/td>\n<\/tr>\n<tr >\n<td style='background-color: rgba(0, 128, 0, 0.1); color: black;'>08\/2014<\/td>\n<td style='background-color: rgba(0, 128, 0, 0.1); color: black;'>665.700<\/td>\n<td style='background-color: rgba(255, 165, 0, 0.1); color: black;'>-0,11%<\/td>\n<td style='background-color: rgba(0, 128, 0, 0.1); color: black;'>18,47%<\/td>\n<td style='background-color: rgba(0, 128, 0, 0.1); color: black;'>18,47%<\/td>\n<\/tr>\n<tr >\n<td style='background-color: rgba(0, 128, 0, 0.1); color: black;'>09\/2014<\/td>\n<td style='background-color: rgba(0, 128, 0, 0.1); color: black;'>664.784<\/td>\n<td style='background-color: rgba(255, 165, 0, 0.1); color: black;'>-0,14%<\/td>\n<td style='background-color: rgba(0, 128, 0, 0.1); color: black;'>18,31%<\/td>\n<td style='background-color: rgba(0, 128, 0, 0.1); color: black;'>18,31%<\/td>\n<\/tr>\n<tr >\n<td style='background-color: rgba(0, 128, 0, 0.1); color: black;'>10\/2014<\/td>\n<td style='background-color: rgba(0, 128, 0, 0.1); color: black;'>663.833<\/td>\n<td style='background-color: rgba(255, 165, 0, 0.1); color: black;'>-0,14%<\/td>\n<td style='background-color: rgba(0, 128, 0, 0.1); color: black;'>18,14%<\/td>\n<td style='background-color: rgba(0, 128, 0, 0.1); color: black;'>18,14%<\/td>\n<\/tr>\n<tr style='border: 2px solid #003cff; font-weight: bold;'>\n<td style='background-color: rgba(0, 128, 0, 0.1); color: black;'>11\/2014<\/td>\n<td style='background-color: rgba(0, 128, 0, 0.1); color: black;'>662.859<\/td>\n<td style='background-color: rgba(255, 165, 0, 0.1); color: black;'>-0,15%<\/td>\n<td style='background-color: rgba(0, 128, 0, 0.1); color: black;'>17,97%<\/td>\n<td style='background-color: rgba(0, 128, 0, 0.1); color: black;'>17,97%<\/td>\n<\/tr>\n<\/table>\n<h2 id='GraficoPrecos'>Gr\u00e1fico de pre\u00e7os Mercedes-Benz S-63 AMG 5.5 V8 BI-TURBO Aut. 0km<\/h2>\n<p>No gr\u00e1fico a seguir, pode-se visualizar as varia\u00e7\u00f5es de pre\u00e7o ao longo do per\u00edodo selecionado, conforme os dados da Fipe.<\/p>\n<p><script type=\"text\/javascript\">\n        function loadGoogleCharts(callback) {\n        if (typeof google !== 'undefined' && google.charts) {\n        \/\/ Se a biblioteca j\u00e1 est\u00e1 carregada, chamar o callback diretamente\n        callback();\n        } else {\n        \/\/ Caso contr\u00e1rio, carregar o script\n        if (!document.getElementById('google-charts-script')) {\n        var script = document.createElement('script');\n        script.id = 'google-charts-script';\n        script.src = 'https:\/\/www.gstatic.com\/charts\/loader.js';\n        script.async = true;\n        script.onload = callback;\n        document.head.appendChild(script);\n        } else {\n        \/\/ Se o script j\u00e1 est\u00e1 em processo de carregamento, esperar at\u00e9 que carregue\n        document.getElementById('google-charts-script').addEventListener('load', callback);\n        }\n        }\n        }\n        function drawChart0() {\n        var largura = document.body.clientWidth - 20;\n        if (largura > 615) {\n        largura = 620;\n        }\n        google.charts.load('current', {'packages':['corechart'], 'language': 'pt'});\n        google.charts.setOnLoadCallback(function() {\n        var data = google.visualization.arrayToDataTable([\n        ['M\u00eas\/Ano', 'S-63 AMG 5.5 V8 BI-TURBO Aut. 0km'],\n        ['02\/2012', 561900.00],\n['11\/2012', 818558.00],\n['08\/2013', 654620.00],\n['01\/2014', 666151.00],\n['04\/2014', 668988.00],\n['07\/2014', 666432.00],\n['09\/2014', 664784.00],\n['10\/2014', 663833.00],\n['11\/2014', 662859.00]\n        ]);\n        var options = {\n        title: 'FIPE Mercedes-Benz S-63 AMG 5.5 V8 BI-TURBO Aut. 0km',\n        titlePosition: 'top',\n        crosshair: { trigger: 'none', orientation: 'horizontal', opacity: 0.8 },\n        legend: { position: 'bottom', maxLines: 1, textStyle: { fontSize: 12 } },\n        chartArea: {width: '100%', height: '100%', left: 5, top: 20, right: 5, bottom: 25},\n        colors: [\"#00f\"],\n        series: {0: {lineWidth: 2, pointSize: 3, pointShape: \"circle\"}},\n        explorer: {\n        actions: ['dragToZoom', 'rightClickToReset'],\n        maxZoomIn: .15\n        },\n        hAxis: {\n        textPosition: 'in',\n        title: '',\n        viewWindowMode: 'explicit',\n        format: 'MM\/YYYY',\n        gridlines: {color: '#ebebf5'}\n        },\n        vAxis: {\n        textPosition: 'in',\n        title: '',\n        format: 'short',\n        viewWindowMode: 'explicit',\n        gridlines: {color: '#ebebf5'}\n        },\n        curveType: 'function',\n        width: largura,\n        height: 300,\n        backgroundColor: {stroke: 'blue', fill: '#f6f6fd', strokeWidth: 1}\n        };\n        var chart = new google.visualization.LineChart(document.getElementById('chart_div0'));\n        chart.draw(data, options);\n        });\n        }\n        \/\/ Carregar o script do Google Charts e iniciar o gr\u00e1fico espec\u00edfico\n        loadGoogleCharts(drawChart0);\n        <\/script><\/p>\n<div id=\"chart_div0\" style=\"min-height:300px;\"><\/div>\n<h2 id='GraficoDepreciacao'>Gr\u00e1fico da deprecia\u00e7\u00e3o Mercedes-Benz S-63 AMG 5.5 V8 BI-TURBO Aut. 0km<\/h2>\n<p>O gr\u00e1fico exibe a linha azul com a evolu\u00e7\u00e3o da cota\u00e7\u00e3o acumulada dos \u00faltimos meses e a linha laranja, que indica a m\u00e9dia acumulada do mercado no mesmo intervalo, abrangendo todas as marcas, categorias e modelos do mesmo ano, conforme a Fipe.<\/p>\n<p><script type=\"text\/javascript\">\n        function loadGoogleCharts(callback) {\n        if (typeof google !== 'undefined' && google.charts) {\n        \/\/ Se a biblioteca j\u00e1 est\u00e1 carregada, chamar o callback diretamente\n        callback();\n        } else {\n        \/\/ Caso contr\u00e1rio, carregar o script\n        if (!document.getElementById('google-charts-script')) {\n        var script = document.createElement('script');\n        script.id = 'google-charts-script';\n        script.src = 'https:\/\/www.gstatic.com\/charts\/loader.js';\n        script.async = true;\n        script.onload = callback;\n        document.head.appendChild(script);\n        } else {\n        \/\/ Se o script j\u00e1 est\u00e1 em processo de carregamento, esperar at\u00e9 que carregue\n        document.getElementById('google-charts-script').addEventListener('load', callback);\n        }\n        }\n        }\n        function drawChart1() {\n        var largura = document.body.clientWidth - 20;\n        if (largura > 615) {\n        largura = 620;\n        }\n        google.charts.load('current', {'packages':['corechart'], 'language': 'pt'});\n        google.charts.setOnLoadCallback(function() {\n        var data = google.visualization.arrayToDataTable([\n        ['M\u00eas\/Ano', 'S-63 AMG 5.5 V8 BI-TURBO Aut. 0km', 'Todos 0km'],\n        ['11\/2013', 0.00, 0.00],\n['12\/2013', -0.06, 0.23],\n['01\/2014', -0.10, 0.50],\n['02\/2014', 0.01, 1.10],\n['03\/2014', 0.19, 1.38],\n['04\/2014', 0.33, 1.60],\n['05\/2014', 0.23, 1.63],\n['06\/2014', 0.05, 1.61],\n['07\/2014', -0.05, 2.02],\n['08\/2014', -0.16, 2.02],\n['09\/2014', -0.30, 1.98],\n['10\/2014', -0.44, 2.10],\n['11\/2014', -0.59, 2.16]\n        ]);\n        var options = {\n        title: '(%) Varia\u00e7\u00e3o S-63 AMG 5.5 V8 BI-TURBO Aut. 0km vs M\u00e9dia Modelos 0km',\n        titlePosition: 'top',\n        crosshair: { trigger: 'none', orientation: 'horizontal', opacity: 0.8 },\n        legend: { position: 'bottom', maxLines: 1, textStyle: { fontSize: 12 } },\n        chartArea: {width: '100%', height: '100%', left: 5, top: 20, right: 5, bottom: 25},\n        colors: [\"#00f\",\"#ff7f2a\"],\n        series: {0: {lineWidth: 2, pointSize: 3, pointShape: \"circle\"}, 1: {lineWidth: 2, pointSize: 3, pointShape: \"circle\"}},\n        explorer: {\n        actions: ['dragToZoom', 'rightClickToReset'],\n        maxZoomIn: .15\n        },\n        hAxis: {\n        textPosition: 'in',\n        title: '',\n        viewWindowMode: 'explicit',\n        format: 'MM\/YYYY',\n        gridlines: {color: '#ebebf5'}\n        },\n        vAxis: {\n        textPosition: 'in',\n        title: '',\n        format: 'short',\n        viewWindowMode: 'explicit',\n        gridlines: {color: '#ebebf5'}\n        },\n        curveType: 'function',\n        width: largura,\n        height: 300,\n        backgroundColor: {stroke: 'blue', fill: '#f6f6fd', strokeWidth: 1}\n        };\n        var chart = new google.visualization.LineChart(document.getElementById('chart_div1'));\n        chart.draw(data, options);\n        });\n        }\n        \/\/ Carregar o script do Google Charts e iniciar o gr\u00e1fico espec\u00edfico\n        loadGoogleCharts(drawChart1);\n        <\/script><\/p>\n<div id=\"chart_div1\" style=\"min-height:300px;\"><\/div>\n<p>Os resultados devem ser analisados com cautela, pois fatores como o tipo de modelo, a marca e condi\u00e7\u00f5es externas de mercado podem interferir nas varia\u00e7\u00f5es.<\/p>\n<p><strong>Anos de fabrica\u00e7\u00e3o dispon\u00edveis deste modelo:<\/strong><\/p>\n<ul>\n<li><a href='\/fipec\/preco-tabela-fipe-mercedes-benz-s-63-amg-5-5-v8-bi-turbo-automatico-2011-gas\/'><b>2011<\/b> &#8211; Gas: 304.991<\/a><\/li>\n<li><a href='\/fipec\/preco-tabela-fipe-mercedes-benz-s-63-amg-5-5-v8-bi-turbo-automatico-2012-gas\/'><b>2012<\/b> &#8211; Gas: 317.677<\/a><\/li>\n<li><a href='\/fipec\/preco-tabela-fipe-mercedes-benz-s-63-amg-5-5-v8-bi-turbo-automatico-2013-gas\/'><b>2013<\/b> &#8211; Gas: 380.449<\/a><\/li>\n<\/ul>\n<p><strong>Veja tamb\u00e9m:<\/strong><\/p>\n<ul>\n<li>&#128073; Caindo: <a href=\"https:\/\/motos-motor.com.br\/fipec\/preco-tabela-fipe-mercedes-benz-s-65-l-amg-6-0-v12-630cv-automatico-2016-gas\/\">Mercedes-Benz S-65 L AMG 6.0 V12 630cv Autom\u00e1tico 2016<\/a> registra 23 baixas consecutivas<\/li>\n<li>&#128073; Caindo: <a href=\"https:\/\/motos-motor.com.br\/fipec\/preco-tabela-fipe-mercedes-benz-eqe-300-amg-line-eletrico-2024\/\">Mercedes-Benz EQE 300 AMG LINE El\u00e9trico 2024<\/a> registra 8 baixas consecutivas<\/li>\n<li>&#128073; Mais acess\u00edvel: <a href=\"https:\/\/motos-motor.com.br\/fipec\/preco-tabela-fipe-porsche-macan-eletrico-2026-ele\/\">Porsche Macan (El\u00e9trico) 2026<\/a> registra 7 baixas consecutivas<\/li>\n<li>&#128073; Caindo: <a href=\"https:\/\/motos-motor.com.br\/fipec\/preco-tabela-fipe-porsche-911-carrera-s-cabriolet-3-8-24v-991-0km-gas\/\">Porsche 911 Carrera S Cabriolet 3.8 24v 991 0km<\/a> registra 15 redu\u00e7\u00f5es seguidas<\/li>\n<\/ul>\n","protected":false},"excerpt":{"rendered":"<p>O pre\u00e7o na tabela do modelo Mercedes-Benz S-63 AMG 5.5 V8 Bi-Turbo Autom\u00e1tico 0 km a gasolina \u00e9 de R$ 662.859, segundo dados da Tabela Fipe. No hist\u00f3rico de pre\u00e7os mais recentes, \u00e9 poss\u00edvel notar que este modelo obteve uma valoriza\u00e7\u00e3o acumulada de 17,97% entre fevereiro de 2012 e novembro de 2014: Em fevereiro de 2012 o pre\u00e7o era de R$&#8230;<\/p>\n","protected":false},"author":1,"featured_media":4673,"comment_status":"closed","ping_status":"closed","sticky":false,"template":"","format":"standard","meta":{"footnotes":""},"categories":[15137,15136,18996,19236],"tags":[15162,16308],"class_list":["post-91275","post","type-post","status-publish","format-standard","has-post-thumbnail","hentry","category-carros","category-fipe","category-mercedes-benz","category-s-63-amg-5-5-v8-bi-turbo-automatico","tag-0km","tag-5-5-l"],"_links":{"self":[{"href":"https:\/\/motos-motor.com.br\/fipec\/wp-json\/wp\/v2\/posts\/91275","targetHints":{"allow":["GET"]}}],"collection":[{"href":"https:\/\/motos-motor.com.br\/fipec\/wp-json\/wp\/v2\/posts"}],"about":[{"href":"https:\/\/motos-motor.com.br\/fipec\/wp-json\/wp\/v2\/types\/post"}],"author":[{"embeddable":true,"href":"https:\/\/motos-motor.com.br\/fipec\/wp-json\/wp\/v2\/users\/1"}],"replies":[{"embeddable":true,"href":"https:\/\/motos-motor.com.br\/fipec\/wp-json\/wp\/v2\/comments?post=91275"}],"version-history":[{"count":0,"href":"https:\/\/motos-motor.com.br\/fipec\/wp-json\/wp\/v2\/posts\/91275\/revisions"}],"wp:featuredmedia":[{"embeddable":true,"href":"https:\/\/motos-motor.com.br\/fipec\/wp-json\/wp\/v2\/media\/4673"}],"wp:attachment":[{"href":"https:\/\/motos-motor.com.br\/fipec\/wp-json\/wp\/v2\/media?parent=91275"}],"wp:term":[{"taxonomy":"category","embeddable":true,"href":"https:\/\/motos-motor.com.br\/fipec\/wp-json\/wp\/v2\/categories?post=91275"},{"taxonomy":"post_tag","embeddable":true,"href":"https:\/\/motos-motor.com.br\/fipec\/wp-json\/wp\/v2\/tags?post=91275"}],"curies":[{"name":"wp","href":"https:\/\/api.w.org\/{rel}","templated":true}]}}