{"id":95752,"date":"2024-11-12T21:45:28","date_gmt":"2024-11-12T21:45:28","guid":{"rendered":"https:\/\/motos-motor.com.br\/fipec\/preco-tabela-fipe-porsche-911-carrera-s-50th-coupe-3-8-24v-991-0km-gas"},"modified":"2026-04-03T18:42:02","modified_gmt":"2026-04-03T18:42:02","slug":"preco-tabela-fipe-porsche-911-carrera-s-50th-coupe-3-8-24v-991-0km-gas","status":"publish","type":"post","link":"https:\/\/motos-motor.com.br\/fipec\/preco-tabela-fipe-porsche-911-carrera-s-50th-coupe-3-8-24v-991-0km-gas\/","title":{"rendered":"Tabela Fipe 911 Carrera S 50TH Coupe 3.8 24v 991 0 km"},"content":{"rendered":"<p>O pre\u00e7o na tabela do modelo Porsche 911 Carrera S 50TH Coupe 3.8 24v 991 0 km a gasolina \u00e9 de <strong>R$ 670.480<\/strong>, segundo dados da Tabela Fipe. No hist\u00f3rico de pre\u00e7os mais recentes, \u00e9 poss\u00edvel notar que este modelo obteve uma desvaloriza\u00e7\u00e3o acumulada de -0,67% entre novembro de 2014 e maio de 2015: Em novembro de 2014 o pre\u00e7o era de R$ 674.995 passando para <span itemprop='price' content='670480'>R$ 670.480<\/span> em maio de 2015. Isso representa uma queda de R$ 4.515. O maior pre\u00e7o nesse per\u00edodo foi de R$ 675.200 em dezembro de 2014 e o menor pre\u00e7o foi de R$ 670.480 em maio de 2015. No entanto, observa-se que a \u00faltima cota\u00e7\u00e3o encontrada na tabela foi de aproximadamente 10 anos atr\u00e1s, indicando que este modelo pode n\u00e3o estar mais dispon\u00edvel ou saiu de linha. Como se trata da an\u00e1lise de um modelo 0 km, \u00e9 comum ocorrer flutua\u00e7\u00f5es significativas nos pre\u00e7os que podem indicar fatores como modifica\u00e7\u00f5es em itens de s\u00e9rie, novo design, campanhas promocionais ou oscila\u00e7\u00f5es naturais do mercado. Veja mais detalhes a seguir.<\/p>\n<ul>\n<li>&#128197; <a href=\"#Historico\">Hist\u00f3rico<\/a><\/li>\n<li>&#128200; <a href=\"#GraficoPrecos\">Gr\u00e1fico de Pre\u00e7os<\/a><\/li>\n<li>&#128201; <a href=\"#GraficoDepreciacao\">Gr\u00e1fico de Deprecia\u00e7\u00f5es<\/a><\/li>\n<\/ul>\n<h2>Tabela Porsche 911 Carrera S 50TH Coupe 3.8 24v 991 0 km<\/h2>\n<p>Tabela atual com os atributos de identifica\u00e7\u00e3o:<\/p>\n<table border='1' style='border-collapse: collapse; width: 100%;'>\n<thead>\n<tr>\n<th colspan='2' style='text-align: left;'>Identifica\u00e7\u00e3o Fipe<\/th>\n<\/tr>\n<\/thead>\n<tbody style='background-color: rgba(0, 128, 0, 0.1); color: black;'>\n<tr>\n<td>Marca<\/td>\n<td><strong>Porsche<\/strong><\/td>\n<\/tr>\n<tr>\n<td>Modelo<\/td>\n<td><strong>911 Carrera S 50th Coupe 3.8 24V(991)<strong><\/td>\n<\/tr>\n<tr>\n<td>Ano\/Modelo<\/td>\n<td><strong>0 km<\/strong><\/td>\n<\/tr>\n<tr>\n<td>C\u00f3digo Fipe<\/td>\n<td>035059-1<\/td>\n<\/tr>\n<tr>\n<td>Combust\u00edvel<\/td>\n<td>Gasolina<\/td>\n<\/tr>\n<tr>\n<td>Cilindrada\/Motor<\/td>\n<td>3.8 l*<\/td>\n<\/tr>\n<tr>\n<td>Refer\u00eancia<\/td>\n<td>maio de 2015<\/td>\n<\/tr>\n<tr>\n<td><strong>Pre\u00e7o<\/strong><\/td>\n<td><strong>R$ 670.480<\/strong><\/td>\n<\/tr>\n<\/tbody>\n<\/table>\n<h2 id='Historico'>Hist\u00f3rico Fipe<\/h2>\n<p>Veja abaixo a vers\u00e3o resumida da tabela, que mostra os principais valores: o menor, o maior e o atual durante o per\u00edodo. As varia\u00e7\u00f5es acumuladas consideram como refer\u00eancia a data inicial (coluna um) e o menor pre\u00e7o (coluna dois).<\/p>\n<table border='1' style='border-collapse: collapse; width: 100%;'>\n<th colspan='5' style='text-align: left;'>Hist\u00f3rico de pre\u00e7os com \u00edndices de varia\u00e7\u00e3o<\/th>\n<tr style='background-color: rgba(234, 234, 234, 0.1); color: black;'>\n<th>M\u00eas\/Ano<\/th>\n<th>Pre\u00e7o (R$)<\/th>\n<th>Varia\u00e7\u00e3o Mensal<\/th>\n<th colspan='2'>Varia\u00e7\u00e3o Acumulada<\/th>\n<\/tr>\n<tr >\n<td style='background-color: rgba(234, 234, 234, 0.1); color: black;'>11\/2014<\/td>\n<td style='background-color: rgba(234, 234, 234, 0.1); color: black;'>674.995<\/td>\n<td style='background-color: rgba(234, 234, 234, 0.1); color: black;'>0,00%<\/td>\n<td style='background-color: rgba(234, 234, 234, 0.1); color: black;'>0,00%<\/td>\n<td style='background-color: rgba(0, 128, 0, 0.1); color: black;'>0,67%<\/td>\n<\/tr>\n<tr style='border: 2px solid #003cff; font-weight: bold;'>\n<td style='background-color: rgba(0, 128, 0, 0.1); color: black;'>12\/2014<\/td>\n<td style='background-color: rgba(0, 128, 0, 0.1); color: black;'>675.200<\/td>\n<td style='background-color: rgba(0, 128, 0, 0.1); color: black;'>0,03%<\/td>\n<td style='background-color: rgba(0, 128, 0, 0.1); color: black;'>0,03%<\/td>\n<td style='background-color: rgba(0, 128, 0, 0.1); color: black;'>0,70%<\/td>\n<\/tr>\n<tr >\n<td style='background-color: rgba(255, 165, 0, 0.1); color: black;'>03\/2015<\/td>\n<td style='background-color: rgba(255, 165, 0, 0.1); color: black;'>672.182<\/td>\n<td style='background-color: rgba(255, 165, 0, 0.1); color: black;'>-0,17%<\/td>\n<td style='background-color: rgba(255, 165, 0, 0.1); color: black;'>-0,42%<\/td>\n<td style='background-color: rgba(0, 128, 0, 0.1); color: black;'>0,25%<\/td>\n<\/tr>\n<tr >\n<td style='background-color: rgba(255, 165, 0, 0.1); color: black;'>04\/2015<\/td>\n<td style='background-color: rgba(255, 165, 0, 0.1); color: black;'>671.162<\/td>\n<td style='background-color: rgba(255, 165, 0, 0.1); color: black;'>-0,15%<\/td>\n<td style='background-color: rgba(255, 165, 0, 0.1); color: black;'>-0,57%<\/td>\n<td style='background-color: rgba(0, 128, 0, 0.1); color: black;'>0,10%<\/td>\n<\/tr>\n<tr style='border: 2px solid #003cff; font-weight: bold;'>\n<td style='background-color: rgba(255, 165, 0, 0.1); color: black;'>05\/2015<\/td>\n<td style='background-color: rgba(255, 165, 0, 0.1); color: black;'>670.480<\/td>\n<td style='background-color: rgba(255, 165, 0, 0.1); color: black;'>-0,10%<\/td>\n<td style='background-color: rgba(255, 165, 0, 0.1); color: black;'>-0,67%<\/td>\n<td style='background-color: rgba(234, 234, 234, 0.1); color: black;'>0,00%<\/td>\n<\/tr>\n<\/table>\n<h2 id='GraficoPrecos'>Gr\u00e1fico de pre\u00e7os Porsche 911 Carrera S 50th Coupe 3.8 24V(991) 0km<\/h2>\n<p>A seguir, o gr\u00e1fico exibe as varia\u00e7\u00f5es nos pre\u00e7os ao longo do tempo escolhido, segundo os registros da Fipe.<\/p>\n<p><script type=\"text\/javascript\">\n        function loadGoogleCharts(callback) {\n        if (typeof google !== 'undefined' && google.charts) {\n        \/\/ Se a biblioteca j\u00e1 est\u00e1 carregada, chamar o callback diretamente\n        callback();\n        } else {\n        \/\/ Caso contr\u00e1rio, carregar o script\n        if (!document.getElementById('google-charts-script')) {\n        var script = document.createElement('script');\n        script.id = 'google-charts-script';\n        script.src = 'https:\/\/www.gstatic.com\/charts\/loader.js';\n        script.async = true;\n        script.onload = callback;\n        document.head.appendChild(script);\n        } else {\n        \/\/ Se o script j\u00e1 est\u00e1 em processo de carregamento, esperar at\u00e9 que carregue\n        document.getElementById('google-charts-script').addEventListener('load', callback);\n        }\n        }\n        }\n        function drawChart0() {\n        var largura = document.body.clientWidth - 20;\n        if (largura > 615) {\n        largura = 620;\n        }\n        google.charts.load('current', {'packages':['corechart'], 'language': 'pt'});\n        google.charts.setOnLoadCallback(function() {\n        var data = google.visualization.arrayToDataTable([\n        ['M\u00eas\/Ano', '911 Carrera S 50th Coupe 3.8 24V(991) 0km'],\n        ['11\/2014', 674995.00],\n['12\/2014', 675200.00],\n['02\/2015', 673353.00],\n['03\/2015', 672182.00],\n['04\/2015', 671162.00],\n['05\/2015', 670480.00]\n        ]);\n        var options = {\n        title: 'FIPE Porsche 911 Carrera S 50th Coupe 3.8 24V(991) 0km',\n        titlePosition: 'top',\n        crosshair: { trigger: 'none', orientation: 'horizontal', opacity: 0.8 },\n        legend: { position: 'bottom', maxLines: 1, textStyle: { fontSize: 12 } },\n        chartArea: {width: '100%', height: '100%', left: 5, top: 20, right: 5, bottom: 25},\n        colors: [\"#00f\"],\n        series: {0: {lineWidth: 2, pointSize: 3, pointShape: \"circle\"}},\n        explorer: {\n        actions: ['dragToZoom', 'rightClickToReset'],\n        maxZoomIn: .15\n        },\n        hAxis: {\n        textPosition: 'in',\n        title: '',\n        viewWindowMode: 'explicit',\n        format: 'MM\/YYYY',\n        gridlines: {color: '#ebebf5'}\n        },\n        vAxis: {\n        textPosition: 'in',\n        title: '',\n        format: 'short',\n        viewWindowMode: 'explicit',\n        gridlines: {color: '#ebebf5'}\n        },\n        curveType: 'function',\n        width: largura,\n        height: 300,\n        backgroundColor: {stroke: 'blue', fill: '#f6f6fd', strokeWidth: 1}\n        };\n        var chart = new google.visualization.LineChart(document.getElementById('chart_div0'));\n        chart.draw(data, options);\n        });\n        }\n        \/\/ Carregar o script do Google Charts e iniciar o gr\u00e1fico espec\u00edfico\n        loadGoogleCharts(drawChart0);\n        <\/script><\/p>\n<div id=\"chart_div0\" style=\"min-height:300px;\"><\/div>\n<h2 id='GraficoDepreciacao'>Gr\u00e1fico da deprecia\u00e7\u00e3o Porsche 911 Carrera S 50th Coupe 3.8 24V(991) 0km<\/h2>\n<p>\u00c9 poss\u00edvel observar no gr\u00e1fico as varia\u00e7\u00f5es acumuladas da cota\u00e7\u00e3o (linha azul) frente \u00e0 m\u00e9dia de desempenho dos modelos do mesmo ano, abrangendo todas as marcas e categorias (linha laranja), com base nas informa\u00e7\u00f5es da Fipe.<\/p>\n<p><script type=\"text\/javascript\">\n        function loadGoogleCharts(callback) {\n        if (typeof google !== 'undefined' && google.charts) {\n        \/\/ Se a biblioteca j\u00e1 est\u00e1 carregada, chamar o callback diretamente\n        callback();\n        } else {\n        \/\/ Caso contr\u00e1rio, carregar o script\n        if (!document.getElementById('google-charts-script')) {\n        var script = document.createElement('script');\n        script.id = 'google-charts-script';\n        script.src = 'https:\/\/www.gstatic.com\/charts\/loader.js';\n        script.async = true;\n        script.onload = callback;\n        document.head.appendChild(script);\n        } else {\n        \/\/ Se o script j\u00e1 est\u00e1 em processo de carregamento, esperar at\u00e9 que carregue\n        document.getElementById('google-charts-script').addEventListener('load', callback);\n        }\n        }\n        }\n        function drawChart1() {\n        var largura = document.body.clientWidth - 20;\n        if (largura > 615) {\n        largura = 620;\n        }\n        google.charts.load('current', {'packages':['corechart'], 'language': 'pt'});\n        google.charts.setOnLoadCallback(function() {\n        var data = google.visualization.arrayToDataTable([\n        ['M\u00eas\/Ano', '911 Carrera S 50th Coupe 3.8 24V(991) 0km', 'Todos 0km'],\n        ['11\/2014', 0.00, 0.00],\n['12\/2014', 0.03, 0.36],\n['01\/2015', -0.09, 0.40],\n['02\/2015', -0.24, 0.50],\n['03\/2015', -0.42, 2.26],\n['04\/2015', -0.57, 2.95],\n['05\/2015', -0.67, 3.63]\n        ]);\n        var options = {\n        title: '(%) Varia\u00e7\u00e3o 911 Carrera S 50th Coupe 3.8 24V(991) 0km vs M\u00e9dia Modelos 0km',\n        titlePosition: 'top',\n        crosshair: { trigger: 'none', orientation: 'horizontal', opacity: 0.8 },\n        legend: { position: 'bottom', maxLines: 1, textStyle: { fontSize: 12 } },\n        chartArea: {width: '100%', height: '100%', left: 5, top: 20, right: 5, bottom: 25},\n        colors: [\"#00f\",\"#ff7f2a\"],\n        series: {0: {lineWidth: 2, pointSize: 3, pointShape: \"circle\"}, 1: {lineWidth: 2, pointSize: 3, pointShape: \"circle\"}},\n        explorer: {\n        actions: ['dragToZoom', 'rightClickToReset'],\n        maxZoomIn: .15\n        },\n        hAxis: {\n        textPosition: 'in',\n        title: '',\n        viewWindowMode: 'explicit',\n        format: 'MM\/YYYY',\n        gridlines: {color: '#ebebf5'}\n        },\n        vAxis: {\n        textPosition: 'in',\n        title: '',\n        format: 'short',\n        viewWindowMode: 'explicit',\n        gridlines: {color: '#ebebf5'}\n        },\n        curveType: 'function',\n        width: largura,\n        height: 300,\n        backgroundColor: {stroke: 'blue', fill: '#f6f6fd', strokeWidth: 1}\n        };\n        var chart = new google.visualization.LineChart(document.getElementById('chart_div1'));\n        chart.draw(data, options);\n        });\n        }\n        \/\/ Carregar o script do Google Charts e iniciar o gr\u00e1fico espec\u00edfico\n        loadGoogleCharts(drawChart1);\n        <\/script><\/p>\n<div id=\"chart_div1\" style=\"min-height:300px;\"><\/div>\n<p>As varia\u00e7\u00f5es apresentadas podem ser afetadas por diversos fatores, como o segmento do modelo, a fabricante e o contexto econ\u00f4mico do mercado.<\/p>\n<p><strong>Anos de fabrica\u00e7\u00e3o dispon\u00edveis deste modelo:<\/strong><\/p>\n<ul>\n<li><a href='\/fipec\/preco-tabela-fipe-porsche-911-carrera-s-50th-coupe-3-8-24v-991-2014-gas\/'><b>2014<\/b> &#8211; Gas: 558.953<\/a><\/li>\n<\/ul>\n<p><strong>Veja tamb\u00e9m:<\/strong><\/p>\n<ul>\n<li>&#128073; Desvalorizando: <a href=\"https:\/\/motos-motor.com.br\/fipec\/preco-tabela-fipe-porsche-718-boxster-gts-2-5-365cv-2021-gas\/\">Porsche 718 Boxster GTS 2.5 365cv 2021<\/a> registra 15 baixas consecutivas<\/li>\n<li>&#128073; Desvalorizando: <a href=\"https:\/\/motos-motor.com.br\/fipec\/preco-tabela-fipe-mercedes-benz-gle-450-coupe-3-0-4matic-diesel-hib-2023\/\">Mercedes-Benz Gle-450 Coupe 3.0 4matic Diesel H\u00cdB 2023<\/a> registra 7 quedas consecutivas<\/li>\n<li>&#128073; <a href=\"https:\/\/motos-motor.com.br\/fipec\/preco-tabela-fipe-mercedes-benz-glc-43-amg-4m-coupe-2-0-turbo-automatico-hib-2025-gas\/\">Mercedes-Benz GLC-43 AMG 4M Coupe 2.0 Turbo Autom\u00e1tico H\u00cdB . 2025<\/a> teve queda de 0,10% no \u00faltimo m\u00eas, mas ainda acumula alta de 5,29%<\/li>\n<li>&#128073; <a href=\"https:\/\/motos-motor.com.br\/fipec\/preco-tabela-fipe-porsche-911-carrera-cabriolet-3-0-991-992-2019-gas\/\">Porsche 911 Carrera Cabriolet 3.0 991\/992 2019<\/a> acumula alta de 17,90%, apesar de cair 0,12%<\/li>\n<\/ul>\n","protected":false},"excerpt":{"rendered":"<p>O pre\u00e7o na tabela do modelo Porsche 911 Carrera S 50TH Coupe 3.8 24v 991 0 km a gasolina \u00e9 de R$ 670.480, segundo dados da Tabela Fipe. No hist\u00f3rico de pre\u00e7os mais recentes, \u00e9 poss\u00edvel notar que este modelo obteve uma desvaloriza\u00e7\u00e3o acumulada de -0,67% entre novembro de 2014 e maio de 2015: Em novembro de 2014 o pre\u00e7o era de R$ 674.995&#8230;<\/p>\n","protected":false},"author":1,"featured_media":5330,"comment_status":"closed","ping_status":"closed","sticky":false,"template":"","format":"standard","meta":{"footnotes":""},"categories":[20265,15137,15136,20211],"tags":[15162,15187],"class_list":["post-95752","post","type-post","status-publish","format-standard","has-post-thumbnail","hentry","category-911-carrera-s-50th-coupe-3-8-24v-991","category-carros","category-fipe","category-porsche","tag-0km","tag-3-8-l"],"_links":{"self":[{"href":"https:\/\/motos-motor.com.br\/fipec\/wp-json\/wp\/v2\/posts\/95752","targetHints":{"allow":["GET"]}}],"collection":[{"href":"https:\/\/motos-motor.com.br\/fipec\/wp-json\/wp\/v2\/posts"}],"about":[{"href":"https:\/\/motos-motor.com.br\/fipec\/wp-json\/wp\/v2\/types\/post"}],"author":[{"embeddable":true,"href":"https:\/\/motos-motor.com.br\/fipec\/wp-json\/wp\/v2\/users\/1"}],"replies":[{"embeddable":true,"href":"https:\/\/motos-motor.com.br\/fipec\/wp-json\/wp\/v2\/comments?post=95752"}],"version-history":[{"count":0,"href":"https:\/\/motos-motor.com.br\/fipec\/wp-json\/wp\/v2\/posts\/95752\/revisions"}],"wp:featuredmedia":[{"embeddable":true,"href":"https:\/\/motos-motor.com.br\/fipec\/wp-json\/wp\/v2\/media\/5330"}],"wp:attachment":[{"href":"https:\/\/motos-motor.com.br\/fipec\/wp-json\/wp\/v2\/media?parent=95752"}],"wp:term":[{"taxonomy":"category","embeddable":true,"href":"https:\/\/motos-motor.com.br\/fipec\/wp-json\/wp\/v2\/categories?post=95752"},{"taxonomy":"post_tag","embeddable":true,"href":"https:\/\/motos-motor.com.br\/fipec\/wp-json\/wp\/v2\/tags?post=95752"}],"curies":[{"name":"wp","href":"https:\/\/api.w.org\/{rel}","templated":true}]}}