{"id":23896,"date":"2024-09-30T15:58:31","date_gmt":"2024-09-30T15:58:31","guid":{"rendered":"https:\/\/motos-motor.com.br\/fipet\/preco-tabela-fipe-iveco-stralis-nr-740-s41t-3-eixos-2p-diesel-0km"},"modified":"2026-04-03T22:19:11","modified_gmt":"2026-04-03T22:19:11","slug":"preco-tabela-fipe-iveco-stralis-nr-740-s41t-3-eixos-2p-diesel-0km","status":"publish","type":"post","link":"https:\/\/motos-motor.com.br\/fipet\/preco-tabela-fipe-iveco-stralis-nr-740-s41t-3-eixos-2p-diesel-0km\/","title":{"rendered":"Tabela Fipe Stralis NR 740-S41T 3-Eixos 2p Diesel 0 km"},"content":{"rendered":"<p>O pre\u00e7o na tabela do modelo IVECO Stralis NR 740-S41T 3-Eixos 2p Diesel 0 km a diesel \u00e9 de <strong>R$ 281.552<\/strong>, segundo dados da Tabela Fipe. No hist\u00f3rico de pre\u00e7os mais recentes, \u00e9 poss\u00edvel notar que este modelo obteve uma desvaloriza\u00e7\u00e3o acumulada de -15,32% entre janeiro de 2012 e janeiro de 2014: Em janeiro de 2012 o pre\u00e7o era de R$ 332.500 passando para <span itemprop='price' content='281552'>R$ 281.552<\/span> em janeiro de 2014. Isso representa uma queda de R$ 50.948. Observar tamb\u00e9m que se compararmos com o menor valor do per\u00edodo, a varia\u00e7\u00e3o acumulada \u00e9 de aproximadamente 0,05%, o que representa uma diferen\u00e7a de R$ 143. O maior pre\u00e7o nesse per\u00edodo foi de R$ 350.000 em julho de 2012 e o menor pre\u00e7o foi de R$ 281.409 em novembro de 2013. No entanto, observa-se que a \u00faltima cota\u00e7\u00e3o encontrada na tabela foi de aproximadamente 12 anos atr\u00e1s, indicando que este modelo pode n\u00e3o estar mais dispon\u00edvel ou saiu de linha. Como se trata da an\u00e1lise de um modelo 0 km, \u00e9 comum ocorrer flutua\u00e7\u00f5es significativas nos pre\u00e7os que podem indicar fatores como modifica\u00e7\u00f5es em itens de s\u00e9rie, novo design, campanhas promocionais ou oscila\u00e7\u00f5es naturais do mercado. A seguir, mais detalhes.<\/p>\n<ul>\n<li>&#128197; <a href=\"#Historico\">Hist\u00f3rico<\/a><\/li>\n<li>&#128200; <a href=\"#GraficoPrecos\">Gr\u00e1fico de Pre\u00e7os<\/a><\/li>\n<li>&#128201; <a href=\"#GraficoDepreciacao\">Gr\u00e1fico de Deprecia\u00e7\u00f5es<\/a><\/li>\n<\/ul>\n<h2>Tabela IVECO Stralis NR 740-S41T 3-Eixos 2p Diesel 0 km<\/h2>\n<p>Tabela atual com os atributos de identifica\u00e7\u00e3o:<\/p>\n<table border='1' style='border-collapse: collapse; width: 100%;'>\n<thead>\n<tr>\n<th colspan='2' style='text-align: left;'>Identifica\u00e7\u00e3o Fipe<\/th>\n<\/tr>\n<\/thead>\n<tbody style='background-color: rgba(0, 128, 0, 0.1); color: black;'>\n<tr>\n<td>Marca<\/td>\n<td><strong>IVECO<\/strong><\/td>\n<\/tr>\n<tr>\n<td>Modelo<\/td>\n<td><strong>STRALIS NR 740-S41T 3-Eixos 2p (diesel)<strong><\/td>\n<\/tr>\n<tr>\n<td>Ano\/Modelo<\/td>\n<td><strong>0 km<\/strong><\/td>\n<\/tr>\n<tr>\n<td>C\u00f3digo Fipe<\/td>\n<td>506065-6<\/td>\n<\/tr>\n<tr>\n<td>Combust\u00edvel<\/td>\n<td>Diesel<\/td>\n<\/tr>\n<tr>\n<td>Pot\u00eancia\/Motor<\/td>\n<td>410 cv*<\/td>\n<\/tr>\n<tr>\n<td>Refer\u00eancia<\/td>\n<td>janeiro de 2014<\/td>\n<\/tr>\n<tr>\n<td><strong>Pre\u00e7o<\/strong><\/td>\n<td><strong>R$ 281.552<\/strong><\/td>\n<\/tr>\n<\/tbody>\n<\/table>\n<h2 id='Historico'>Hist\u00f3rico Fipe<\/h2>\n<p>O conte\u00fado da tabela abaixo oferece uma vis\u00e3o resumida dos pre\u00e7os no per\u00edodo, destacando os valores m\u00ednimo, m\u00e1ximo e atual. As varia\u00e7\u00f5es s\u00e3o calculadas com base na primeira coluna (in\u00edcio do per\u00edodo) e na segunda (menor pre\u00e7o).<\/p>\n<table border='1' style='border-collapse: collapse; width: 100%;'>\n<th colspan='5' style='text-align: left;'>Hist\u00f3rico de pre\u00e7os com \u00edndices de varia\u00e7\u00e3o<\/th>\n<tr style='background-color: rgba(234, 234, 234, 0.1); color: black;'>\n<th>M\u00eas\/Ano<\/th>\n<th>Pre\u00e7o (R$)<\/th>\n<th>Varia\u00e7\u00e3o Mensal<\/th>\n<th colspan='2'>Varia\u00e7\u00e3o Acumulada<\/th>\n<\/tr>\n<tr >\n<td style='background-color: rgba(234, 234, 234, 0.1); color: black;'>01\/2012<\/td>\n<td style='background-color: rgba(234, 234, 234, 0.1); color: black;'>332.500<\/td>\n<td style='background-color: rgba(234, 234, 234, 0.1); color: black;'>0,00%<\/td>\n<td style='background-color: rgba(234, 234, 234, 0.1); color: black;'>0,00%<\/td>\n<td style='background-color: rgba(0, 128, 0, 0.1); color: black;'>18,16%<\/td>\n<\/tr>\n<tr style='border: 2px solid #003cff; font-weight: bold;'>\n<td style='background-color: rgba(0, 128, 0, 0.1); color: black;'>07\/2012<\/td>\n<td style='background-color: rgba(0, 128, 0, 0.1); color: black;'>350.000<\/td>\n<td style='background-color: rgba(0, 128, 0, 0.1); color: black;'>4,75%<\/td>\n<td style='background-color: rgba(0, 128, 0, 0.1); color: black;'>5,26%<\/td>\n<td style='background-color: rgba(0, 128, 0, 0.1); color: black;'>24,37%<\/td>\n<\/tr>\n<tr >\n<td style='background-color: rgba(255, 165, 0, 0.1); color: black;'>01\/2013<\/td>\n<td style='background-color: rgba(255, 165, 0, 0.1); color: black;'>313.249<\/td>\n<td style='background-color: rgba(255, 165, 0, 0.1); color: black;'>-5,96%<\/td>\n<td style='background-color: rgba(255, 165, 0, 0.1); color: black;'>-5,79%<\/td>\n<td style='background-color: rgba(0, 128, 0, 0.1); color: black;'>11,31%<\/td>\n<\/tr>\n<tr >\n<td style='background-color: rgba(255, 165, 0, 0.1); color: black;'>05\/2013<\/td>\n<td style='background-color: rgba(255, 165, 0, 0.1); color: black;'>289.534<\/td>\n<td style='background-color: rgba(255, 165, 0, 0.1); color: black;'>-2,14%<\/td>\n<td style='background-color: rgba(255, 165, 0, 0.1); color: black;'>-12,92%<\/td>\n<td style='background-color: rgba(0, 128, 0, 0.1); color: black;'>2,89%<\/td>\n<\/tr>\n<tr >\n<td style='background-color: rgba(255, 165, 0, 0.1); color: black;'>09\/2013<\/td>\n<td style='background-color: rgba(255, 165, 0, 0.1); color: black;'>283.333<\/td>\n<td style='background-color: rgba(255, 165, 0, 0.1); color: black;'>-0,11%<\/td>\n<td style='background-color: rgba(255, 165, 0, 0.1); color: black;'>-14,79%<\/td>\n<td style='background-color: rgba(0, 128, 0, 0.1); color: black;'>0,68%<\/td>\n<\/tr>\n<tr style='border: 2px solid #003cff; font-weight: bold;'>\n<td style='background-color: rgba(255, 165, 0, 0.1); color: black;'>11\/2013<\/td>\n<td style='background-color: rgba(255, 165, 0, 0.1); color: black;'>281.409<\/td>\n<td style='background-color: rgba(255, 165, 0, 0.1); color: black;'>-0,23%<\/td>\n<td style='background-color: rgba(255, 165, 0, 0.1); color: black;'>-15,37%<\/td>\n<td style='background-color: rgba(234, 234, 234, 0.1); color: black;'>0,00%<\/td>\n<\/tr>\n<tr >\n<td style='background-color: rgba(255, 165, 0, 0.1); color: black;'>12\/2013<\/td>\n<td style='background-color: rgba(255, 165, 0, 0.1); color: black;'>281.770<\/td>\n<td style='background-color: rgba(0, 128, 0, 0.1); color: black;'>0,13%<\/td>\n<td style='background-color: rgba(255, 165, 0, 0.1); color: black;'>-15,26%<\/td>\n<td style='background-color: rgba(0, 128, 0, 0.1); color: black;'>0,13%<\/td>\n<\/tr>\n<tr style='border: 2px solid #003cff; font-weight: bold;'>\n<td style='background-color: rgba(255, 165, 0, 0.1); color: black;'>01\/2014<\/td>\n<td style='background-color: rgba(255, 165, 0, 0.1); color: black;'>281.552<\/td>\n<td style='background-color: rgba(255, 165, 0, 0.1); color: black;'>-0,08%<\/td>\n<td style='background-color: rgba(255, 165, 0, 0.1); color: black;'>-15,32%<\/td>\n<td style='background-color: rgba(0, 128, 0, 0.1); color: black;'>0,05%<\/td>\n<\/tr>\n<\/table>\n<h2 id='GraficoPrecos'>Gr\u00e1fico de pre\u00e7os IVECO STRALIS NR 740-S41T 3-Eixos 2p (diesel) 0km<\/h2>\n<p>A seguir, o gr\u00e1fico exibe as varia\u00e7\u00f5es nos pre\u00e7os ao longo do tempo escolhido, segundo os registros da Fipe.<\/p>\n<p><script type=\"text\/javascript\">\n    function loadGoogleCharts(callback) {\n    if (typeof google !== 'undefined' && google.charts) {\n    \/\/ Se a biblioteca j\u00e1 est\u00e1 carregada, chamar o callback diretamente\n    callback();\n    } else {\n    \/\/ Caso contr\u00e1rio, carregar o script\n    if (!document.getElementById('google-charts-script')) {\n    var script = document.createElement('script');\n    script.id = 'google-charts-script';\n    script.src = 'https:\/\/www.gstatic.com\/charts\/loader.js';\n    script.async = true;\n    script.onload = callback;\n    document.head.appendChild(script);\n    } else {\n    \/\/ Se o script j\u00e1 est\u00e1 em processo de carregamento, esperar at\u00e9 que carregue\n    document.getElementById('google-charts-script').addEventListener('load', callback);\n    }\n    }\n    }\n    function drawChart0() {\n    var largura = document.body.clientWidth - 20;\n    if (largura > 615) {\n    largura = 620;\n    }\n    google.charts.load('current', {'packages':['corechart'], 'language': 'pt'});\n    google.charts.setOnLoadCallback(function() {\n    var data = google.visualization.arrayToDataTable([\n    ['M\u00eas\/Ano', 'STRALIS NR 740-S41T 3-Eixos 2p (diesel) 0km'],\n    ['01\/2012', 332500.00],\n['07\/2012', 350000.00],\n['10\/2012', 333117.00],\n['03\/2013', 301544.00],\n['06\/2013', 284185.00],\n['09\/2013', 283333.00],\n['11\/2013', 281409.00],\n['12\/2013', 281770.00],\n['01\/2014', 281552.00]\n    ]);\n    var options = {\n    title: 'FIPE IVECO STRALIS NR 740-S41T 3-Eixos 2p (diesel) 0km',\n    titlePosition: 'top',\n    crosshair: { trigger: 'none', orientation: 'horizontal', opacity: 0.8 },\n    legend: { position: 'bottom', maxLines: 1, textStyle: { fontSize: 12 } },\n    chartArea: {width: '100%', height: '100%', left: 5, top: 20, right: 5, bottom: 25},\n    colors: [\"#00f\"],\n    series: {0: {lineWidth: 2, pointSize: 3, pointShape: \"circle\"}},\n    explorer: {\n    actions: ['dragToZoom', 'rightClickToReset'],\n    maxZoomIn: .15\n    },\n    hAxis: {\n    textPosition: 'in',\n    title: '',\n    viewWindowMode: 'explicit',\n    format: 'MM\/YYYY',\n    gridlines: {color: '#ebebf5'}\n    },\n    vAxis: {\n    textPosition: 'in',\n    title: '',\n    format: 'short',\n    viewWindowMode: 'explicit',\n    gridlines: {color: '#ebebf5'}\n    },\n    curveType: 'function',\n    width: largura,\n    height: 300,\n    backgroundColor: {stroke: 'blue', fill: '#f6f6fd', strokeWidth: 1}\n    };\n    var chart = new google.visualization.LineChart(document.getElementById('chart_div0'));\n    chart.draw(data, options);\n    });\n    }\n    \/\/ Carregar o script do Google Charts e iniciar o gr\u00e1fico espec\u00edfico\n    loadGoogleCharts(drawChart0);\n    <\/script><\/p>\n<div id=\"chart_div0\" style=\"min-height:300px;\"><\/div>\n<h2 id='GraficoDepreciacao'>Gr\u00e1fico da deprecia\u00e7\u00e3o IVECO STRALIS NR 740-S41T 3-Eixos 2p (diesel) 0km<\/h2>\n<p>O gr\u00e1fico exibe a linha azul com a evolu\u00e7\u00e3o da cota\u00e7\u00e3o acumulada dos \u00faltimos meses e a linha laranja, que indica a m\u00e9dia acumulada do mercado no mesmo intervalo, abrangendo todas as marcas, categorias e modelos do mesmo ano, conforme a Fipe.<\/p>\n<p><script type=\"text\/javascript\">\n    function loadGoogleCharts(callback) {\n    if (typeof google !== 'undefined' && google.charts) {\n    \/\/ Se a biblioteca j\u00e1 est\u00e1 carregada, chamar o callback diretamente\n    callback();\n    } else {\n    \/\/ Caso contr\u00e1rio, carregar o script\n    if (!document.getElementById('google-charts-script')) {\n    var script = document.createElement('script');\n    script.id = 'google-charts-script';\n    script.src = 'https:\/\/www.gstatic.com\/charts\/loader.js';\n    script.async = true;\n    script.onload = callback;\n    document.head.appendChild(script);\n    } else {\n    \/\/ Se o script j\u00e1 est\u00e1 em processo de carregamento, esperar at\u00e9 que carregue\n    document.getElementById('google-charts-script').addEventListener('load', callback);\n    }\n    }\n    }\n    function drawChart1() {\n    var largura = document.body.clientWidth - 20;\n    if (largura > 615) {\n    largura = 620;\n    }\n    google.charts.load('current', {'packages':['corechart'], 'language': 'pt'});\n    google.charts.setOnLoadCallback(function() {\n    var data = google.visualization.arrayToDataTable([\n    ['M\u00eas\/Ano', 'STRALIS NR 740-S41T 3-Eixos 2p (diesel) 0km', 'Todos 0km'],\n    ['01\/2013', 0.00, 0.00],\n['02\/2013', -2.01, -0.56],\n['03\/2013', -3.74, -0.56],\n['04\/2013', -5.55, 0.30],\n['05\/2013', -7.57, 0.82],\n['06\/2013', -9.28, 1.07],\n['07\/2013', -9.31, 0.82],\n['08\/2013', -9.45, 1.17],\n['09\/2013', -9.55, 0.93],\n['10\/2013', -9.96, 0.72],\n['11\/2013', -10.16, 0.66],\n['12\/2013', -10.05, 0.46],\n['01\/2014', -10.12, 0.42]\n    ]);\n    var options = {\n    title: '(%) Varia\u00e7\u00e3o STRALIS NR 740-S41T 3-Eixos 2p (diesel) 0km vs M\u00e9dia Modelos 0km',\n    titlePosition: 'top',\n    crosshair: { trigger: 'none', orientation: 'horizontal', opacity: 0.8 },\n    legend: { position: 'bottom', maxLines: 1, textStyle: { fontSize: 12 } },\n    chartArea: {width: '100%', height: '100%', left: 5, top: 20, right: 5, bottom: 25},\n    colors: [\"#00f\",\"#ff7f2a\"],\n    series: {0: {lineWidth: 2, pointSize: 3, pointShape: \"circle\"}, 1: {lineWidth: 2, pointSize: 3, pointShape: \"circle\"}},\n    explorer: {\n    actions: ['dragToZoom', 'rightClickToReset'],\n    maxZoomIn: .15\n    },\n    hAxis: {\n    textPosition: 'in',\n    title: '',\n    viewWindowMode: 'explicit',\n    format: 'MM\/YYYY',\n    gridlines: {color: '#ebebf5'}\n    },\n    vAxis: {\n    textPosition: 'in',\n    title: '',\n    format: 'short',\n    viewWindowMode: 'explicit',\n    gridlines: {color: '#ebebf5'}\n    },\n    curveType: 'function',\n    width: largura,\n    height: 300,\n    backgroundColor: {stroke: 'blue', fill: '#f6f6fd', strokeWidth: 1}\n    };\n    var chart = new google.visualization.LineChart(document.getElementById('chart_div1'));\n    chart.draw(data, options);\n    });\n    }\n    \/\/ Carregar o script do Google Charts e iniciar o gr\u00e1fico espec\u00edfico\n    loadGoogleCharts(drawChart1);\n    <\/script><\/p>\n<div id=\"chart_div1\" style=\"min-height:300px;\"><\/div>\n<p>Os resultados devem ser analisados com cautela, pois fatores como o tipo de modelo, a marca e condi\u00e7\u00f5es externas de mercado podem interferir nas varia\u00e7\u00f5es.<\/p>\n<p><strong>Anos de fabrica\u00e7\u00e3o dispon\u00edveis deste modelo:<\/strong><\/p>\n<ul>\n<li><a href='\/fipet\/preco-tabela-fipe-iveco-stralis-nr-740-s41t-3-eixos-2p-diesel-2010\/'><b>2010<\/b> &#8211; Die: 159.953<\/a><\/li>\n<li><a href='\/fipet\/preco-tabela-fipe-iveco-stralis-nr-740-s41t-3-eixos-2p-diesel-2011\/'><b>2011<\/b> &#8211; Die: 165.130<\/a><\/li>\n<li><a href='\/fipet\/preco-tabela-fipe-iveco-stralis-nr-740-s41t-3-eixos-2p-diesel-2012\/'><b>2012<\/b> &#8211; Die: 181.449<\/a><\/li>\n<\/ul>\n<p><strong>Veja tamb\u00e9m:<\/strong><\/p>\n<ul>\n<li>&#128073; <a href=\"https:\/\/motos-motor.com.br\/fipet\/preco-tabela-fipe-volvo-fh-500-globetrotter-6x2-2p-diesel-e5-2013\/\">VOLVO FH-500 Globetrotter 6&#215;2 2p Diesel E5 2013<\/a> teve queda de 0,50% no \u00faltimo m\u00eas, mas ainda acumula alta de 3,54%<\/li>\n<li>&#128073; Desvalorizando: <a href=\"https:\/\/motos-motor.com.br\/fipet\/preco-tabela-fipe-volvo-fmx-460-6x4-2p-diesel-e5-2016\/\">VOLVO FMX 460 6&#215;4 2p Diesel E5 2016<\/a> registra 20 quedas consecutivas<\/li>\n<li>&#128073; <a href=\"https:\/\/motos-motor.com.br\/fipet\/preco-tabela-fipe-scania-g-360-a-4x2-tres-eixos-a-6x2-2p-diesel-e5-2014\/\">SCANIA G-360 A 4&#215;2 TR\u00caS Eixos A 6&#215;2 2p Diesel E5 2014<\/a> acumula alta de 36,98%, apesar de cair 0,35%<\/li>\n<li>&#128073; <a href=\"https:\/\/motos-motor.com.br\/fipet\/preco-tabela-fipe-volvo-vm-330-8x4-2p-diesel-e5-2015\/\">VOLVO VM 330 8&#215;4 2p Diesel E5 2015<\/a> acumula alta de 32,43%, apesar de cair 0,60%<\/li>\n<\/ul>\n","protected":false},"excerpt":{"rendered":"<p>O pre\u00e7o na tabela do modelo IVECO Stralis NR 740-S41T 3-Eixos 2p Diesel 0 km a diesel \u00e9 de R$ 281.552, segundo dados da Tabela Fipe. No hist\u00f3rico de pre\u00e7os mais recentes, \u00e9 poss\u00edvel notar que este modelo obteve uma desvaloriza\u00e7\u00e3o acumulada de -15,32% entre janeiro de 2012 e janeiro de 2014: Em janeiro de 2012 o pre\u00e7o era de R$ 332.500 passando&#8230;<\/p>\n","protected":false},"author":1,"featured_media":928,"comment_status":"closed","ping_status":"closed","sticky":false,"template":"","format":"standard","meta":{"footnotes":""},"categories":[2187,3969,4035,2188],"tags":[2227,2839,2193],"class_list":["post-23896","post","type-post","status-publish","format-standard","has-post-thumbnail","hentry","category-fipe","category-iveco","category-stralis-nr-740-s41t-3-eixos-2p-diesel","category-trucks","tag-0km","tag-2839","tag-diesel"],"_links":{"self":[{"href":"https:\/\/motos-motor.com.br\/fipet\/wp-json\/wp\/v2\/posts\/23896","targetHints":{"allow":["GET"]}}],"collection":[{"href":"https:\/\/motos-motor.com.br\/fipet\/wp-json\/wp\/v2\/posts"}],"about":[{"href":"https:\/\/motos-motor.com.br\/fipet\/wp-json\/wp\/v2\/types\/post"}],"author":[{"embeddable":true,"href":"https:\/\/motos-motor.com.br\/fipet\/wp-json\/wp\/v2\/users\/1"}],"replies":[{"embeddable":true,"href":"https:\/\/motos-motor.com.br\/fipet\/wp-json\/wp\/v2\/comments?post=23896"}],"version-history":[{"count":0,"href":"https:\/\/motos-motor.com.br\/fipet\/wp-json\/wp\/v2\/posts\/23896\/revisions"}],"wp:featuredmedia":[{"embeddable":true,"href":"https:\/\/motos-motor.com.br\/fipet\/wp-json\/wp\/v2\/media\/928"}],"wp:attachment":[{"href":"https:\/\/motos-motor.com.br\/fipet\/wp-json\/wp\/v2\/media?parent=23896"}],"wp:term":[{"taxonomy":"category","embeddable":true,"href":"https:\/\/motos-motor.com.br\/fipet\/wp-json\/wp\/v2\/categories?post=23896"},{"taxonomy":"post_tag","embeddable":true,"href":"https:\/\/motos-motor.com.br\/fipet\/wp-json\/wp\/v2\/tags?post=23896"}],"curies":[{"name":"wp","href":"https:\/\/api.w.org\/{rel}","templated":true}]}}