{"id":1401,"date":"2023-04-20T16:41:46","date_gmt":"2023-04-20T16:41:46","guid":{"rendered":"https:\/\/motos-motor.com.br\/sugerido\/?p=1401"},"modified":"2024-09-25T15:30:22","modified_gmt":"2024-09-25T15:30:22","slug":"yamaha-fazer-fz25-abs-0km","status":"publish","type":"post","link":"https:\/\/motos-motor.com.br\/sugerido\/yamaha-fazer-fz25-abs-0km\/","title":{"rendered":"Yamaha FAZER FZ25 ABS: pre\u00e7o, fotos, especifica\u00e7\u00f5es"},"content":{"rendered":"O pre\u00e7o p\u00fablico sugerido do modelo\/vers\u00e3o <strong>Yamaha FAZER FZ25 ABS 0km<\/strong> conforme cor dispon\u00edvel \u00e9 de: <b>Azul Met\u00e1lico<\/b> &#8211; <strong>R$ 22790.00*;<\/strong> <b>Preto Fosco<\/b> &#8211; <strong>R$ 21490.00*;<\/strong> <b>Vermelho Met\u00e1lico<\/b> &#8211; <strong>R$ 22790.00*;<\/strong> <b>Verde Fosco<\/b> &#8211; <strong>R$ 22790.00*;<\/strong> <b>Cinza Fosco<\/b> &#8211; <strong>R$ 22790.00*<\/strong> \u00e0 vista, com base na \u00faltima verifica\u00e7\u00e3o em 25\/09\/2024. Confira mais detalhes como varia\u00e7\u00f5es, queda e aumento de pre\u00e7o, conforme a tabela abaixo. O pre\u00e7o sugerido \u00e9 referente ao pagamento \u00e0 vista e n\u00e3o inclui despesas com frete, que pode variar de acordo com a concession\u00e1ria contratada, informa a fabricante.<h2>Tabela de pre\u00e7o Yamaha FAZER FZ25 ABS<\/h2> Tabela de pre\u00e7o com base nas \u00faltimas verifica\u00e7\u00f5es online. <table bgcolor='#e5e6ef'> <thead bgcolor='#cbccd7'><tr><td colspan='3' align='left'>Pre\u00e7o sugerido Yamaha FAZER FZ25 ABS 0km<\/td><\/tr><\/thead> <tbody><tr><td colspan='3' align='left'><b>Cor Azul Met\u00e1lico<\/b><\/td><\/tr> <tr><td>06\/04\/2023 a 24\/06\/2023<\/td><td>21490.00*<\/td><td>0.00%<\/td><\/tr><tr><td>14\/02\/2024 a 25\/09\/2024<\/td><td>22790.00*<\/td><td>+6.05%<\/td><\/tr><tr><td>Acumulado de 06\/04\/2023 a 25\/09\/2024<\/td><td>+1300.00*<\/td><td>+6.05%<\/td><\/tr><tr><td colspan='3' align='left'><b>Cor Preto Fosco<\/b><\/td><\/tr> <tr><td>06\/04\/2023 a 24\/06\/2023<\/td><td>21490.00*<\/td><td>0.00%<\/td><\/tr><tr><td colspan='3' align='left'><b>Cor Vermelho Met\u00e1lico<\/b><\/td><\/tr> <tr><td>06\/04\/2023 a 24\/06\/2023<\/td><td>21490.00*<\/td><td>0.00%<\/td><\/tr><tr><td>14\/02\/2024 a 25\/09\/2024<\/td><td>22790.00*<\/td><td>+6.05%<\/td><\/tr><tr><td>Acumulado de 06\/04\/2023 a 25\/09\/2024<\/td><td>+1300.00*<\/td><td>+6.05%<\/td><\/tr><tr><td colspan='3' align='left'><b>Cor Verde Fosco<\/b><\/td><\/tr> <tr><td>14\/02\/2024 a 25\/09\/2024<\/td><td>22790.00*<\/td><td>0.00%<\/td><\/tr><tr><td colspan='3' align='left'><b>Cor Cinza Fosco<\/b><\/td><\/tr> <tr><td>14\/02\/2024 a 25\/09\/2024<\/td><td>22790.00*<\/td><td>0.00%<\/td><\/tr><\/tbody> <tfoot bgcolor='eceef7'><tr><td colspan='3' align='left'><font style='font-size:14px;'>Valores em R$ (Real &#8211; BRL). Fonte: Yamaha Motos.<\/font><\/td><\/tr><\/tfoot> <\/table><h2>Galeria de imagens<\/h2> Imagens de divulga\u00e7\u00e3o. Clique sobre a foto para expandir a resolu\u00e7\u00e3o.<figure class=\"wp-block-gallery has-nested-images columns-default is-cropped wp-block-gallery-1 is-layout-flex wp-block-gallery-is-layout-flex\"><figure class=\"wp-block-image size-large\"><a href=\"http:\/\/motos-motor.com.br\/sugerido\/wp-content\/uploads\/motos\/yamaha\/fazerfz25abs\/20230406\/fazer-fz25-abs-cor-azul-metalico-0.webp\" target=\"_blank\" rel=\"noopener\" data-rel=\"lightbox-gallery-hpMFloW5\" data-rl_title=\"\" data-rl_caption=\"\" title=\"\"><img loading=\"lazy\" decoding=\"async\" width=\"200\" height=\"133\" data-id=\"1320\" src=\"http:\/\/motos-motor.com.br\/sugerido\/wp-content\/uploads\/motos\/yamaha\/fazerfz25abs\/20230406\/fazer-fz25-abs-cor-azul-metalico-0-200x200.webp\" alt=\"FAZER FZ25 ABS cor Azul Met\u00e1lico 0\" class=\"wp-image-1320\" srcset=\"https:\/\/motos-motor.com.br\/sugerido\/wp-content\/uploads\/motos\/yamaha\/fazerfz25abs\/20230406\/fazer-fz25-abs-cor-azul-metalico-0-200x200.webp 200w, https:\/\/motos-motor.com.br\/sugerido\/wp-content\/uploads\/motos\/yamaha\/fazerfz25abs\/20230406\/fazer-fz25-abs-cor-azul-metalico-0.webp 1600w\" sizes=\"auto, (max-width: 200px) 100vw, 200px\" \/><\/a><\/figure><figure class=\"wp-block-image size-large\"><a href=\"http:\/\/motos-motor.com.br\/sugerido\/wp-content\/uploads\/motos\/yamaha\/fazerfz25abs\/20230406\/fazer-fz25-abs-cor-azul-metalico-1.webp\" target=\"_blank\" rel=\"noopener\" data-rel=\"lightbox-gallery-hpMFloW5\" data-rl_title=\"\" data-rl_caption=\"\" title=\"\"><img loading=\"lazy\" decoding=\"async\" width=\"200\" height=\"133\" data-id=\"1322\" src=\"http:\/\/motos-motor.com.br\/sugerido\/wp-content\/uploads\/motos\/yamaha\/fazerfz25abs\/20230406\/fazer-fz25-abs-cor-azul-metalico-1-200x200.webp\" alt=\"FAZER FZ25 ABS cor Azul Met\u00e1lico 1\" class=\"wp-image-1322\" srcset=\"https:\/\/motos-motor.com.br\/sugerido\/wp-content\/uploads\/motos\/yamaha\/fazerfz25abs\/20230406\/fazer-fz25-abs-cor-azul-metalico-1-200x200.webp 200w, https:\/\/motos-motor.com.br\/sugerido\/wp-content\/uploads\/motos\/yamaha\/fazerfz25abs\/20230406\/fazer-fz25-abs-cor-azul-metalico-1.webp 1600w\" sizes=\"auto, (max-width: 200px) 100vw, 200px\" \/><\/a><\/figure><figure class=\"wp-block-image size-large\"><a href=\"http:\/\/motos-motor.com.br\/sugerido\/wp-content\/uploads\/motos\/yamaha\/fazerfz25abs\/20230406\/fazer-fz25-abs-cor-azul-metalico-2.webp\" target=\"_blank\" rel=\"noopener\" data-rel=\"lightbox-gallery-hpMFloW5\" data-rl_title=\"\" data-rl_caption=\"\" title=\"\"><img loading=\"lazy\" decoding=\"async\" width=\"200\" height=\"133\" data-id=\"1324\" src=\"http:\/\/motos-motor.com.br\/sugerido\/wp-content\/uploads\/motos\/yamaha\/fazerfz25abs\/20230406\/fazer-fz25-abs-cor-azul-metalico-2-200x200.webp\" alt=\"FAZER FZ25 ABS cor Azul Met\u00e1lico 2\" class=\"wp-image-1324\" srcset=\"https:\/\/motos-motor.com.br\/sugerido\/wp-content\/uploads\/motos\/yamaha\/fazerfz25abs\/20230406\/fazer-fz25-abs-cor-azul-metalico-2-200x200.webp 200w, https:\/\/motos-motor.com.br\/sugerido\/wp-content\/uploads\/motos\/yamaha\/fazerfz25abs\/20230406\/fazer-fz25-abs-cor-azul-metalico-2.webp 1600w\" sizes=\"auto, (max-width: 200px) 100vw, 200px\" \/><\/a><\/figure><figure class=\"wp-block-image size-large\"><a href=\"http:\/\/motos-motor.com.br\/sugerido\/wp-content\/uploads\/motos\/yamaha\/fazerfz25abs\/20230406\/fazer-fz25-abs-cor-azul-metalico-3.webp\" target=\"_blank\" rel=\"noopener\" data-rel=\"lightbox-gallery-hpMFloW5\" data-rl_title=\"\" data-rl_caption=\"\" title=\"\"><img loading=\"lazy\" decoding=\"async\" width=\"200\" height=\"133\" data-id=\"1325\" src=\"http:\/\/motos-motor.com.br\/sugerido\/wp-content\/uploads\/motos\/yamaha\/fazerfz25abs\/20230406\/fazer-fz25-abs-cor-azul-metalico-3-200x200.webp\" alt=\"FAZER FZ25 ABS cor Azul Met\u00e1lico 3\" class=\"wp-image-1325\" srcset=\"https:\/\/motos-motor.com.br\/sugerido\/wp-content\/uploads\/motos\/yamaha\/fazerfz25abs\/20230406\/fazer-fz25-abs-cor-azul-metalico-3-200x200.webp 200w, https:\/\/motos-motor.com.br\/sugerido\/wp-content\/uploads\/motos\/yamaha\/fazerfz25abs\/20230406\/fazer-fz25-abs-cor-azul-metalico-3.webp 1600w\" sizes=\"auto, (max-width: 200px) 100vw, 200px\" \/><\/a><\/figure><figure class=\"wp-block-image size-large\"><a href=\"http:\/\/motos-motor.com.br\/sugerido\/wp-content\/uploads\/motos\/yamaha\/fazerfz25abs\/20230406\/fazer-fz25-abs-cor-azul-metalico-4.webp\" target=\"_blank\" rel=\"noopener\" data-rel=\"lightbox-gallery-hpMFloW5\" data-rl_title=\"\" data-rl_caption=\"\" title=\"\"><img loading=\"lazy\" decoding=\"async\" width=\"200\" height=\"133\" data-id=\"1327\" src=\"http:\/\/motos-motor.com.br\/sugerido\/wp-content\/uploads\/motos\/yamaha\/fazerfz25abs\/20230406\/fazer-fz25-abs-cor-azul-metalico-4-200x200.webp\" alt=\"FAZER FZ25 ABS cor Azul Met\u00e1lico 4\" class=\"wp-image-1327\" srcset=\"https:\/\/motos-motor.com.br\/sugerido\/wp-content\/uploads\/motos\/yamaha\/fazerfz25abs\/20230406\/fazer-fz25-abs-cor-azul-metalico-4-200x200.webp 200w, https:\/\/motos-motor.com.br\/sugerido\/wp-content\/uploads\/motos\/yamaha\/fazerfz25abs\/20230406\/fazer-fz25-abs-cor-azul-metalico-4.webp 1600w\" sizes=\"auto, (max-width: 200px) 100vw, 200px\" \/><\/a><\/figure><figure class=\"wp-block-image size-large\"><a href=\"http:\/\/motos-motor.com.br\/sugerido\/wp-content\/uploads\/motos\/yamaha\/fazerfz25abs\/20230406\/fazer-fz25-abs-cor-azul-metalico-5.webp\" target=\"_blank\" rel=\"noopener\" data-rel=\"lightbox-gallery-hpMFloW5\" data-rl_title=\"\" data-rl_caption=\"\" title=\"\"><img loading=\"lazy\" decoding=\"async\" width=\"200\" height=\"133\" data-id=\"1328\" src=\"http:\/\/motos-motor.com.br\/sugerido\/wp-content\/uploads\/motos\/yamaha\/fazerfz25abs\/20230406\/fazer-fz25-abs-cor-azul-metalico-5-200x200.webp\" alt=\"FAZER FZ25 ABS cor Azul Met\u00e1lico 5\" class=\"wp-image-1328\" srcset=\"https:\/\/motos-motor.com.br\/sugerido\/wp-content\/uploads\/motos\/yamaha\/fazerfz25abs\/20230406\/fazer-fz25-abs-cor-azul-metalico-5-200x200.webp 200w, https:\/\/motos-motor.com.br\/sugerido\/wp-content\/uploads\/motos\/yamaha\/fazerfz25abs\/20230406\/fazer-fz25-abs-cor-azul-metalico-5.webp 1600w\" sizes=\"auto, (max-width: 200px) 100vw, 200px\" \/><\/a><\/figure><figure class=\"wp-block-image size-large\"><a href=\"http:\/\/motos-motor.com.br\/sugerido\/wp-content\/uploads\/motos\/yamaha\/fazerfz25abs\/20230406\/fazer-fz25-abs-cor-azul-metalico-6.webp\" target=\"_blank\" rel=\"noopener\" data-rel=\"lightbox-gallery-hpMFloW5\" data-rl_title=\"\" data-rl_caption=\"\" title=\"\"><img loading=\"lazy\" decoding=\"async\" width=\"200\" height=\"133\" data-id=\"1330\" src=\"http:\/\/motos-motor.com.br\/sugerido\/wp-content\/uploads\/motos\/yamaha\/fazerfz25abs\/20230406\/fazer-fz25-abs-cor-azul-metalico-6-200x200.webp\" alt=\"FAZER FZ25 ABS cor Azul Met\u00e1lico 6\" class=\"wp-image-1330\" srcset=\"https:\/\/motos-motor.com.br\/sugerido\/wp-content\/uploads\/motos\/yamaha\/fazerfz25abs\/20230406\/fazer-fz25-abs-cor-azul-metalico-6-200x200.webp 200w, https:\/\/motos-motor.com.br\/sugerido\/wp-content\/uploads\/motos\/yamaha\/fazerfz25abs\/20230406\/fazer-fz25-abs-cor-azul-metalico-6.webp 1600w\" sizes=\"auto, (max-width: 200px) 100vw, 200px\" \/><\/a><\/figure><figure class=\"wp-block-image size-large\"><a href=\"http:\/\/motos-motor.com.br\/sugerido\/wp-content\/uploads\/motos\/yamaha\/fazerfz25abs\/20230406\/fazer-fz25-abs-cor-azul-metalico-7.webp\" target=\"_blank\" rel=\"noopener\" data-rel=\"lightbox-gallery-hpMFloW5\" data-rl_title=\"\" data-rl_caption=\"\" title=\"\"><img loading=\"lazy\" decoding=\"async\" width=\"200\" height=\"133\" data-id=\"1332\" src=\"http:\/\/motos-motor.com.br\/sugerido\/wp-content\/uploads\/motos\/yamaha\/fazerfz25abs\/20230406\/fazer-fz25-abs-cor-azul-metalico-7-200x200.webp\" alt=\"FAZER FZ25 ABS cor Azul Met\u00e1lico 7\" class=\"wp-image-1332\" srcset=\"https:\/\/motos-motor.com.br\/sugerido\/wp-content\/uploads\/motos\/yamaha\/fazerfz25abs\/20230406\/fazer-fz25-abs-cor-azul-metalico-7-200x200.webp 200w, https:\/\/motos-motor.com.br\/sugerido\/wp-content\/uploads\/motos\/yamaha\/fazerfz25abs\/20230406\/fazer-fz25-abs-cor-azul-metalico-7.webp 1600w\" sizes=\"auto, (max-width: 200px) 100vw, 200px\" \/><\/a><\/figure><figure class=\"wp-block-image size-large\"><a href=\"http:\/\/motos-motor.com.br\/sugerido\/wp-content\/uploads\/motos\/yamaha\/fazerfz25abs\/20230406\/fazer-fz25-abs-cor-azul-metalico-8.webp\" target=\"_blank\" rel=\"noopener\" data-rel=\"lightbox-gallery-hpMFloW5\" data-rl_title=\"\" data-rl_caption=\"\" title=\"\"><img loading=\"lazy\" decoding=\"async\" width=\"200\" height=\"133\" data-id=\"1335\" src=\"http:\/\/motos-motor.com.br\/sugerido\/wp-content\/uploads\/motos\/yamaha\/fazerfz25abs\/20230406\/fazer-fz25-abs-cor-azul-metalico-8-200x200.webp\" alt=\"FAZER FZ25 ABS cor Azul Met\u00e1lico 8\" class=\"wp-image-1335\" srcset=\"https:\/\/motos-motor.com.br\/sugerido\/wp-content\/uploads\/motos\/yamaha\/fazerfz25abs\/20230406\/fazer-fz25-abs-cor-azul-metalico-8-200x200.webp 200w, https:\/\/motos-motor.com.br\/sugerido\/wp-content\/uploads\/motos\/yamaha\/fazerfz25abs\/20230406\/fazer-fz25-abs-cor-azul-metalico-8.webp 1600w\" sizes=\"auto, (max-width: 200px) 100vw, 200px\" \/><\/a><\/figure><figure class=\"wp-block-image size-large\"><a href=\"http:\/\/motos-motor.com.br\/sugerido\/wp-content\/uploads\/motos\/yamaha\/fazerfz25abs\/20230406\/fazer-fz25-abs-cor-azul-metalico-9.webp\" target=\"_blank\" rel=\"noopener\" data-rel=\"lightbox-gallery-hpMFloW5\" data-rl_title=\"\" data-rl_caption=\"\" title=\"\"><img loading=\"lazy\" decoding=\"async\" width=\"200\" height=\"133\" data-id=\"1336\" src=\"http:\/\/motos-motor.com.br\/sugerido\/wp-content\/uploads\/motos\/yamaha\/fazerfz25abs\/20230406\/fazer-fz25-abs-cor-azul-metalico-9-200x200.webp\" alt=\"FAZER FZ25 ABS cor Azul Met\u00e1lico 9\" class=\"wp-image-1336\" srcset=\"https:\/\/motos-motor.com.br\/sugerido\/wp-content\/uploads\/motos\/yamaha\/fazerfz25abs\/20230406\/fazer-fz25-abs-cor-azul-metalico-9-200x200.webp 200w, https:\/\/motos-motor.com.br\/sugerido\/wp-content\/uploads\/motos\/yamaha\/fazerfz25abs\/20230406\/fazer-fz25-abs-cor-azul-metalico-9.webp 1600w\" sizes=\"auto, (max-width: 200px) 100vw, 200px\" \/><\/a><\/figure><figure class=\"wp-block-image size-large\"><a href=\"http:\/\/motos-motor.com.br\/sugerido\/wp-content\/uploads\/motos\/yamaha\/fazerfz25abs\/20230406\/fazer-fz25-abs-cor-azul-metalico-10.webp\" target=\"_blank\" rel=\"noopener\" data-rel=\"lightbox-gallery-hpMFloW5\" data-rl_title=\"\" data-rl_caption=\"\" title=\"\"><img loading=\"lazy\" decoding=\"async\" width=\"200\" height=\"133\" data-id=\"1338\" src=\"http:\/\/motos-motor.com.br\/sugerido\/wp-content\/uploads\/motos\/yamaha\/fazerfz25abs\/20230406\/fazer-fz25-abs-cor-azul-metalico-10-200x200.webp\" alt=\"FAZER FZ25 ABS cor Azul Met\u00e1lico 10\" class=\"wp-image-1338\" srcset=\"https:\/\/motos-motor.com.br\/sugerido\/wp-content\/uploads\/motos\/yamaha\/fazerfz25abs\/20230406\/fazer-fz25-abs-cor-azul-metalico-10-200x200.webp 200w, https:\/\/motos-motor.com.br\/sugerido\/wp-content\/uploads\/motos\/yamaha\/fazerfz25abs\/20230406\/fazer-fz25-abs-cor-azul-metalico-10.webp 1600w\" sizes=\"auto, (max-width: 200px) 100vw, 200px\" \/><\/a><\/figure><figure class=\"wp-block-image size-large\"><a href=\"http:\/\/motos-motor.com.br\/sugerido\/wp-content\/uploads\/motos\/yamaha\/fazerfz25abs\/20230406\/fazer-fz25-abs-cor-azul-metalico-11.webp\" target=\"_blank\" rel=\"noopener\" data-rel=\"lightbox-gallery-hpMFloW5\" data-rl_title=\"\" data-rl_caption=\"\" title=\"\"><img loading=\"lazy\" decoding=\"async\" width=\"200\" height=\"133\" data-id=\"1340\" src=\"http:\/\/motos-motor.com.br\/sugerido\/wp-content\/uploads\/motos\/yamaha\/fazerfz25abs\/20230406\/fazer-fz25-abs-cor-azul-metalico-11-200x200.webp\" alt=\"FAZER FZ25 ABS cor Azul Met\u00e1lico 11\" class=\"wp-image-1340\" srcset=\"https:\/\/motos-motor.com.br\/sugerido\/wp-content\/uploads\/motos\/yamaha\/fazerfz25abs\/20230406\/fazer-fz25-abs-cor-azul-metalico-11-200x200.webp 200w, https:\/\/motos-motor.com.br\/sugerido\/wp-content\/uploads\/motos\/yamaha\/fazerfz25abs\/20230406\/fazer-fz25-abs-cor-azul-metalico-11.webp 1600w\" sizes=\"auto, (max-width: 200px) 100vw, 200px\" \/><\/a><\/figure><figure class=\"wp-block-image size-large\"><a href=\"http:\/\/motos-motor.com.br\/sugerido\/wp-content\/uploads\/motos\/yamaha\/fazerfz25abs\/20230406\/fazer-fz25-abs-cor-azul-metalico-12.webp\" target=\"_blank\" rel=\"noopener\" data-rel=\"lightbox-gallery-hpMFloW5\" data-rl_title=\"\" data-rl_caption=\"\" title=\"\"><img loading=\"lazy\" decoding=\"async\" width=\"200\" height=\"133\" data-id=\"1342\" src=\"http:\/\/motos-motor.com.br\/sugerido\/wp-content\/uploads\/motos\/yamaha\/fazerfz25abs\/20230406\/fazer-fz25-abs-cor-azul-metalico-12-200x200.webp\" alt=\"FAZER FZ25 ABS cor Azul Met\u00e1lico 12\" class=\"wp-image-1342\" srcset=\"https:\/\/motos-motor.com.br\/sugerido\/wp-content\/uploads\/motos\/yamaha\/fazerfz25abs\/20230406\/fazer-fz25-abs-cor-azul-metalico-12-200x200.webp 200w, https:\/\/motos-motor.com.br\/sugerido\/wp-content\/uploads\/motos\/yamaha\/fazerfz25abs\/20230406\/fazer-fz25-abs-cor-azul-metalico-12.webp 1600w\" sizes=\"auto, (max-width: 200px) 100vw, 200px\" \/><\/a><\/figure><figure class=\"wp-block-image size-large\"><a href=\"http:\/\/motos-motor.com.br\/sugerido\/wp-content\/uploads\/motos\/yamaha\/fazerfz25abs\/20230406\/fazer-fz25-abs-cor-azul-metalico-13.webp\" target=\"_blank\" rel=\"noopener\" data-rel=\"lightbox-gallery-hpMFloW5\" data-rl_title=\"\" data-rl_caption=\"\" title=\"\"><img loading=\"lazy\" decoding=\"async\" width=\"200\" height=\"133\" data-id=\"1344\" src=\"http:\/\/motos-motor.com.br\/sugerido\/wp-content\/uploads\/motos\/yamaha\/fazerfz25abs\/20230406\/fazer-fz25-abs-cor-azul-metalico-13-200x200.webp\" alt=\"FAZER FZ25 ABS cor Azul Met\u00e1lico 13\" class=\"wp-image-1344\" srcset=\"https:\/\/motos-motor.com.br\/sugerido\/wp-content\/uploads\/motos\/yamaha\/fazerfz25abs\/20230406\/fazer-fz25-abs-cor-azul-metalico-13-200x200.webp 200w, https:\/\/motos-motor.com.br\/sugerido\/wp-content\/uploads\/motos\/yamaha\/fazerfz25abs\/20230406\/fazer-fz25-abs-cor-azul-metalico-13.webp 1600w\" sizes=\"auto, (max-width: 200px) 100vw, 200px\" \/><\/a><\/figure><figure class=\"wp-block-image size-large\"><a href=\"http:\/\/motos-motor.com.br\/sugerido\/wp-content\/uploads\/motos\/yamaha\/fazerfz25abs\/20230406\/fazer-fz25-abs-cor-azul-metalico-14.webp\" target=\"_blank\" rel=\"noopener\" data-rel=\"lightbox-gallery-hpMFloW5\" data-rl_title=\"\" data-rl_caption=\"\" title=\"\"><img loading=\"lazy\" decoding=\"async\" width=\"200\" height=\"133\" data-id=\"1347\" src=\"http:\/\/motos-motor.com.br\/sugerido\/wp-content\/uploads\/motos\/yamaha\/fazerfz25abs\/20230406\/fazer-fz25-abs-cor-azul-metalico-14-200x200.webp\" alt=\"FAZER FZ25 ABS cor Azul Met\u00e1lico 14\" class=\"wp-image-1347\" srcset=\"https:\/\/motos-motor.com.br\/sugerido\/wp-content\/uploads\/motos\/yamaha\/fazerfz25abs\/20230406\/fazer-fz25-abs-cor-azul-metalico-14-200x200.webp 200w, https:\/\/motos-motor.com.br\/sugerido\/wp-content\/uploads\/motos\/yamaha\/fazerfz25abs\/20230406\/fazer-fz25-abs-cor-azul-metalico-14.webp 1600w\" sizes=\"auto, (max-width: 200px) 100vw, 200px\" \/><\/a><\/figure><figure class=\"wp-block-image size-large\"><a href=\"http:\/\/motos-motor.com.br\/sugerido\/wp-content\/uploads\/motos\/yamaha\/fazerfz25abs\/20230406\/fazer-fz25-abs-cor-azul-metalico-15.webp\" target=\"_blank\" rel=\"noopener\" data-rel=\"lightbox-gallery-hpMFloW5\" data-rl_title=\"\" data-rl_caption=\"\" title=\"\"><img loading=\"lazy\" decoding=\"async\" width=\"200\" height=\"133\" data-id=\"1348\" src=\"http:\/\/motos-motor.com.br\/sugerido\/wp-content\/uploads\/motos\/yamaha\/fazerfz25abs\/20230406\/fazer-fz25-abs-cor-azul-metalico-15-200x200.webp\" alt=\"FAZER FZ25 ABS cor Azul Met\u00e1lico 15\" class=\"wp-image-1348\" srcset=\"https:\/\/motos-motor.com.br\/sugerido\/wp-content\/uploads\/motos\/yamaha\/fazerfz25abs\/20230406\/fazer-fz25-abs-cor-azul-metalico-15-200x200.webp 200w, https:\/\/motos-motor.com.br\/sugerido\/wp-content\/uploads\/motos\/yamaha\/fazerfz25abs\/20230406\/fazer-fz25-abs-cor-azul-metalico-15.webp 1600w\" sizes=\"auto, (max-width: 200px) 100vw, 200px\" \/><\/a><\/figure><figure class=\"wp-block-image size-large\"><a href=\"http:\/\/motos-motor.com.br\/sugerido\/wp-content\/uploads\/motos\/yamaha\/fazerfz25abs\/20230406\/fazer-fz25-abs-cor-preto-fosco-16.webp\" target=\"_blank\" rel=\"noopener\" data-rel=\"lightbox-gallery-hpMFloW5\" data-rl_title=\"\" data-rl_caption=\"\" title=\"\"><img loading=\"lazy\" decoding=\"async\" width=\"200\" height=\"133\" data-id=\"1350\" src=\"http:\/\/motos-motor.com.br\/sugerido\/wp-content\/uploads\/motos\/yamaha\/fazerfz25abs\/20230406\/fazer-fz25-abs-cor-preto-fosco-16-200x200.webp\" alt=\"FAZER FZ25 ABS cor Preto Fosco 16\" class=\"wp-image-1350\" srcset=\"https:\/\/motos-motor.com.br\/sugerido\/wp-content\/uploads\/motos\/yamaha\/fazerfz25abs\/20230406\/fazer-fz25-abs-cor-preto-fosco-16-200x200.webp 200w, https:\/\/motos-motor.com.br\/sugerido\/wp-content\/uploads\/motos\/yamaha\/fazerfz25abs\/20230406\/fazer-fz25-abs-cor-preto-fosco-16.webp 1600w\" sizes=\"auto, (max-width: 200px) 100vw, 200px\" \/><\/a><\/figure><figure class=\"wp-block-image size-large\"><a href=\"http:\/\/motos-motor.com.br\/sugerido\/wp-content\/uploads\/motos\/yamaha\/fazerfz25abs\/20230406\/fazer-fz25-abs-cor-preto-fosco-17.webp\" target=\"_blank\" rel=\"noopener\" data-rel=\"lightbox-gallery-hpMFloW5\" data-rl_title=\"\" data-rl_caption=\"\" title=\"\"><img loading=\"lazy\" decoding=\"async\" width=\"200\" height=\"133\" data-id=\"1352\" src=\"http:\/\/motos-motor.com.br\/sugerido\/wp-content\/uploads\/motos\/yamaha\/fazerfz25abs\/20230406\/fazer-fz25-abs-cor-preto-fosco-17-200x200.webp\" alt=\"FAZER FZ25 ABS cor Preto Fosco 17\" class=\"wp-image-1352\" srcset=\"https:\/\/motos-motor.com.br\/sugerido\/wp-content\/uploads\/motos\/yamaha\/fazerfz25abs\/20230406\/fazer-fz25-abs-cor-preto-fosco-17-200x200.webp 200w, https:\/\/motos-motor.com.br\/sugerido\/wp-content\/uploads\/motos\/yamaha\/fazerfz25abs\/20230406\/fazer-fz25-abs-cor-preto-fosco-17.webp 1600w\" sizes=\"auto, (max-width: 200px) 100vw, 200px\" \/><\/a><\/figure><figure class=\"wp-block-image size-large\"><a href=\"http:\/\/motos-motor.com.br\/sugerido\/wp-content\/uploads\/motos\/yamaha\/fazerfz25abs\/20230406\/fazer-fz25-abs-cor-preto-fosco-18.webp\" target=\"_blank\" rel=\"noopener\" data-rel=\"lightbox-gallery-hpMFloW5\" data-rl_title=\"\" data-rl_caption=\"\" title=\"\"><img loading=\"lazy\" decoding=\"async\" width=\"200\" height=\"133\" data-id=\"1354\" src=\"http:\/\/motos-motor.com.br\/sugerido\/wp-content\/uploads\/motos\/yamaha\/fazerfz25abs\/20230406\/fazer-fz25-abs-cor-preto-fosco-18-200x200.webp\" alt=\"FAZER FZ25 ABS cor Preto Fosco 18\" class=\"wp-image-1354\" srcset=\"https:\/\/motos-motor.com.br\/sugerido\/wp-content\/uploads\/motos\/yamaha\/fazerfz25abs\/20230406\/fazer-fz25-abs-cor-preto-fosco-18-200x200.webp 200w, https:\/\/motos-motor.com.br\/sugerido\/wp-content\/uploads\/motos\/yamaha\/fazerfz25abs\/20230406\/fazer-fz25-abs-cor-preto-fosco-18.webp 1600w\" sizes=\"auto, (max-width: 200px) 100vw, 200px\" \/><\/a><\/figure><figure class=\"wp-block-image size-large\"><a href=\"http:\/\/motos-motor.com.br\/sugerido\/wp-content\/uploads\/motos\/yamaha\/fazerfz25abs\/20230406\/fazer-fz25-abs-cor-preto-fosco-19.webp\" target=\"_blank\" rel=\"noopener\" data-rel=\"lightbox-gallery-hpMFloW5\" data-rl_title=\"\" data-rl_caption=\"\" title=\"\"><img loading=\"lazy\" decoding=\"async\" width=\"200\" height=\"133\" data-id=\"1356\" src=\"http:\/\/motos-motor.com.br\/sugerido\/wp-content\/uploads\/motos\/yamaha\/fazerfz25abs\/20230406\/fazer-fz25-abs-cor-preto-fosco-19-200x200.webp\" alt=\"FAZER FZ25 ABS cor Preto Fosco 19\" class=\"wp-image-1356\" srcset=\"https:\/\/motos-motor.com.br\/sugerido\/wp-content\/uploads\/motos\/yamaha\/fazerfz25abs\/20230406\/fazer-fz25-abs-cor-preto-fosco-19-200x200.webp 200w, https:\/\/motos-motor.com.br\/sugerido\/wp-content\/uploads\/motos\/yamaha\/fazerfz25abs\/20230406\/fazer-fz25-abs-cor-preto-fosco-19.webp 1600w\" sizes=\"auto, (max-width: 200px) 100vw, 200px\" \/><\/a><\/figure><figure class=\"wp-block-image size-large\"><a href=\"http:\/\/motos-motor.com.br\/sugerido\/wp-content\/uploads\/motos\/yamaha\/fazerfz25abs\/20230406\/fazer-fz25-abs-cor-preto-fosco-20.webp\" target=\"_blank\" rel=\"noopener\" data-rel=\"lightbox-gallery-hpMFloW5\" data-rl_title=\"\" data-rl_caption=\"\" title=\"\"><img loading=\"lazy\" decoding=\"async\" width=\"200\" height=\"133\" data-id=\"1358\" src=\"http:\/\/motos-motor.com.br\/sugerido\/wp-content\/uploads\/motos\/yamaha\/fazerfz25abs\/20230406\/fazer-fz25-abs-cor-preto-fosco-20-200x200.webp\" alt=\"FAZER FZ25 ABS cor Preto Fosco 20\" class=\"wp-image-1358\" srcset=\"https:\/\/motos-motor.com.br\/sugerido\/wp-content\/uploads\/motos\/yamaha\/fazerfz25abs\/20230406\/fazer-fz25-abs-cor-preto-fosco-20-200x200.webp 200w, https:\/\/motos-motor.com.br\/sugerido\/wp-content\/uploads\/motos\/yamaha\/fazerfz25abs\/20230406\/fazer-fz25-abs-cor-preto-fosco-20.webp 1600w\" sizes=\"auto, (max-width: 200px) 100vw, 200px\" \/><\/a><\/figure><figure class=\"wp-block-image size-large\"><a href=\"http:\/\/motos-motor.com.br\/sugerido\/wp-content\/uploads\/motos\/yamaha\/fazerfz25abs\/20230406\/fazer-fz25-abs-cor-preto-fosco-21.webp\" target=\"_blank\" rel=\"noopener\" data-rel=\"lightbox-gallery-hpMFloW5\" data-rl_title=\"\" data-rl_caption=\"\" title=\"\"><img loading=\"lazy\" decoding=\"async\" width=\"200\" height=\"133\" data-id=\"1360\" src=\"http:\/\/motos-motor.com.br\/sugerido\/wp-content\/uploads\/motos\/yamaha\/fazerfz25abs\/20230406\/fazer-fz25-abs-cor-preto-fosco-21-200x200.webp\" alt=\"FAZER FZ25 ABS cor Preto Fosco 21\" class=\"wp-image-1360\" srcset=\"https:\/\/motos-motor.com.br\/sugerido\/wp-content\/uploads\/motos\/yamaha\/fazerfz25abs\/20230406\/fazer-fz25-abs-cor-preto-fosco-21-200x200.webp 200w, https:\/\/motos-motor.com.br\/sugerido\/wp-content\/uploads\/motos\/yamaha\/fazerfz25abs\/20230406\/fazer-fz25-abs-cor-preto-fosco-21.webp 1600w\" sizes=\"auto, (max-width: 200px) 100vw, 200px\" \/><\/a><\/figure><figure class=\"wp-block-image size-large\"><a href=\"http:\/\/motos-motor.com.br\/sugerido\/wp-content\/uploads\/motos\/yamaha\/fazerfz25abs\/20230406\/fazer-fz25-abs-cor-preto-fosco-22.webp\" target=\"_blank\" rel=\"noopener\" data-rel=\"lightbox-gallery-hpMFloW5\" data-rl_title=\"\" data-rl_caption=\"\" title=\"\"><img loading=\"lazy\" decoding=\"async\" width=\"200\" height=\"133\" data-id=\"1362\" src=\"http:\/\/motos-motor.com.br\/sugerido\/wp-content\/uploads\/motos\/yamaha\/fazerfz25abs\/20230406\/fazer-fz25-abs-cor-preto-fosco-22-200x200.webp\" alt=\"FAZER FZ25 ABS cor Preto Fosco 22\" class=\"wp-image-1362\" srcset=\"https:\/\/motos-motor.com.br\/sugerido\/wp-content\/uploads\/motos\/yamaha\/fazerfz25abs\/20230406\/fazer-fz25-abs-cor-preto-fosco-22-200x200.webp 200w, https:\/\/motos-motor.com.br\/sugerido\/wp-content\/uploads\/motos\/yamaha\/fazerfz25abs\/20230406\/fazer-fz25-abs-cor-preto-fosco-22.webp 1600w\" sizes=\"auto, (max-width: 200px) 100vw, 200px\" \/><\/a><\/figure><figure class=\"wp-block-image size-large\"><a href=\"http:\/\/motos-motor.com.br\/sugerido\/wp-content\/uploads\/motos\/yamaha\/fazerfz25abs\/20230406\/fazer-fz25-abs-cor-preto-fosco-23.webp\" target=\"_blank\" rel=\"noopener\" data-rel=\"lightbox-gallery-hpMFloW5\" data-rl_title=\"\" data-rl_caption=\"\" title=\"\"><img loading=\"lazy\" decoding=\"async\" width=\"200\" height=\"133\" data-id=\"1364\" src=\"http:\/\/motos-motor.com.br\/sugerido\/wp-content\/uploads\/motos\/yamaha\/fazerfz25abs\/20230406\/fazer-fz25-abs-cor-preto-fosco-23-200x200.webp\" alt=\"FAZER FZ25 ABS cor Preto Fosco 23\" class=\"wp-image-1364\" srcset=\"https:\/\/motos-motor.com.br\/sugerido\/wp-content\/uploads\/motos\/yamaha\/fazerfz25abs\/20230406\/fazer-fz25-abs-cor-preto-fosco-23-200x200.webp 200w, https:\/\/motos-motor.com.br\/sugerido\/wp-content\/uploads\/motos\/yamaha\/fazerfz25abs\/20230406\/fazer-fz25-abs-cor-preto-fosco-23.webp 1600w\" sizes=\"auto, (max-width: 200px) 100vw, 200px\" \/><\/a><\/figure><figure class=\"wp-block-image size-large\"><a href=\"http:\/\/motos-motor.com.br\/sugerido\/wp-content\/uploads\/motos\/yamaha\/fazerfz25abs\/20230406\/fazer-fz25-abs-cor-preto-fosco-24.webp\" target=\"_blank\" rel=\"noopener\" data-rel=\"lightbox-gallery-hpMFloW5\" data-rl_title=\"\" data-rl_caption=\"\" title=\"\"><img loading=\"lazy\" decoding=\"async\" width=\"200\" height=\"133\" data-id=\"1366\" src=\"http:\/\/motos-motor.com.br\/sugerido\/wp-content\/uploads\/motos\/yamaha\/fazerfz25abs\/20230406\/fazer-fz25-abs-cor-preto-fosco-24-200x200.webp\" alt=\"FAZER FZ25 ABS cor Preto Fosco 24\" class=\"wp-image-1366\" srcset=\"https:\/\/motos-motor.com.br\/sugerido\/wp-content\/uploads\/motos\/yamaha\/fazerfz25abs\/20230406\/fazer-fz25-abs-cor-preto-fosco-24-200x200.webp 200w, https:\/\/motos-motor.com.br\/sugerido\/wp-content\/uploads\/motos\/yamaha\/fazerfz25abs\/20230406\/fazer-fz25-abs-cor-preto-fosco-24.webp 1600w\" sizes=\"auto, (max-width: 200px) 100vw, 200px\" \/><\/a><\/figure><figure class=\"wp-block-image size-large\"><a href=\"http:\/\/motos-motor.com.br\/sugerido\/wp-content\/uploads\/motos\/yamaha\/fazerfz25abs\/20230406\/fazer-fz25-abs-cor-preto-fosco-25.webp\" target=\"_blank\" rel=\"noopener\" data-rel=\"lightbox-gallery-hpMFloW5\" data-rl_title=\"\" data-rl_caption=\"\" title=\"\"><img loading=\"lazy\" decoding=\"async\" width=\"200\" height=\"133\" data-id=\"1368\" src=\"http:\/\/motos-motor.com.br\/sugerido\/wp-content\/uploads\/motos\/yamaha\/fazerfz25abs\/20230406\/fazer-fz25-abs-cor-preto-fosco-25-200x200.webp\" alt=\"FAZER FZ25 ABS cor Preto Fosco 25\" class=\"wp-image-1368\" srcset=\"https:\/\/motos-motor.com.br\/sugerido\/wp-content\/uploads\/motos\/yamaha\/fazerfz25abs\/20230406\/fazer-fz25-abs-cor-preto-fosco-25-200x200.webp 200w, https:\/\/motos-motor.com.br\/sugerido\/wp-content\/uploads\/motos\/yamaha\/fazerfz25abs\/20230406\/fazer-fz25-abs-cor-preto-fosco-25.webp 1600w\" sizes=\"auto, (max-width: 200px) 100vw, 200px\" \/><\/a><\/figure><figure class=\"wp-block-image size-large\"><a href=\"http:\/\/motos-motor.com.br\/sugerido\/wp-content\/uploads\/motos\/yamaha\/fazerfz25abs\/20230406\/fazer-fz25-abs-cor-preto-fosco-26.webp\" target=\"_blank\" rel=\"noopener\" data-rel=\"lightbox-gallery-hpMFloW5\" data-rl_title=\"\" data-rl_caption=\"\" title=\"\"><img loading=\"lazy\" decoding=\"async\" width=\"200\" height=\"133\" data-id=\"1370\" src=\"http:\/\/motos-motor.com.br\/sugerido\/wp-content\/uploads\/motos\/yamaha\/fazerfz25abs\/20230406\/fazer-fz25-abs-cor-preto-fosco-26-200x200.webp\" alt=\"FAZER FZ25 ABS cor Preto Fosco 26\" class=\"wp-image-1370\" srcset=\"https:\/\/motos-motor.com.br\/sugerido\/wp-content\/uploads\/motos\/yamaha\/fazerfz25abs\/20230406\/fazer-fz25-abs-cor-preto-fosco-26-200x200.webp 200w, https:\/\/motos-motor.com.br\/sugerido\/wp-content\/uploads\/motos\/yamaha\/fazerfz25abs\/20230406\/fazer-fz25-abs-cor-preto-fosco-26.webp 1600w\" sizes=\"auto, (max-width: 200px) 100vw, 200px\" \/><\/a><\/figure><figure class=\"wp-block-image size-large\"><a href=\"http:\/\/motos-motor.com.br\/sugerido\/wp-content\/uploads\/motos\/yamaha\/fazerfz25abs\/20230406\/fazer-fz25-abs-cor-preto-fosco-27.webp\" target=\"_blank\" rel=\"noopener\" data-rel=\"lightbox-gallery-hpMFloW5\" data-rl_title=\"\" data-rl_caption=\"\" title=\"\"><img loading=\"lazy\" decoding=\"async\" width=\"200\" height=\"133\" data-id=\"1372\" src=\"http:\/\/motos-motor.com.br\/sugerido\/wp-content\/uploads\/motos\/yamaha\/fazerfz25abs\/20230406\/fazer-fz25-abs-cor-preto-fosco-27-200x200.webp\" alt=\"FAZER FZ25 ABS cor Preto Fosco 27\" class=\"wp-image-1372\" srcset=\"https:\/\/motos-motor.com.br\/sugerido\/wp-content\/uploads\/motos\/yamaha\/fazerfz25abs\/20230406\/fazer-fz25-abs-cor-preto-fosco-27-200x200.webp 200w, https:\/\/motos-motor.com.br\/sugerido\/wp-content\/uploads\/motos\/yamaha\/fazerfz25abs\/20230406\/fazer-fz25-abs-cor-preto-fosco-27.webp 1600w\" sizes=\"auto, (max-width: 200px) 100vw, 200px\" \/><\/a><\/figure><figure class=\"wp-block-image size-large\"><a href=\"http:\/\/motos-motor.com.br\/sugerido\/wp-content\/uploads\/motos\/yamaha\/fazerfz25abs\/20230406\/fazer-fz25-abs-cor-preto-fosco-28.webp\" target=\"_blank\" rel=\"noopener\" data-rel=\"lightbox-gallery-hpMFloW5\" data-rl_title=\"\" data-rl_caption=\"\" title=\"\"><img loading=\"lazy\" decoding=\"async\" width=\"200\" height=\"133\" data-id=\"1374\" src=\"http:\/\/motos-motor.com.br\/sugerido\/wp-content\/uploads\/motos\/yamaha\/fazerfz25abs\/20230406\/fazer-fz25-abs-cor-preto-fosco-28-200x200.webp\" alt=\"FAZER FZ25 ABS cor Preto Fosco 28\" class=\"wp-image-1374\" srcset=\"https:\/\/motos-motor.com.br\/sugerido\/wp-content\/uploads\/motos\/yamaha\/fazerfz25abs\/20230406\/fazer-fz25-abs-cor-preto-fosco-28-200x200.webp 200w, https:\/\/motos-motor.com.br\/sugerido\/wp-content\/uploads\/motos\/yamaha\/fazerfz25abs\/20230406\/fazer-fz25-abs-cor-preto-fosco-28.webp 1600w\" sizes=\"auto, (max-width: 200px) 100vw, 200px\" \/><\/a><\/figure><figure class=\"wp-block-image size-large\"><a href=\"http:\/\/motos-motor.com.br\/sugerido\/wp-content\/uploads\/motos\/yamaha\/fazerfz25abs\/20230406\/fazer-fz25-abs-cor-preto-fosco-29.webp\" target=\"_blank\" rel=\"noopener\" data-rel=\"lightbox-gallery-hpMFloW5\" data-rl_title=\"\" data-rl_caption=\"\" title=\"\"><img loading=\"lazy\" decoding=\"async\" width=\"200\" height=\"133\" data-id=\"1376\" src=\"http:\/\/motos-motor.com.br\/sugerido\/wp-content\/uploads\/motos\/yamaha\/fazerfz25abs\/20230406\/fazer-fz25-abs-cor-preto-fosco-29-200x200.webp\" alt=\"FAZER FZ25 ABS cor Preto Fosco 29\" class=\"wp-image-1376\" srcset=\"https:\/\/motos-motor.com.br\/sugerido\/wp-content\/uploads\/motos\/yamaha\/fazerfz25abs\/20230406\/fazer-fz25-abs-cor-preto-fosco-29-200x200.webp 200w, https:\/\/motos-motor.com.br\/sugerido\/wp-content\/uploads\/motos\/yamaha\/fazerfz25abs\/20230406\/fazer-fz25-abs-cor-preto-fosco-29.webp 1600w\" sizes=\"auto, (max-width: 200px) 100vw, 200px\" \/><\/a><\/figure><figure class=\"wp-block-image size-large\"><a href=\"http:\/\/motos-motor.com.br\/sugerido\/wp-content\/uploads\/motos\/yamaha\/fazerfz25abs\/20230406\/fazer-fz25-abs-cor-preto-fosco-30.webp\" target=\"_blank\" rel=\"noopener\" data-rel=\"lightbox-gallery-hpMFloW5\" data-rl_title=\"\" data-rl_caption=\"\" title=\"\"><img loading=\"lazy\" decoding=\"async\" width=\"200\" height=\"133\" data-id=\"1378\" src=\"http:\/\/motos-motor.com.br\/sugerido\/wp-content\/uploads\/motos\/yamaha\/fazerfz25abs\/20230406\/fazer-fz25-abs-cor-preto-fosco-30-200x200.webp\" alt=\"FAZER FZ25 ABS cor Preto Fosco 30\" class=\"wp-image-1378\" srcset=\"https:\/\/motos-motor.com.br\/sugerido\/wp-content\/uploads\/motos\/yamaha\/fazerfz25abs\/20230406\/fazer-fz25-abs-cor-preto-fosco-30-200x200.webp 200w, https:\/\/motos-motor.com.br\/sugerido\/wp-content\/uploads\/motos\/yamaha\/fazerfz25abs\/20230406\/fazer-fz25-abs-cor-preto-fosco-30.webp 1600w\" sizes=\"auto, (max-width: 200px) 100vw, 200px\" \/><\/a><\/figure><figure class=\"wp-block-image size-large\"><a href=\"http:\/\/motos-motor.com.br\/sugerido\/wp-content\/uploads\/motos\/yamaha\/fazerfz25abs\/20230406\/fazer-fz25-abs-cor-preto-fosco-31.webp\" target=\"_blank\" rel=\"noopener\" data-rel=\"lightbox-gallery-hpMFloW5\" data-rl_title=\"\" data-rl_caption=\"\" title=\"\"><img loading=\"lazy\" decoding=\"async\" width=\"200\" height=\"133\" data-id=\"1380\" src=\"http:\/\/motos-motor.com.br\/sugerido\/wp-content\/uploads\/motos\/yamaha\/fazerfz25abs\/20230406\/fazer-fz25-abs-cor-preto-fosco-31-200x200.webp\" alt=\"FAZER FZ25 ABS cor Preto Fosco 31\" class=\"wp-image-1380\" srcset=\"https:\/\/motos-motor.com.br\/sugerido\/wp-content\/uploads\/motos\/yamaha\/fazerfz25abs\/20230406\/fazer-fz25-abs-cor-preto-fosco-31-200x200.webp 200w, https:\/\/motos-motor.com.br\/sugerido\/wp-content\/uploads\/motos\/yamaha\/fazerfz25abs\/20230406\/fazer-fz25-abs-cor-preto-fosco-31.webp 1600w\" sizes=\"auto, (max-width: 200px) 100vw, 200px\" \/><\/a><\/figure><figure class=\"wp-block-image size-large\"><a href=\"http:\/\/motos-motor.com.br\/sugerido\/wp-content\/uploads\/motos\/yamaha\/fazerfz25abs\/20230406\/fazer-fz25-abs-cor-vermelho-metalico-32.webp\" target=\"_blank\" rel=\"noopener\" data-rel=\"lightbox-gallery-hpMFloW5\" data-rl_title=\"\" data-rl_caption=\"\" title=\"\"><img loading=\"lazy\" decoding=\"async\" width=\"200\" height=\"133\" data-id=\"1382\" src=\"http:\/\/motos-motor.com.br\/sugerido\/wp-content\/uploads\/motos\/yamaha\/fazerfz25abs\/20230406\/fazer-fz25-abs-cor-vermelho-metalico-32-200x200.webp\" alt=\"FAZER FZ25 ABS cor Vermelho Met\u00e1lico 32\" class=\"wp-image-1382\" srcset=\"https:\/\/motos-motor.com.br\/sugerido\/wp-content\/uploads\/motos\/yamaha\/fazerfz25abs\/20230406\/fazer-fz25-abs-cor-vermelho-metalico-32-200x200.webp 200w, https:\/\/motos-motor.com.br\/sugerido\/wp-content\/uploads\/motos\/yamaha\/fazerfz25abs\/20230406\/fazer-fz25-abs-cor-vermelho-metalico-32.webp 1600w\" sizes=\"auto, (max-width: 200px) 100vw, 200px\" \/><\/a><\/figure><figure class=\"wp-block-image size-large\"><a href=\"http:\/\/motos-motor.com.br\/sugerido\/wp-content\/uploads\/motos\/yamaha\/fazerfz25abs\/20230406\/fazer-fz25-abs-cor-vermelho-metalico-33.webp\" target=\"_blank\" rel=\"noopener\" data-rel=\"lightbox-gallery-hpMFloW5\" data-rl_title=\"\" data-rl_caption=\"\" title=\"\"><img loading=\"lazy\" decoding=\"async\" width=\"200\" height=\"133\" data-id=\"1384\" src=\"http:\/\/motos-motor.com.br\/sugerido\/wp-content\/uploads\/motos\/yamaha\/fazerfz25abs\/20230406\/fazer-fz25-abs-cor-vermelho-metalico-33-200x200.webp\" alt=\"FAZER FZ25 ABS cor Vermelho Met\u00e1lico 33\" class=\"wp-image-1384\" srcset=\"https:\/\/motos-motor.com.br\/sugerido\/wp-content\/uploads\/motos\/yamaha\/fazerfz25abs\/20230406\/fazer-fz25-abs-cor-vermelho-metalico-33-200x200.webp 200w, https:\/\/motos-motor.com.br\/sugerido\/wp-content\/uploads\/motos\/yamaha\/fazerfz25abs\/20230406\/fazer-fz25-abs-cor-vermelho-metalico-33.webp 1600w\" sizes=\"auto, (max-width: 200px) 100vw, 200px\" \/><\/a><\/figure><figure class=\"wp-block-image size-large\"><a href=\"http:\/\/motos-motor.com.br\/sugerido\/wp-content\/uploads\/motos\/yamaha\/fazerfz25abs\/20230406\/fazer-fz25-abs-cor-vermelho-metalico-34.webp\" target=\"_blank\" rel=\"noopener\" data-rel=\"lightbox-gallery-hpMFloW5\" data-rl_title=\"\" data-rl_caption=\"\" title=\"\"><img loading=\"lazy\" decoding=\"async\" width=\"200\" height=\"133\" data-id=\"1385\" src=\"http:\/\/motos-motor.com.br\/sugerido\/wp-content\/uploads\/motos\/yamaha\/fazerfz25abs\/20230406\/fazer-fz25-abs-cor-vermelho-metalico-34-200x200.webp\" alt=\"FAZER FZ25 ABS cor Vermelho Met\u00e1lico 34\" class=\"wp-image-1385\" srcset=\"https:\/\/motos-motor.com.br\/sugerido\/wp-content\/uploads\/motos\/yamaha\/fazerfz25abs\/20230406\/fazer-fz25-abs-cor-vermelho-metalico-34-200x200.webp 200w, https:\/\/motos-motor.com.br\/sugerido\/wp-content\/uploads\/motos\/yamaha\/fazerfz25abs\/20230406\/fazer-fz25-abs-cor-vermelho-metalico-34.webp 1600w\" sizes=\"auto, (max-width: 200px) 100vw, 200px\" \/><\/a><\/figure><figure class=\"wp-block-image size-large\"><a href=\"http:\/\/motos-motor.com.br\/sugerido\/wp-content\/uploads\/motos\/yamaha\/fazerfz25abs\/20230406\/fazer-fz25-abs-cor-vermelho-metalico-35.webp\" target=\"_blank\" rel=\"noopener\" data-rel=\"lightbox-gallery-hpMFloW5\" data-rl_title=\"\" data-rl_caption=\"\" title=\"\"><img loading=\"lazy\" decoding=\"async\" width=\"200\" height=\"133\" data-id=\"1386\" src=\"http:\/\/motos-motor.com.br\/sugerido\/wp-content\/uploads\/motos\/yamaha\/fazerfz25abs\/20230406\/fazer-fz25-abs-cor-vermelho-metalico-35-200x200.webp\" alt=\"FAZER FZ25 ABS cor Vermelho Met\u00e1lico 35\" class=\"wp-image-1386\" srcset=\"https:\/\/motos-motor.com.br\/sugerido\/wp-content\/uploads\/motos\/yamaha\/fazerfz25abs\/20230406\/fazer-fz25-abs-cor-vermelho-metalico-35-200x200.webp 200w, https:\/\/motos-motor.com.br\/sugerido\/wp-content\/uploads\/motos\/yamaha\/fazerfz25abs\/20230406\/fazer-fz25-abs-cor-vermelho-metalico-35.webp 1600w\" sizes=\"auto, (max-width: 200px) 100vw, 200px\" \/><\/a><\/figure><figure class=\"wp-block-image size-large\"><a href=\"http:\/\/motos-motor.com.br\/sugerido\/wp-content\/uploads\/motos\/yamaha\/fazerfz25abs\/20230406\/fazer-fz25-abs-cor-vermelho-metalico-36.webp\" target=\"_blank\" rel=\"noopener\" data-rel=\"lightbox-gallery-hpMFloW5\" data-rl_title=\"\" data-rl_caption=\"\" title=\"\"><img loading=\"lazy\" decoding=\"async\" width=\"200\" height=\"133\" data-id=\"1387\" src=\"http:\/\/motos-motor.com.br\/sugerido\/wp-content\/uploads\/motos\/yamaha\/fazerfz25abs\/20230406\/fazer-fz25-abs-cor-vermelho-metalico-36-200x200.webp\" alt=\"FAZER FZ25 ABS cor Vermelho Met\u00e1lico 36\" class=\"wp-image-1387\" srcset=\"https:\/\/motos-motor.com.br\/sugerido\/wp-content\/uploads\/motos\/yamaha\/fazerfz25abs\/20230406\/fazer-fz25-abs-cor-vermelho-metalico-36-200x200.webp 200w, https:\/\/motos-motor.com.br\/sugerido\/wp-content\/uploads\/motos\/yamaha\/fazerfz25abs\/20230406\/fazer-fz25-abs-cor-vermelho-metalico-36.webp 1600w\" sizes=\"auto, (max-width: 200px) 100vw, 200px\" \/><\/a><\/figure><figure class=\"wp-block-image size-large\"><a href=\"http:\/\/motos-motor.com.br\/sugerido\/wp-content\/uploads\/motos\/yamaha\/fazerfz25abs\/20230406\/fazer-fz25-abs-cor-vermelho-metalico-37.webp\" target=\"_blank\" rel=\"noopener\" data-rel=\"lightbox-gallery-hpMFloW5\" data-rl_title=\"\" data-rl_caption=\"\" title=\"\"><img loading=\"lazy\" decoding=\"async\" width=\"200\" height=\"133\" data-id=\"1388\" src=\"http:\/\/motos-motor.com.br\/sugerido\/wp-content\/uploads\/motos\/yamaha\/fazerfz25abs\/20230406\/fazer-fz25-abs-cor-vermelho-metalico-37-200x200.webp\" alt=\"FAZER FZ25 ABS cor Vermelho Met\u00e1lico 37\" class=\"wp-image-1388\" srcset=\"https:\/\/motos-motor.com.br\/sugerido\/wp-content\/uploads\/motos\/yamaha\/fazerfz25abs\/20230406\/fazer-fz25-abs-cor-vermelho-metalico-37-200x200.webp 200w, https:\/\/motos-motor.com.br\/sugerido\/wp-content\/uploads\/motos\/yamaha\/fazerfz25abs\/20230406\/fazer-fz25-abs-cor-vermelho-metalico-37.webp 1600w\" sizes=\"auto, (max-width: 200px) 100vw, 200px\" \/><\/a><\/figure><figure class=\"wp-block-image size-large\"><a href=\"http:\/\/motos-motor.com.br\/sugerido\/wp-content\/uploads\/motos\/yamaha\/fazerfz25abs\/20230406\/fazer-fz25-abs-cor-vermelho-metalico-38.webp\" target=\"_blank\" rel=\"noopener\" data-rel=\"lightbox-gallery-hpMFloW5\" data-rl_title=\"\" data-rl_caption=\"\" title=\"\"><img loading=\"lazy\" decoding=\"async\" width=\"200\" height=\"133\" data-id=\"1389\" src=\"http:\/\/motos-motor.com.br\/sugerido\/wp-content\/uploads\/motos\/yamaha\/fazerfz25abs\/20230406\/fazer-fz25-abs-cor-vermelho-metalico-38-200x200.webp\" alt=\"FAZER FZ25 ABS cor Vermelho Met\u00e1lico 38\" class=\"wp-image-1389\" srcset=\"https:\/\/motos-motor.com.br\/sugerido\/wp-content\/uploads\/motos\/yamaha\/fazerfz25abs\/20230406\/fazer-fz25-abs-cor-vermelho-metalico-38-200x200.webp 200w, https:\/\/motos-motor.com.br\/sugerido\/wp-content\/uploads\/motos\/yamaha\/fazerfz25abs\/20230406\/fazer-fz25-abs-cor-vermelho-metalico-38.webp 1600w\" sizes=\"auto, (max-width: 200px) 100vw, 200px\" \/><\/a><\/figure><figure class=\"wp-block-image size-large\"><a href=\"http:\/\/motos-motor.com.br\/sugerido\/wp-content\/uploads\/motos\/yamaha\/fazerfz25abs\/20230406\/fazer-fz25-abs-cor-vermelho-metalico-39.webp\" target=\"_blank\" rel=\"noopener\" data-rel=\"lightbox-gallery-hpMFloW5\" data-rl_title=\"\" data-rl_caption=\"\" title=\"\"><img loading=\"lazy\" decoding=\"async\" width=\"200\" height=\"133\" data-id=\"1390\" src=\"http:\/\/motos-motor.com.br\/sugerido\/wp-content\/uploads\/motos\/yamaha\/fazerfz25abs\/20230406\/fazer-fz25-abs-cor-vermelho-metalico-39-200x200.webp\" alt=\"FAZER FZ25 ABS cor Vermelho Met\u00e1lico 39\" class=\"wp-image-1390\" srcset=\"https:\/\/motos-motor.com.br\/sugerido\/wp-content\/uploads\/motos\/yamaha\/fazerfz25abs\/20230406\/fazer-fz25-abs-cor-vermelho-metalico-39-200x200.webp 200w, https:\/\/motos-motor.com.br\/sugerido\/wp-content\/uploads\/motos\/yamaha\/fazerfz25abs\/20230406\/fazer-fz25-abs-cor-vermelho-metalico-39.webp 1600w\" sizes=\"auto, (max-width: 200px) 100vw, 200px\" \/><\/a><\/figure><figure class=\"wp-block-image size-large\"><a href=\"http:\/\/motos-motor.com.br\/sugerido\/wp-content\/uploads\/motos\/yamaha\/fazerfz25abs\/20230406\/fazer-fz25-abs-cor-vermelho-metalico-40.webp\" target=\"_blank\" rel=\"noopener\" data-rel=\"lightbox-gallery-hpMFloW5\" data-rl_title=\"\" data-rl_caption=\"\" title=\"\"><img loading=\"lazy\" decoding=\"async\" width=\"200\" height=\"133\" data-id=\"1391\" src=\"http:\/\/motos-motor.com.br\/sugerido\/wp-content\/uploads\/motos\/yamaha\/fazerfz25abs\/20230406\/fazer-fz25-abs-cor-vermelho-metalico-40-200x200.webp\" alt=\"FAZER FZ25 ABS cor Vermelho Met\u00e1lico 40\" class=\"wp-image-1391\" srcset=\"https:\/\/motos-motor.com.br\/sugerido\/wp-content\/uploads\/motos\/yamaha\/fazerfz25abs\/20230406\/fazer-fz25-abs-cor-vermelho-metalico-40-200x200.webp 200w, https:\/\/motos-motor.com.br\/sugerido\/wp-content\/uploads\/motos\/yamaha\/fazerfz25abs\/20230406\/fazer-fz25-abs-cor-vermelho-metalico-40.webp 1600w\" sizes=\"auto, (max-width: 200px) 100vw, 200px\" \/><\/a><\/figure><figure class=\"wp-block-image size-large\"><a href=\"http:\/\/motos-motor.com.br\/sugerido\/wp-content\/uploads\/motos\/yamaha\/fazerfz25abs\/20230406\/fazer-fz25-abs-cor-vermelho-metalico-41.webp\" target=\"_blank\" rel=\"noopener\" data-rel=\"lightbox-gallery-hpMFloW5\" data-rl_title=\"\" data-rl_caption=\"\" title=\"\"><img loading=\"lazy\" decoding=\"async\" width=\"200\" height=\"133\" data-id=\"1392\" src=\"http:\/\/motos-motor.com.br\/sugerido\/wp-content\/uploads\/motos\/yamaha\/fazerfz25abs\/20230406\/fazer-fz25-abs-cor-vermelho-metalico-41-200x200.webp\" alt=\"FAZER FZ25 ABS cor Vermelho Met\u00e1lico 41\" class=\"wp-image-1392\" srcset=\"https:\/\/motos-motor.com.br\/sugerido\/wp-content\/uploads\/motos\/yamaha\/fazerfz25abs\/20230406\/fazer-fz25-abs-cor-vermelho-metalico-41-200x200.webp 200w, https:\/\/motos-motor.com.br\/sugerido\/wp-content\/uploads\/motos\/yamaha\/fazerfz25abs\/20230406\/fazer-fz25-abs-cor-vermelho-metalico-41.webp 1600w\" sizes=\"auto, (max-width: 200px) 100vw, 200px\" \/><\/a><\/figure><figure class=\"wp-block-image size-large\"><a href=\"http:\/\/motos-motor.com.br\/sugerido\/wp-content\/uploads\/motos\/yamaha\/fazerfz25abs\/20230406\/fazer-fz25-abs-cor-vermelho-metalico-42.webp\" target=\"_blank\" rel=\"noopener\" data-rel=\"lightbox-gallery-hpMFloW5\" data-rl_title=\"\" data-rl_caption=\"\" title=\"\"><img loading=\"lazy\" decoding=\"async\" width=\"200\" height=\"133\" data-id=\"1393\" src=\"http:\/\/motos-motor.com.br\/sugerido\/wp-content\/uploads\/motos\/yamaha\/fazerfz25abs\/20230406\/fazer-fz25-abs-cor-vermelho-metalico-42-200x200.webp\" alt=\"FAZER FZ25 ABS cor Vermelho Met\u00e1lico 42\" class=\"wp-image-1393\" srcset=\"https:\/\/motos-motor.com.br\/sugerido\/wp-content\/uploads\/motos\/yamaha\/fazerfz25abs\/20230406\/fazer-fz25-abs-cor-vermelho-metalico-42-200x200.webp 200w, https:\/\/motos-motor.com.br\/sugerido\/wp-content\/uploads\/motos\/yamaha\/fazerfz25abs\/20230406\/fazer-fz25-abs-cor-vermelho-metalico-42.webp 1600w\" sizes=\"auto, (max-width: 200px) 100vw, 200px\" \/><\/a><\/figure><figure class=\"wp-block-image size-large\"><a href=\"http:\/\/motos-motor.com.br\/sugerido\/wp-content\/uploads\/motos\/yamaha\/fazerfz25abs\/20230406\/fazer-fz25-abs-cor-vermelho-metalico-43.webp\" target=\"_blank\" rel=\"noopener\" data-rel=\"lightbox-gallery-hpMFloW5\" data-rl_title=\"\" data-rl_caption=\"\" title=\"\"><img loading=\"lazy\" decoding=\"async\" width=\"200\" height=\"133\" data-id=\"1394\" src=\"http:\/\/motos-motor.com.br\/sugerido\/wp-content\/uploads\/motos\/yamaha\/fazerfz25abs\/20230406\/fazer-fz25-abs-cor-vermelho-metalico-43-200x200.webp\" alt=\"FAZER FZ25 ABS cor Vermelho Met\u00e1lico 43\" class=\"wp-image-1394\" srcset=\"https:\/\/motos-motor.com.br\/sugerido\/wp-content\/uploads\/motos\/yamaha\/fazerfz25abs\/20230406\/fazer-fz25-abs-cor-vermelho-metalico-43-200x200.webp 200w, https:\/\/motos-motor.com.br\/sugerido\/wp-content\/uploads\/motos\/yamaha\/fazerfz25abs\/20230406\/fazer-fz25-abs-cor-vermelho-metalico-43.webp 1600w\" sizes=\"auto, (max-width: 200px) 100vw, 200px\" \/><\/a><\/figure><figure class=\"wp-block-image size-large\"><a href=\"http:\/\/motos-motor.com.br\/sugerido\/wp-content\/uploads\/motos\/yamaha\/fazerfz25abs\/20230406\/fazer-fz25-abs-cor-vermelho-metalico-44.webp\" target=\"_blank\" rel=\"noopener\" data-rel=\"lightbox-gallery-hpMFloW5\" data-rl_title=\"\" data-rl_caption=\"\" title=\"\"><img loading=\"lazy\" decoding=\"async\" width=\"200\" height=\"133\" data-id=\"1395\" src=\"http:\/\/motos-motor.com.br\/sugerido\/wp-content\/uploads\/motos\/yamaha\/fazerfz25abs\/20230406\/fazer-fz25-abs-cor-vermelho-metalico-44-200x200.webp\" alt=\"FAZER FZ25 ABS cor Vermelho Met\u00e1lico 44\" class=\"wp-image-1395\" srcset=\"https:\/\/motos-motor.com.br\/sugerido\/wp-content\/uploads\/motos\/yamaha\/fazerfz25abs\/20230406\/fazer-fz25-abs-cor-vermelho-metalico-44-200x200.webp 200w, https:\/\/motos-motor.com.br\/sugerido\/wp-content\/uploads\/motos\/yamaha\/fazerfz25abs\/20230406\/fazer-fz25-abs-cor-vermelho-metalico-44.webp 1600w\" sizes=\"auto, (max-width: 200px) 100vw, 200px\" \/><\/a><\/figure><figure class=\"wp-block-image size-large\"><a href=\"http:\/\/motos-motor.com.br\/sugerido\/wp-content\/uploads\/motos\/yamaha\/fazerfz25abs\/20230406\/fazer-fz25-abs-cor-vermelho-metalico-45.webp\" target=\"_blank\" rel=\"noopener\" data-rel=\"lightbox-gallery-hpMFloW5\" data-rl_title=\"\" data-rl_caption=\"\" title=\"\"><img loading=\"lazy\" decoding=\"async\" width=\"200\" height=\"133\" data-id=\"1396\" src=\"http:\/\/motos-motor.com.br\/sugerido\/wp-content\/uploads\/motos\/yamaha\/fazerfz25abs\/20230406\/fazer-fz25-abs-cor-vermelho-metalico-45-200x200.webp\" alt=\"FAZER FZ25 ABS cor Vermelho Met\u00e1lico 45\" class=\"wp-image-1396\" srcset=\"https:\/\/motos-motor.com.br\/sugerido\/wp-content\/uploads\/motos\/yamaha\/fazerfz25abs\/20230406\/fazer-fz25-abs-cor-vermelho-metalico-45-200x200.webp 200w, https:\/\/motos-motor.com.br\/sugerido\/wp-content\/uploads\/motos\/yamaha\/fazerfz25abs\/20230406\/fazer-fz25-abs-cor-vermelho-metalico-45.webp 1600w\" sizes=\"auto, (max-width: 200px) 100vw, 200px\" \/><\/a><\/figure><figure class=\"wp-block-image size-large\"><a href=\"http:\/\/motos-motor.com.br\/sugerido\/wp-content\/uploads\/motos\/yamaha\/fazerfz25abs\/20230406\/fazer-fz25-abs-cor-vermelho-metalico-46.webp\" target=\"_blank\" rel=\"noopener\" data-rel=\"lightbox-gallery-hpMFloW5\" data-rl_title=\"\" data-rl_caption=\"\" title=\"\"><img loading=\"lazy\" decoding=\"async\" width=\"200\" height=\"133\" data-id=\"1397\" src=\"http:\/\/motos-motor.com.br\/sugerido\/wp-content\/uploads\/motos\/yamaha\/fazerfz25abs\/20230406\/fazer-fz25-abs-cor-vermelho-metalico-46-200x200.webp\" alt=\"FAZER FZ25 ABS cor Vermelho Met\u00e1lico 46\" class=\"wp-image-1397\" srcset=\"https:\/\/motos-motor.com.br\/sugerido\/wp-content\/uploads\/motos\/yamaha\/fazerfz25abs\/20230406\/fazer-fz25-abs-cor-vermelho-metalico-46-200x200.webp 200w, https:\/\/motos-motor.com.br\/sugerido\/wp-content\/uploads\/motos\/yamaha\/fazerfz25abs\/20230406\/fazer-fz25-abs-cor-vermelho-metalico-46.webp 1600w\" sizes=\"auto, (max-width: 200px) 100vw, 200px\" \/><\/a><\/figure><figure class=\"wp-block-image size-large\"><a href=\"http:\/\/motos-motor.com.br\/sugerido\/wp-content\/uploads\/motos\/yamaha\/fazerfz25abs\/20230406\/fazer-fz25-abs-cor-vermelho-metalico-47.webp\" target=\"_blank\" rel=\"noopener\" data-rel=\"lightbox-gallery-hpMFloW5\" data-rl_title=\"\" data-rl_caption=\"\" title=\"\"><img loading=\"lazy\" decoding=\"async\" width=\"200\" height=\"133\" data-id=\"1398\" src=\"http:\/\/motos-motor.com.br\/sugerido\/wp-content\/uploads\/motos\/yamaha\/fazerfz25abs\/20230406\/fazer-fz25-abs-cor-vermelho-metalico-47-200x200.webp\" alt=\"FAZER FZ25 ABS cor Vermelho Met\u00e1lico 47\" class=\"wp-image-1398\" srcset=\"https:\/\/motos-motor.com.br\/sugerido\/wp-content\/uploads\/motos\/yamaha\/fazerfz25abs\/20230406\/fazer-fz25-abs-cor-vermelho-metalico-47-200x200.webp 200w, https:\/\/motos-motor.com.br\/sugerido\/wp-content\/uploads\/motos\/yamaha\/fazerfz25abs\/20230406\/fazer-fz25-abs-cor-vermelho-metalico-47.webp 1600w\" sizes=\"auto, (max-width: 200px) 100vw, 200px\" \/><\/a><\/figure><figure class=\"wp-block-image size-large\"><a href=\"http:\/\/motos-motor.com.br\/sugerido\/wp-content\/uploads\/motos\/yamaha\/fazerfz25abs\/20240214\/visao-frontal-da-moto-fazer-fz25-abs-azul-,com-destaque-no-farol-com-projetor-de-led-48.webp\" target=\"_blank\" rel=\"noopener\" data-rel=\"lightbox-gallery-hpMFloW5\" data-rl_title=\"\" data-rl_caption=\"\" title=\"\"><img loading=\"lazy\" decoding=\"async\" width=\"200\" height=\"200\" data-id=\"5724\" src=\"http:\/\/motos-motor.com.br\/sugerido\/wp-content\/uploads\/motos\/yamaha\/fazerfz25abs\/20240214\/visao-frontal-da-moto-fazer-fz25-abs-azul-,com-destaque-no-farol-com-projetor-de-led-48-200x200.webp\" alt=\"Vis\u00e3o frontal da Moto FAZER FZ25 ABS Azul ,com destaque no farol com projetor de LED 48\" class=\"wp-image-5724\" srcset=\"https:\/\/motos-motor.com.br\/sugerido\/wp-content\/uploads\/motos\/yamaha\/fazerfz25abs\/20240214\/visao-frontal-da-moto-fazer-fz25-abs-azul-,com-destaque-no-farol-com-projetor-de-led-48-200x200.webp 200w, https:\/\/motos-motor.com.br\/sugerido\/wp-content\/uploads\/motos\/yamaha\/fazerfz25abs\/20240214\/visao-frontal-da-moto-fazer-fz25-abs-azul-,com-destaque-no-farol-com-projetor-de-led-48-150x150.webp 150w, https:\/\/motos-motor.com.br\/sugerido\/wp-content\/uploads\/motos\/yamaha\/fazerfz25abs\/20240214\/visao-frontal-da-moto-fazer-fz25-abs-azul-,com-destaque-no-farol-com-projetor-de-led-48.webp 500w\" sizes=\"auto, (max-width: 200px) 100vw, 200px\" \/><\/a><\/figure><figure class=\"wp-block-image size-large\"><a href=\"http:\/\/motos-motor.com.br\/sugerido\/wp-content\/uploads\/motos\/yamaha\/fazerfz25abs\/20240214\/detalhes-no-disco-de-freio-da-moto-fazer-fz25-abs-azul-49.webp\" target=\"_blank\" rel=\"noopener\" data-rel=\"lightbox-gallery-hpMFloW5\" data-rl_title=\"\" data-rl_caption=\"\" title=\"\"><img loading=\"lazy\" decoding=\"async\" width=\"200\" height=\"200\" data-id=\"5725\" src=\"http:\/\/motos-motor.com.br\/sugerido\/wp-content\/uploads\/motos\/yamaha\/fazerfz25abs\/20240214\/detalhes-no-disco-de-freio-da-moto-fazer-fz25-abs-azul-49-200x200.webp\" alt=\"Detalhes no disco de freio da Moto FAZER FZ25 ABS Azul 49\" class=\"wp-image-5725\" srcset=\"https:\/\/motos-motor.com.br\/sugerido\/wp-content\/uploads\/motos\/yamaha\/fazerfz25abs\/20240214\/detalhes-no-disco-de-freio-da-moto-fazer-fz25-abs-azul-49-200x200.webp 200w, https:\/\/motos-motor.com.br\/sugerido\/wp-content\/uploads\/motos\/yamaha\/fazerfz25abs\/20240214\/detalhes-no-disco-de-freio-da-moto-fazer-fz25-abs-azul-49-150x150.webp 150w, https:\/\/motos-motor.com.br\/sugerido\/wp-content\/uploads\/motos\/yamaha\/fazerfz25abs\/20240214\/detalhes-no-disco-de-freio-da-moto-fazer-fz25-abs-azul-49.webp 500w\" sizes=\"auto, (max-width: 200px) 100vw, 200px\" \/><\/a><\/figure><figure class=\"wp-block-image size-large\"><a href=\"http:\/\/motos-motor.com.br\/sugerido\/wp-content\/uploads\/motos\/yamaha\/fazerfz25abs\/20240214\/detalhes-do-banco-da-moto-fazer-fz25-abs-azul-50.webp\" target=\"_blank\" rel=\"noopener\" data-rel=\"lightbox-gallery-hpMFloW5\" data-rl_title=\"\" data-rl_caption=\"\" title=\"\"><img loading=\"lazy\" decoding=\"async\" width=\"200\" height=\"200\" data-id=\"5726\" src=\"http:\/\/motos-motor.com.br\/sugerido\/wp-content\/uploads\/motos\/yamaha\/fazerfz25abs\/20240214\/detalhes-do-banco-da-moto-fazer-fz25-abs-azul-50-200x200.webp\" alt=\"Detalhes do banco da Moto FAZER FZ25 ABS Azul 50\" class=\"wp-image-5726\" srcset=\"https:\/\/motos-motor.com.br\/sugerido\/wp-content\/uploads\/motos\/yamaha\/fazerfz25abs\/20240214\/detalhes-do-banco-da-moto-fazer-fz25-abs-azul-50-200x200.webp 200w, https:\/\/motos-motor.com.br\/sugerido\/wp-content\/uploads\/motos\/yamaha\/fazerfz25abs\/20240214\/detalhes-do-banco-da-moto-fazer-fz25-abs-azul-50-150x150.webp 150w, https:\/\/motos-motor.com.br\/sugerido\/wp-content\/uploads\/motos\/yamaha\/fazerfz25abs\/20240214\/detalhes-do-banco-da-moto-fazer-fz25-abs-azul-50.webp 500w\" sizes=\"auto, (max-width: 200px) 100vw, 200px\" \/><\/a><\/figure><figure class=\"wp-block-image size-large\"><a href=\"http:\/\/motos-motor.com.br\/sugerido\/wp-content\/uploads\/motos\/yamaha\/fazerfz25abs\/20240215\/fotos-fazer-fz25-abs-2-51.webp\" target=\"_blank\" rel=\"noopener\" data-rel=\"lightbox-gallery-hpMFloW5\" data-rl_title=\"\" data-rl_caption=\"\" title=\"\"><img loading=\"lazy\" decoding=\"async\" width=\"200\" height=\"112\" data-id=\"5999\" src=\"http:\/\/motos-motor.com.br\/sugerido\/wp-content\/uploads\/motos\/yamaha\/fazerfz25abs\/20240215\/fotos-fazer-fz25-abs-2-51-200x200.webp\" alt=\"Fotos FAZER FZ25 ABS 2 51\" class=\"wp-image-5999\" srcset=\"https:\/\/motos-motor.com.br\/sugerido\/wp-content\/uploads\/motos\/yamaha\/fazerfz25abs\/20240215\/fotos-fazer-fz25-abs-2-51-200x200.webp 200w, https:\/\/motos-motor.com.br\/sugerido\/wp-content\/uploads\/motos\/yamaha\/fazerfz25abs\/20240215\/fotos-fazer-fz25-abs-2-51.webp 1920w\" sizes=\"auto, (max-width: 200px) 100vw, 200px\" \/><\/a><\/figure><figure class=\"wp-block-image size-large\"><a href=\"http:\/\/motos-motor.com.br\/sugerido\/wp-content\/uploads\/motos\/yamaha\/fazerfz25abs\/20240215\/fotos-fazer-fz25-abs-3-52.webp\" target=\"_blank\" rel=\"noopener\" data-rel=\"lightbox-gallery-hpMFloW5\" data-rl_title=\"\" data-rl_caption=\"\" title=\"\"><img loading=\"lazy\" decoding=\"async\" width=\"200\" height=\"112\" data-id=\"6000\" src=\"http:\/\/motos-motor.com.br\/sugerido\/wp-content\/uploads\/motos\/yamaha\/fazerfz25abs\/20240215\/fotos-fazer-fz25-abs-3-52-200x200.webp\" alt=\"Fotos FAZER FZ25 ABS 3 52\" class=\"wp-image-6000\" srcset=\"https:\/\/motos-motor.com.br\/sugerido\/wp-content\/uploads\/motos\/yamaha\/fazerfz25abs\/20240215\/fotos-fazer-fz25-abs-3-52-200x200.webp 200w, https:\/\/motos-motor.com.br\/sugerido\/wp-content\/uploads\/motos\/yamaha\/fazerfz25abs\/20240215\/fotos-fazer-fz25-abs-3-52.webp 1920w\" sizes=\"auto, (max-width: 200px) 100vw, 200px\" \/><\/a><\/figure><figure class=\"wp-block-image size-large\"><a href=\"http:\/\/motos-motor.com.br\/sugerido\/wp-content\/uploads\/motos\/yamaha\/fazerfz25abs\/20240215\/fotos-fazer-fz25-abs-4-53.webp\" target=\"_blank\" rel=\"noopener\" data-rel=\"lightbox-gallery-hpMFloW5\" data-rl_title=\"\" data-rl_caption=\"\" title=\"\"><img loading=\"lazy\" decoding=\"async\" width=\"200\" height=\"112\" data-id=\"6001\" src=\"http:\/\/motos-motor.com.br\/sugerido\/wp-content\/uploads\/motos\/yamaha\/fazerfz25abs\/20240215\/fotos-fazer-fz25-abs-4-53-200x200.webp\" alt=\"Fotos FAZER FZ25 ABS 4 53\" class=\"wp-image-6001\" srcset=\"https:\/\/motos-motor.com.br\/sugerido\/wp-content\/uploads\/motos\/yamaha\/fazerfz25abs\/20240215\/fotos-fazer-fz25-abs-4-53-200x200.webp 200w, https:\/\/motos-motor.com.br\/sugerido\/wp-content\/uploads\/motos\/yamaha\/fazerfz25abs\/20240215\/fotos-fazer-fz25-abs-4-53.webp 1920w\" sizes=\"auto, (max-width: 200px) 100vw, 200px\" \/><\/a><\/figure><figure class=\"wp-block-image size-large\"><a href=\"http:\/\/motos-motor.com.br\/sugerido\/wp-content\/uploads\/motos\/yamaha\/fazerfz25abs\/20240215\/fotos-fazer-fz25-abs-5-54.webp\" target=\"_blank\" rel=\"noopener\" data-rel=\"lightbox-gallery-hpMFloW5\" data-rl_title=\"\" data-rl_caption=\"\" title=\"\"><img loading=\"lazy\" decoding=\"async\" width=\"200\" height=\"112\" data-id=\"6002\" src=\"http:\/\/motos-motor.com.br\/sugerido\/wp-content\/uploads\/motos\/yamaha\/fazerfz25abs\/20240215\/fotos-fazer-fz25-abs-5-54-200x200.webp\" alt=\"Fotos FAZER FZ25 ABS 5 54\" class=\"wp-image-6002\" srcset=\"https:\/\/motos-motor.com.br\/sugerido\/wp-content\/uploads\/motos\/yamaha\/fazerfz25abs\/20240215\/fotos-fazer-fz25-abs-5-54-200x200.webp 200w, https:\/\/motos-motor.com.br\/sugerido\/wp-content\/uploads\/motos\/yamaha\/fazerfz25abs\/20240215\/fotos-fazer-fz25-abs-5-54.webp 1920w\" sizes=\"auto, (max-width: 200px) 100vw, 200px\" \/><\/a><\/figure><figure class=\"wp-block-image size-large\"><a href=\"http:\/\/motos-motor.com.br\/sugerido\/wp-content\/uploads\/motos\/yamaha\/fazerfz25abs\/20240215\/fotos-fazer-fz25-abs-6-55.webp\" target=\"_blank\" rel=\"noopener\" data-rel=\"lightbox-gallery-hpMFloW5\" data-rl_title=\"\" data-rl_caption=\"\" title=\"\"><img loading=\"lazy\" decoding=\"async\" width=\"200\" height=\"112\" data-id=\"6003\" src=\"http:\/\/motos-motor.com.br\/sugerido\/wp-content\/uploads\/motos\/yamaha\/fazerfz25abs\/20240215\/fotos-fazer-fz25-abs-6-55-200x200.webp\" alt=\"Fotos FAZER FZ25 ABS 6 55\" class=\"wp-image-6003\" srcset=\"https:\/\/motos-motor.com.br\/sugerido\/wp-content\/uploads\/motos\/yamaha\/fazerfz25abs\/20240215\/fotos-fazer-fz25-abs-6-55-200x200.webp 200w, https:\/\/motos-motor.com.br\/sugerido\/wp-content\/uploads\/motos\/yamaha\/fazerfz25abs\/20240215\/fotos-fazer-fz25-abs-6-55.webp 1920w\" sizes=\"auto, (max-width: 200px) 100vw, 200px\" \/><\/a><\/figure><figure class=\"wp-block-image size-large\"><a href=\"http:\/\/motos-motor.com.br\/sugerido\/wp-content\/uploads\/motos\/yamaha\/fazerfz25abs\/20240215\/fotos-fazer-fz25-abs-7-56.webp\" target=\"_blank\" rel=\"noopener\" data-rel=\"lightbox-gallery-hpMFloW5\" data-rl_title=\"\" data-rl_caption=\"\" title=\"\"><img loading=\"lazy\" decoding=\"async\" width=\"200\" height=\"112\" data-id=\"6004\" src=\"http:\/\/motos-motor.com.br\/sugerido\/wp-content\/uploads\/motos\/yamaha\/fazerfz25abs\/20240215\/fotos-fazer-fz25-abs-7-56-200x200.webp\" alt=\"Fotos FAZER FZ25 ABS 7 56\" class=\"wp-image-6004\" srcset=\"https:\/\/motos-motor.com.br\/sugerido\/wp-content\/uploads\/motos\/yamaha\/fazerfz25abs\/20240215\/fotos-fazer-fz25-abs-7-56-200x200.webp 200w, https:\/\/motos-motor.com.br\/sugerido\/wp-content\/uploads\/motos\/yamaha\/fazerfz25abs\/20240215\/fotos-fazer-fz25-abs-7-56.webp 1920w\" sizes=\"auto, (max-width: 200px) 100vw, 200px\" \/><\/a><\/figure><figure class=\"wp-block-image size-large\"><a href=\"http:\/\/motos-motor.com.br\/sugerido\/wp-content\/uploads\/motos\/yamaha\/fazerfz25abs\/20240215\/fotos-fazer-fz25-abs-8-57.webp\" target=\"_blank\" rel=\"noopener\" data-rel=\"lightbox-gallery-hpMFloW5\" data-rl_title=\"\" data-rl_caption=\"\" title=\"\"><img loading=\"lazy\" decoding=\"async\" width=\"200\" height=\"112\" data-id=\"6005\" src=\"http:\/\/motos-motor.com.br\/sugerido\/wp-content\/uploads\/motos\/yamaha\/fazerfz25abs\/20240215\/fotos-fazer-fz25-abs-8-57-200x200.webp\" alt=\"Fotos FAZER FZ25 ABS 8 57\" class=\"wp-image-6005\" srcset=\"https:\/\/motos-motor.com.br\/sugerido\/wp-content\/uploads\/motos\/yamaha\/fazerfz25abs\/20240215\/fotos-fazer-fz25-abs-8-57-200x200.webp 200w, https:\/\/motos-motor.com.br\/sugerido\/wp-content\/uploads\/motos\/yamaha\/fazerfz25abs\/20240215\/fotos-fazer-fz25-abs-8-57.webp 1920w\" sizes=\"auto, (max-width: 200px) 100vw, 200px\" \/><\/a><\/figure><figure class=\"wp-block-image size-large\"><a href=\"http:\/\/motos-motor.com.br\/sugerido\/wp-content\/uploads\/motos\/yamaha\/fazerfz25abs\/20240215\/fotos-fazer-fz25-abs-9-58.webp\" target=\"_blank\" rel=\"noopener\" data-rel=\"lightbox-gallery-hpMFloW5\" data-rl_title=\"\" data-rl_caption=\"\" title=\"\"><img loading=\"lazy\" decoding=\"async\" width=\"200\" height=\"112\" data-id=\"6006\" src=\"http:\/\/motos-motor.com.br\/sugerido\/wp-content\/uploads\/motos\/yamaha\/fazerfz25abs\/20240215\/fotos-fazer-fz25-abs-9-58-200x200.webp\" alt=\"Fotos FAZER FZ25 ABS 9 58\" class=\"wp-image-6006\" srcset=\"https:\/\/motos-motor.com.br\/sugerido\/wp-content\/uploads\/motos\/yamaha\/fazerfz25abs\/20240215\/fotos-fazer-fz25-abs-9-58-200x200.webp 200w, https:\/\/motos-motor.com.br\/sugerido\/wp-content\/uploads\/motos\/yamaha\/fazerfz25abs\/20240215\/fotos-fazer-fz25-abs-9-58.webp 1920w\" sizes=\"auto, (max-width: 200px) 100vw, 200px\" \/><\/a><\/figure><figure class=\"wp-block-image size-large\"><a href=\"http:\/\/motos-motor.com.br\/sugerido\/wp-content\/uploads\/motos\/yamaha\/fazerfz25abs\/20240215\/fotos-fazer-fz25-abs-10-59.webp\" target=\"_blank\" rel=\"noopener\" data-rel=\"lightbox-gallery-hpMFloW5\" data-rl_title=\"\" data-rl_caption=\"\" title=\"\"><img loading=\"lazy\" decoding=\"async\" width=\"200\" height=\"112\" data-id=\"6007\" src=\"http:\/\/motos-motor.com.br\/sugerido\/wp-content\/uploads\/motos\/yamaha\/fazerfz25abs\/20240215\/fotos-fazer-fz25-abs-10-59-200x200.webp\" alt=\"Fotos FAZER FZ25 ABS 10 59\" class=\"wp-image-6007\" srcset=\"https:\/\/motos-motor.com.br\/sugerido\/wp-content\/uploads\/motos\/yamaha\/fazerfz25abs\/20240215\/fotos-fazer-fz25-abs-10-59-200x200.webp 200w, https:\/\/motos-motor.com.br\/sugerido\/wp-content\/uploads\/motos\/yamaha\/fazerfz25abs\/20240215\/fotos-fazer-fz25-abs-10-59.webp 1920w\" sizes=\"auto, (max-width: 200px) 100vw, 200px\" \/><\/a><\/figure><figure class=\"wp-block-image size-large\"><a href=\"http:\/\/motos-motor.com.br\/sugerido\/wp-content\/uploads\/motos\/yamaha\/fazerfz25abs\/20240215\/fotos-fazer-fz25-abs-11-60.webp\" target=\"_blank\" rel=\"noopener\" data-rel=\"lightbox-gallery-hpMFloW5\" data-rl_title=\"\" data-rl_caption=\"\" title=\"\"><img loading=\"lazy\" decoding=\"async\" width=\"200\" height=\"112\" data-id=\"6008\" src=\"http:\/\/motos-motor.com.br\/sugerido\/wp-content\/uploads\/motos\/yamaha\/fazerfz25abs\/20240215\/fotos-fazer-fz25-abs-11-60-200x200.webp\" alt=\"Fotos FAZER FZ25 ABS 11 60\" class=\"wp-image-6008\" srcset=\"https:\/\/motos-motor.com.br\/sugerido\/wp-content\/uploads\/motos\/yamaha\/fazerfz25abs\/20240215\/fotos-fazer-fz25-abs-11-60-200x200.webp 200w, https:\/\/motos-motor.com.br\/sugerido\/wp-content\/uploads\/motos\/yamaha\/fazerfz25abs\/20240215\/fotos-fazer-fz25-abs-11-60.webp 1920w\" sizes=\"auto, (max-width: 200px) 100vw, 200px\" \/><\/a><\/figure><figure class=\"wp-block-image size-large\"><a href=\"http:\/\/motos-motor.com.br\/sugerido\/wp-content\/uploads\/motos\/yamaha\/fazerfz25abs\/20240215\/fotos-fazer-fz25-abs-12-61.webp\" target=\"_blank\" rel=\"noopener\" data-rel=\"lightbox-gallery-hpMFloW5\" data-rl_title=\"\" data-rl_caption=\"\" title=\"\"><img loading=\"lazy\" decoding=\"async\" width=\"200\" height=\"112\" data-id=\"6009\" src=\"http:\/\/motos-motor.com.br\/sugerido\/wp-content\/uploads\/motos\/yamaha\/fazerfz25abs\/20240215\/fotos-fazer-fz25-abs-12-61-200x200.webp\" alt=\"Fotos FAZER FZ25 ABS 12 61\" class=\"wp-image-6009\" srcset=\"https:\/\/motos-motor.com.br\/sugerido\/wp-content\/uploads\/motos\/yamaha\/fazerfz25abs\/20240215\/fotos-fazer-fz25-abs-12-61-200x200.webp 200w, https:\/\/motos-motor.com.br\/sugerido\/wp-content\/uploads\/motos\/yamaha\/fazerfz25abs\/20240215\/fotos-fazer-fz25-abs-12-61.webp 1920w\" sizes=\"auto, (max-width: 200px) 100vw, 200px\" \/><\/a><\/figure><figure class=\"wp-block-image size-large\"><a href=\"http:\/\/motos-motor.com.br\/sugerido\/wp-content\/uploads\/motos\/yamaha\/fazerfz25abs\/20240215\/fotos-fazer-fz25-abs-13-62.webp\" target=\"_blank\" rel=\"noopener\" data-rel=\"lightbox-gallery-hpMFloW5\" data-rl_title=\"\" data-rl_caption=\"\" title=\"\"><img loading=\"lazy\" decoding=\"async\" width=\"200\" height=\"112\" data-id=\"6010\" src=\"http:\/\/motos-motor.com.br\/sugerido\/wp-content\/uploads\/motos\/yamaha\/fazerfz25abs\/20240215\/fotos-fazer-fz25-abs-13-62-200x200.webp\" alt=\"Fotos FAZER FZ25 ABS 13 62\" class=\"wp-image-6010\" srcset=\"https:\/\/motos-motor.com.br\/sugerido\/wp-content\/uploads\/motos\/yamaha\/fazerfz25abs\/20240215\/fotos-fazer-fz25-abs-13-62-200x200.webp 200w, https:\/\/motos-motor.com.br\/sugerido\/wp-content\/uploads\/motos\/yamaha\/fazerfz25abs\/20240215\/fotos-fazer-fz25-abs-13-62.webp 1920w\" sizes=\"auto, (max-width: 200px) 100vw, 200px\" \/><\/a><\/figure><figure class=\"wp-block-image size-large\"><a href=\"http:\/\/motos-motor.com.br\/sugerido\/wp-content\/uploads\/motos\/yamaha\/fazerfz25abs\/20240215\/fotos-fazer-fz25-abs-14-63.webp\" target=\"_blank\" rel=\"noopener\" data-rel=\"lightbox-gallery-hpMFloW5\" data-rl_title=\"\" data-rl_caption=\"\" title=\"\"><img loading=\"lazy\" decoding=\"async\" width=\"200\" height=\"112\" data-id=\"6011\" src=\"http:\/\/motos-motor.com.br\/sugerido\/wp-content\/uploads\/motos\/yamaha\/fazerfz25abs\/20240215\/fotos-fazer-fz25-abs-14-63-200x200.webp\" alt=\"Fotos FAZER FZ25 ABS 14 63\" class=\"wp-image-6011\" srcset=\"https:\/\/motos-motor.com.br\/sugerido\/wp-content\/uploads\/motos\/yamaha\/fazerfz25abs\/20240215\/fotos-fazer-fz25-abs-14-63-200x200.webp 200w, https:\/\/motos-motor.com.br\/sugerido\/wp-content\/uploads\/motos\/yamaha\/fazerfz25abs\/20240215\/fotos-fazer-fz25-abs-14-63.webp 1920w\" sizes=\"auto, (max-width: 200px) 100vw, 200px\" \/><\/a><\/figure><figure class=\"wp-block-image size-large\"><a href=\"http:\/\/motos-motor.com.br\/sugerido\/wp-content\/uploads\/motos\/yamaha\/fazerfz25abs\/20240215\/fotos-fazer-fz25-abs-15-64.webp\" target=\"_blank\" rel=\"noopener\" data-rel=\"lightbox-gallery-hpMFloW5\" data-rl_title=\"\" data-rl_caption=\"\" title=\"\"><img loading=\"lazy\" decoding=\"async\" width=\"200\" height=\"112\" data-id=\"6012\" src=\"http:\/\/motos-motor.com.br\/sugerido\/wp-content\/uploads\/motos\/yamaha\/fazerfz25abs\/20240215\/fotos-fazer-fz25-abs-15-64-200x200.webp\" alt=\"Fotos FAZER FZ25 ABS 15 64\" class=\"wp-image-6012\" srcset=\"https:\/\/motos-motor.com.br\/sugerido\/wp-content\/uploads\/motos\/yamaha\/fazerfz25abs\/20240215\/fotos-fazer-fz25-abs-15-64-200x200.webp 200w, https:\/\/motos-motor.com.br\/sugerido\/wp-content\/uploads\/motos\/yamaha\/fazerfz25abs\/20240215\/fotos-fazer-fz25-abs-15-64.webp 1920w\" sizes=\"auto, (max-width: 200px) 100vw, 200px\" \/><\/a><\/figure><figure class=\"wp-block-image size-large\"><a href=\"http:\/\/motos-motor.com.br\/sugerido\/wp-content\/uploads\/motos\/yamaha\/fazerfz25abs\/20240215\/fotos-fazer-fz25-abs-16-65.webp\" target=\"_blank\" rel=\"noopener\" data-rel=\"lightbox-gallery-hpMFloW5\" data-rl_title=\"\" data-rl_caption=\"\" title=\"\"><img loading=\"lazy\" decoding=\"async\" width=\"200\" height=\"112\" data-id=\"6013\" src=\"http:\/\/motos-motor.com.br\/sugerido\/wp-content\/uploads\/motos\/yamaha\/fazerfz25abs\/20240215\/fotos-fazer-fz25-abs-16-65-200x200.webp\" alt=\"Fotos FAZER FZ25 ABS 16 65\" class=\"wp-image-6013\" srcset=\"https:\/\/motos-motor.com.br\/sugerido\/wp-content\/uploads\/motos\/yamaha\/fazerfz25abs\/20240215\/fotos-fazer-fz25-abs-16-65-200x200.webp 200w, https:\/\/motos-motor.com.br\/sugerido\/wp-content\/uploads\/motos\/yamaha\/fazerfz25abs\/20240215\/fotos-fazer-fz25-abs-16-65.webp 1920w\" sizes=\"auto, (max-width: 200px) 100vw, 200px\" \/><\/a><\/figure><\/figure><h2>Especifica\u00e7\u00f5es t\u00e9cnicas<\/h2> Caracter\u00edsticas t\u00e9cnicas do modelo Street Yamaha FAZER FZ25 ABS. <div class=\"table-responsive\"><table class=\"table table-bordered\"><tr><th colspan=\"2\" align=\"left\">Motor<\/th><\/tr><tr><td>Alimenta\u00e7\u00e3o<\/td><td>Inje\u00e7\u00e3o eletr\u00f4nica<\/td><\/tr><tr><td>Cilindrada<\/td><td>249 cc<\/td><\/tr><tr><td>Cilindros<\/td><td>1<\/td><\/tr><tr><td>Di\u00e2metro X Curso<\/td><td>74,0 mm x 58,0 mm<\/td><\/tr><tr><td>Pot\u00eancia (Etanol)<\/td><td>21,5 cv (8.000 rpm)<\/td><\/tr><tr><td>Pot\u00eancia (Gasolina)<\/td><td>21,3 cv (8.000 rpm)<\/td><\/tr><tr><td>Taxa De Compress\u00e3o<\/td><td>9,8 : 1<\/td><\/tr><tr><td>Tipo<\/td><td>SOHC, 2 v\u00e1lvulas, 4 tempos, Refrigera\u00e7\u00e3o a ar<\/td><\/tr><tr><td>Tipo De Combust\u00edvel<\/td><td>Gasolina\/Etanol<\/td><\/tr><tr><td>Torque (Etanol)<\/td><td>2,1 kgf.m (6.500 rpm)<\/td><\/tr><tr><td>Torque (Gasolina)<\/td><td>2,1 kgf.m (6.500 rpm)<\/td><\/tr><tr><th colspan=\"2\" align=\"left\">Dimens\u00f5es<\/th><\/tr><tr><td>Altura Do Assento<\/td><td>790 mm<\/td><\/tr><tr><td>Altura M\u00ednima Do Solo<\/td><td>160 mm<\/td><\/tr><tr><td>Capacidade Do Tanque (Reserva)<\/td><td>14L (3,2L)<\/td><\/tr><tr><td>Comprimento X Largura X Altura<\/td><td>2015 mm X 770 mm X 1070 mm<\/td><\/tr><tr><td>Dist\u00e2ncia Entre Eixos<\/td><td>1360 mm<\/td><\/tr><tr><td>Peso L\u00edquido<\/td><td>149 kg<\/td><\/tr><tr><td>Pneu Dianteiro<\/td><td>PIRELLI SPORT DEMON 100\/80 &#8211; 17 MC 52H<\/td><\/tr><tr><td>Pneu Traseiro<\/td><td>PIRELLI SPORT DEMON 140\/70 &#8211; 17 MC 66H<\/td><\/tr><tr><td>Tipo De Chassi<\/td><td>Diamante<\/td><\/tr><tr><th colspan=\"2\" align=\"left\">Suspens\u00e3o<\/th><\/tr><tr><td>Curso Da Suspens\u00e3o Dianteira<\/td><td>130 mm (suspens\u00e3o) \/ 130 mm (roda)<\/td><\/tr><tr><td>Curso Da Suspens\u00e3o Traseira<\/td><td>44 mm (suspens\u00e3o) \/ 120 mm (roda)<\/td><\/tr><tr><td>Suspens\u00e3o Dianteira<\/td><td>Garfo tel\u00e9scopico<\/td><\/tr><tr><td>Suspens\u00e3o Traseira<\/td><td>Balan\u00e7a traseira tipo Monocross<\/td><\/tr><tr><th colspan=\"2\" align=\"left\">C\u00e2mbio<\/th><\/tr><tr><td>Embreagem<\/td><td>Multi-Disco \u00famida<\/td><\/tr><tr><td>Sistema De Transmiss\u00e3o<\/td><td>Sincronizada, 5 velocidades<\/td><\/tr><tr><td>Transmiss\u00e3o Final<\/td><td>Corrente<\/td><\/tr><tr><th colspan=\"2\" align=\"left\">Freios<\/th><\/tr><tr><td>Freio Dianteiro<\/td><td>Disco hidr\u00e1ulico com sistema anti bloqueio<\/td><\/tr><tr><td>Freio Traseiro<\/td><td>Disco hidr\u00e1ulico com sistema anti bloqueio<\/td><\/tr><tr><td>Sistema De Freios<\/td><td>ABS<\/td><\/tr><tr><td>\u00d8 Do Freio Dianteiro<\/td><td>282 mm (\u00d8 externo)<\/td><\/tr><tr><td>\u00d8 Do Freio Traseiro<\/td><td>220 mm (\u00d8 externo)<\/td><\/tr><\/table><\/div><font style='font-size:14px;'>*Os dados obtidos por esta p\u00e1gina s\u00e3o atualizados ocasionalmente e n\u00e3o s\u00e3o auditados, portanto, podem n\u00e3o coincidir com as \u00faltimas atualiza\u00e7\u00f5es da fonte. Deste modo, fica a crit\u00e9rio e responsabilidade do utilizador de como pretender utiliz\u00e1-los.<br> Fontes:<br>Motos Motor: https:\/\/motos-motor.com.br\/sugerido\/<br>Yamaha. FAZER FZ25 ABS: A moto feita para quem escolhe avan\u00e7ar. Dispon\u00edvel em: < https:\/\/www.yamaha-motor.com.br\/fazer-fz25-abs\/product\/30095 >. \u00daltimo acesso em: quarta-feira, 25 de setembro de 2024<\/font>.","protected":false},"excerpt":{"rendered":"<p>O pre\u00e7o p\u00fablico sugerido do modelo\/vers\u00e3o Yamaha FAZER FZ25 ABS 0km conforme cor dispon\u00edvel \u00e9 de: Azul Met\u00e1lico &#8211; R$ 22790.00*; Preto Fosco &#8211; R$ 21490.00*; Vermelho Met\u00e1lico &#8211; R$ 22790.00*; Verde Fosco &#8211; R$ 22790.00*; Cinza Fosco &#8211; R$ 22790.00* \u00e0 vista, com base na \u00faltima verifica\u00e7\u00e3o em 25\/09\/2024. Confira mais detalhes como varia\u00e7\u00f5es,&#8230;<\/p>\n","protected":false},"author":1,"featured_media":6014,"comment_status":"closed","ping_status":"closed","sticky":false,"template":"","format":"standard","meta":{"footnotes":""},"categories":[63],"tags":[4],"class_list":["post-1401","post","type-post","status-publish","format-standard","has-post-thumbnail","hentry","category-fazer-fz25-abs","tag-street"],"_links":{"self":[{"href":"https:\/\/motos-motor.com.br\/sugerido\/wp-json\/wp\/v2\/posts\/1401","targetHints":{"allow":["GET"]}}],"collection":[{"href":"https:\/\/motos-motor.com.br\/sugerido\/wp-json\/wp\/v2\/posts"}],"about":[{"href":"https:\/\/motos-motor.com.br\/sugerido\/wp-json\/wp\/v2\/types\/post"}],"author":[{"embeddable":true,"href":"https:\/\/motos-motor.com.br\/sugerido\/wp-json\/wp\/v2\/users\/1"}],"replies":[{"embeddable":true,"href":"https:\/\/motos-motor.com.br\/sugerido\/wp-json\/wp\/v2\/comments?post=1401"}],"version-history":[{"count":0,"href":"https:\/\/motos-motor.com.br\/sugerido\/wp-json\/wp\/v2\/posts\/1401\/revisions"}],"wp:featuredmedia":[{"embeddable":true,"href":"https:\/\/motos-motor.com.br\/sugerido\/wp-json\/wp\/v2\/media\/6014"}],"wp:attachment":[{"href":"https:\/\/motos-motor.com.br\/sugerido\/wp-json\/wp\/v2\/media?parent=1401"}],"wp:term":[{"taxonomy":"category","embeddable":true,"href":"https:\/\/motos-motor.com.br\/sugerido\/wp-json\/wp\/v2\/categories?post=1401"},{"taxonomy":"post_tag","embeddable":true,"href":"https:\/\/motos-motor.com.br\/sugerido\/wp-json\/wp\/v2\/tags?post=1401"}],"curies":[{"name":"wp","href":"https:\/\/api.w.org\/{rel}","templated":true}]}}