{"id":2666,"date":"2023-04-20T17:54:01","date_gmt":"2023-04-20T17:54:01","guid":{"rendered":"https:\/\/motos-motor.com.br\/sugerido\/?p=2666"},"modified":"2024-11-15T18:05:15","modified_gmt":"2024-11-15T18:05:15","slug":"bmw-f-850-gs-0km","status":"publish","type":"post","link":"https:\/\/motos-motor.com.br\/sugerido\/bmw-f-850-gs-0km\/","title":{"rendered":"BMW F 850 GS: pre\u00e7o, fotos, especifica\u00e7\u00f5es"},"content":{"rendered":"O pre\u00e7o p\u00fablico sugerido do modelo\/vers\u00e3o <strong>BMW F 850 GS 0km<\/strong> dispon\u00edvel nas cores <b>Triple Black<\/b>, <b>Gravity Blue<\/b>, <b>Racing Red<\/b>, <b>Preto Triple Black<\/b> e <b>Azul<\/b> n\u00e3o foi encontrado na \u00faltima verifica\u00e7\u00e3o, o que pode indicar que o modelo esteja indispon\u00edvel. Confira mais detalhes como varia\u00e7\u00f5es, queda e aumento de pre\u00e7o, conforme a tabela abaixo. N\u00e3o foi encontrado dados que indicassem diverg\u00eancia no pre\u00e7o conforme a cor pretendida, o que deve ser consultado nas concession\u00e1rias da marca. O pre\u00e7o sugerido n\u00e3o inclui despesas com frete, que pode variar de acordo com a concession\u00e1ria contratada, informa a fabricante. <h2>Tabela de pre\u00e7o BMW F 850 GS<\/h2> Tabela de pre\u00e7o com base nas \u00faltimas verifica\u00e7\u00f5es online. <table bgcolor='#e5e6ef'> <thead bgcolor='#cbccd7'><tr><td colspan='3' align='left'>Pre\u00e7o sugerido BMW F 850 GS 0km<\/td><\/tr><\/thead> <tbody><tr><td colspan='3' align='left'><b>Cor Triple Black<\/b><\/td><\/tr> <tr><td>17\/04\/2023 a 19\/08\/2023<\/td><td>74500.00*<\/td><td>0.00%<\/td><\/tr><tr><td>13\/09\/2023 a 13\/09\/2023<\/td><td>78500.00*<\/td><td>+5.37%<\/td><\/tr><tr><td>18\/02\/2024 a 06\/05\/2024<\/td><td>0.00*<\/td><td>0.00%<\/td><\/tr><tr><td>Acumulado de 17\/04\/2023 a 06\/05\/2024<\/td><td>+4000.00*<\/td><td>+5.37%<\/td><\/tr><tr><td colspan='3' align='left'><b>Cor Gravity Blue<\/b><\/td><\/tr> <tr><td>17\/04\/2023 a 19\/08\/2023<\/td><td>74500.00*<\/td><td>0.00%<\/td><\/tr><tr><td>13\/09\/2023 a 13\/09\/2023<\/td><td>78500.00*<\/td><td>+5.37%<\/td><\/tr><tr><td>18\/02\/2024 a 06\/05\/2024<\/td><td>0.00*<\/td><td>0.00%<\/td><\/tr><tr><td>Acumulado de 17\/04\/2023 a 06\/05\/2024<\/td><td>+4000.00*<\/td><td>+5.37%<\/td><\/tr><tr><td colspan='3' align='left'><b>Cor Racing Red<\/b><\/td><\/tr> <tr><td>17\/04\/2023 a 19\/08\/2023<\/td><td>74500.00*<\/td><td>0.00%<\/td><\/tr><tr><td>13\/09\/2023 a 13\/09\/2023<\/td><td>78500.00*<\/td><td>+5.37%<\/td><\/tr><tr><td>18\/02\/2024 a 06\/05\/2024<\/td><td>0.00*<\/td><td>0.00%<\/td><\/tr><tr><td>Acumulado de 17\/04\/2023 a 06\/05\/2024<\/td><td>+4000.00*<\/td><td>+5.37%<\/td><\/tr><tr><td colspan='3' align='left'><b>Cor Preto Triple Black<\/b><\/td><\/tr> <tr><td>15\/06\/2024 a 15\/06\/2024<\/td><td>0.00*<\/td><td>0.00%<\/td><\/tr><tr><td colspan='3' align='left'><b>Cor Azul<\/b><\/td><\/tr> <tr><td>15\/06\/2024 a 15\/06\/2024<\/td><td>0.00*<\/td><td>0.00%<\/td><\/tr><\/tbody> <tfoot bgcolor='eceef7'><tr><td colspan='3' align='left'><font style='font-size:14px;'>Valores em R$ (Real &#8211; BRL). Fonte: BMW Motos.<\/font><\/td><\/tr><\/tfoot> <\/table><h2>Galeria de imagens<\/h2> Imagens de divulga\u00e7\u00e3o. Clique sobre a foto para expandir a resolu\u00e7\u00e3o. <figure class=\"wp-block-gallery has-nested-images columns-default is-cropped wp-block-gallery-1 is-layout-flex wp-block-gallery-is-layout-flex\"><figure class=\"wp-block-image size-large\"><a href=\"http:\/\/motos-motor.com.br\/sugerido\/wp-content\/uploads\/motos\/bmw\/f850gs\/20240301\/f-850-gs-triple-black-0.webp\" target=\"_blank\" rel=\"noopener\" data-rel=\"lightbox-gallery-UHYX2iag\" data-rl_title=\"\" data-rl_caption=\"\" title=\"\"><img loading=\"lazy\" decoding=\"async\" width=\"200\" height=\"87\" data-id=\"8080\" src=\"http:\/\/motos-motor.com.br\/sugerido\/wp-content\/uploads\/motos\/bmw\/f850gs\/20240301\/f-850-gs-triple-black-0-200x200.webp\" alt=\"F 850 GS Triple Black 0\" class=\"wp-image-8080\" srcset=\"https:\/\/motos-motor.com.br\/sugerido\/wp-content\/uploads\/motos\/bmw\/f850gs\/20240301\/f-850-gs-triple-black-0-200x200.webp 200w, https:\/\/motos-motor.com.br\/sugerido\/wp-content\/uploads\/motos\/bmw\/f850gs\/20240301\/f-850-gs-triple-black-0.webp 1920w\" sizes=\"auto, (max-width: 200px) 100vw, 200px\" \/><\/a><\/figure><figure class=\"wp-block-image size-large\"><a href=\"http:\/\/motos-motor.com.br\/sugerido\/wp-content\/uploads\/motos\/bmw\/f850gs\/20240301\/f-850-gs-em-gravity-blue-2.webp\" target=\"_blank\" rel=\"noopener\" data-rel=\"lightbox-gallery-UHYX2iag\" data-rl_title=\"\" data-rl_caption=\"\" title=\"\"><img loading=\"lazy\" decoding=\"async\" width=\"200\" height=\"87\" data-id=\"8081\" src=\"http:\/\/motos-motor.com.br\/sugerido\/wp-content\/uploads\/motos\/bmw\/f850gs\/20240301\/f-850-gs-em-gravity-blue-2-200x200.webp\" alt=\"F 850 GS em Gravity Blue 2\" class=\"wp-image-8081\" srcset=\"https:\/\/motos-motor.com.br\/sugerido\/wp-content\/uploads\/motos\/bmw\/f850gs\/20240301\/f-850-gs-em-gravity-blue-2-200x200.webp 200w, https:\/\/motos-motor.com.br\/sugerido\/wp-content\/uploads\/motos\/bmw\/f850gs\/20240301\/f-850-gs-em-gravity-blue-2.webp 1920w\" sizes=\"auto, (max-width: 200px) 100vw, 200px\" \/><\/a><\/figure><figure class=\"wp-block-image size-large\"><a href=\"http:\/\/motos-motor.com.br\/sugerido\/wp-content\/uploads\/motos\/bmw\/f850gs\/20240301\/racing-red-f850-gs-4.webp\" target=\"_blank\" rel=\"noopener\" data-rel=\"lightbox-gallery-UHYX2iag\" data-rl_title=\"\" data-rl_caption=\"\" title=\"\"><img loading=\"lazy\" decoding=\"async\" width=\"200\" height=\"87\" data-id=\"8082\" src=\"http:\/\/motos-motor.com.br\/sugerido\/wp-content\/uploads\/motos\/bmw\/f850gs\/20240301\/racing-red-f850-gs-4-200x200.webp\" alt=\"Racing Red F850 GS 4\" class=\"wp-image-8082\" srcset=\"https:\/\/motos-motor.com.br\/sugerido\/wp-content\/uploads\/motos\/bmw\/f850gs\/20240301\/racing-red-f850-gs-4-200x200.webp 200w, https:\/\/motos-motor.com.br\/sugerido\/wp-content\/uploads\/motos\/bmw\/f850gs\/20240301\/racing-red-f850-gs-4.webp 1920w\" sizes=\"auto, (max-width: 200px) 100vw, 200px\" \/><\/a><\/figure><\/figure><figure class=\"wp-block-gallery has-nested-images columns-default is-cropped wp-block-gallery-2 is-layout-flex wp-block-gallery-is-layout-flex\"><figure class=\"wp-block-image size-large\"><a href=\"http:\/\/motos-motor.com.br\/sugerido\/wp-content\/uploads\/motos\/bmw\/f850gs\/20230427\/f-850-gs-triple-black-0.webp\" target=\"_blank\" rel=\"noopener\" data-rel=\"lightbox-gallery-UHYX2iag\" data-rl_title=\"\" data-rl_caption=\"\" title=\"\"><img loading=\"lazy\" decoding=\"async\" width=\"200\" height=\"87\" data-id=\"3818\" src=\"http:\/\/motos-motor.com.br\/sugerido\/wp-content\/uploads\/motos\/bmw\/f850gs\/20230427\/f-850-gs-triple-black-0-200x200.webp\" alt=\"F 850 GS Triple Black 0\" class=\"wp-image-3818\" srcset=\"https:\/\/motos-motor.com.br\/sugerido\/wp-content\/uploads\/motos\/bmw\/f850gs\/20230427\/f-850-gs-triple-black-0-200x200.webp 200w, https:\/\/motos-motor.com.br\/sugerido\/wp-content\/uploads\/motos\/bmw\/f850gs\/20230427\/f-850-gs-triple-black-0.webp 1920w\" sizes=\"auto, (max-width: 200px) 100vw, 200px\" \/><\/a><\/figure><figure class=\"wp-block-image size-large\"><a href=\"http:\/\/motos-motor.com.br\/sugerido\/wp-content\/uploads\/motos\/bmw\/f850gs\/20230427\/f-850-gs-roda-8.webp\" target=\"_blank\" rel=\"noopener\" data-rel=\"lightbox-gallery-UHYX2iag\" data-rl_title=\"\" data-rl_caption=\"\" title=\"\"><img loading=\"lazy\" decoding=\"async\" width=\"200\" height=\"112\" data-id=\"3806\" src=\"http:\/\/motos-motor.com.br\/sugerido\/wp-content\/uploads\/motos\/bmw\/f850gs\/20230427\/f-850-gs-roda-8-200x200.webp\" alt=\"F 850 GS Roda 8\" class=\"wp-image-3806\" srcset=\"https:\/\/motos-motor.com.br\/sugerido\/wp-content\/uploads\/motos\/bmw\/f850gs\/20230427\/f-850-gs-roda-8-200x200.webp 200w, https:\/\/motos-motor.com.br\/sugerido\/wp-content\/uploads\/motos\/bmw\/f850gs\/20230427\/f-850-gs-roda-8.webp 1920w\" sizes=\"auto, (max-width: 200px) 100vw, 200px\" \/><\/a><\/figure><figure class=\"wp-block-image size-large\"><a href=\"http:\/\/motos-motor.com.br\/sugerido\/wp-content\/uploads\/motos\/bmw\/f850gs\/20230427\/f-850-gs-painel-9.webp\" target=\"_blank\" rel=\"noopener\" data-rel=\"lightbox-gallery-UHYX2iag\" data-rl_title=\"\" data-rl_caption=\"\" title=\"\"><img loading=\"lazy\" decoding=\"async\" width=\"200\" height=\"112\" data-id=\"3807\" src=\"http:\/\/motos-motor.com.br\/sugerido\/wp-content\/uploads\/motos\/bmw\/f850gs\/20230427\/f-850-gs-painel-9-200x200.webp\" alt=\"F 850 GS Painel 9\" class=\"wp-image-3807\" srcset=\"https:\/\/motos-motor.com.br\/sugerido\/wp-content\/uploads\/motos\/bmw\/f850gs\/20230427\/f-850-gs-painel-9-200x200.webp 200w, https:\/\/motos-motor.com.br\/sugerido\/wp-content\/uploads\/motos\/bmw\/f850gs\/20230427\/f-850-gs-painel-9.webp 1920w\" sizes=\"auto, (max-width: 200px) 100vw, 200px\" \/><\/a><\/figure><figure class=\"wp-block-image size-large\"><a href=\"http:\/\/motos-motor.com.br\/sugerido\/wp-content\/uploads\/motos\/bmw\/f850gs\/20230427\/f-850-gs-motor-10.webp\" target=\"_blank\" rel=\"noopener\" data-rel=\"lightbox-gallery-UHYX2iag\" data-rl_title=\"\" data-rl_caption=\"\" title=\"\"><img loading=\"lazy\" decoding=\"async\" width=\"200\" height=\"112\" data-id=\"3808\" src=\"http:\/\/motos-motor.com.br\/sugerido\/wp-content\/uploads\/motos\/bmw\/f850gs\/20230427\/f-850-gs-motor-10-200x200.webp\" alt=\"F 850 GS Motor 10\" class=\"wp-image-3808\" srcset=\"https:\/\/motos-motor.com.br\/sugerido\/wp-content\/uploads\/motos\/bmw\/f850gs\/20230427\/f-850-gs-motor-10-200x200.webp 200w, https:\/\/motos-motor.com.br\/sugerido\/wp-content\/uploads\/motos\/bmw\/f850gs\/20230427\/f-850-gs-motor-10.webp 1920w\" sizes=\"auto, (max-width: 200px) 100vw, 200px\" \/><\/a><\/figure><figure class=\"wp-block-image size-large\"><a href=\"http:\/\/motos-motor.com.br\/sugerido\/wp-content\/uploads\/motos\/bmw\/f850gs\/20230427\/f-850-gs-protecao-de-motor-11.webp\" target=\"_blank\" rel=\"noopener\" data-rel=\"lightbox-gallery-UHYX2iag\" data-rl_title=\"\" data-rl_caption=\"\" title=\"\"><img loading=\"lazy\" decoding=\"async\" width=\"200\" height=\"112\" data-id=\"3809\" src=\"http:\/\/motos-motor.com.br\/sugerido\/wp-content\/uploads\/motos\/bmw\/f850gs\/20230427\/f-850-gs-protecao-de-motor-11-200x200.webp\" alt=\"F 850 GS Prote\u00e7\u00e3o de Motor 11\" class=\"wp-image-3809\" srcset=\"https:\/\/motos-motor.com.br\/sugerido\/wp-content\/uploads\/motos\/bmw\/f850gs\/20230427\/f-850-gs-protecao-de-motor-11-200x200.webp 200w, https:\/\/motos-motor.com.br\/sugerido\/wp-content\/uploads\/motos\/bmw\/f850gs\/20230427\/f-850-gs-protecao-de-motor-11.webp 1920w\" sizes=\"auto, (max-width: 200px) 100vw, 200px\" \/><\/a><\/figure><figure class=\"wp-block-image size-large\"><a href=\"http:\/\/motos-motor.com.br\/sugerido\/wp-content\/uploads\/motos\/bmw\/f850gs\/20230427\/f-850-gs-mode-12.webp\" target=\"_blank\" rel=\"noopener\" data-rel=\"lightbox-gallery-UHYX2iag\" data-rl_title=\"\" data-rl_caption=\"\" title=\"\"><img loading=\"lazy\" decoding=\"async\" width=\"200\" height=\"112\" data-id=\"3810\" src=\"http:\/\/motos-motor.com.br\/sugerido\/wp-content\/uploads\/motos\/bmw\/f850gs\/20230427\/f-850-gs-mode-12-200x200.webp\" alt=\"F 850 GS Mode 12\" class=\"wp-image-3810\" srcset=\"https:\/\/motos-motor.com.br\/sugerido\/wp-content\/uploads\/motos\/bmw\/f850gs\/20230427\/f-850-gs-mode-12-200x200.webp 200w, https:\/\/motos-motor.com.br\/sugerido\/wp-content\/uploads\/motos\/bmw\/f850gs\/20230427\/f-850-gs-mode-12.webp 1920w\" sizes=\"auto, (max-width: 200px) 100vw, 200px\" \/><\/a><\/figure><figure class=\"wp-block-image size-large\"><a href=\"http:\/\/motos-motor.com.br\/sugerido\/wp-content\/uploads\/motos\/bmw\/f850gs\/20230427\/f-850-gs-computador-de-bordo-13.webp\" target=\"_blank\" rel=\"noopener\" data-rel=\"lightbox-gallery-UHYX2iag\" data-rl_title=\"\" data-rl_caption=\"\" title=\"\"><img loading=\"lazy\" decoding=\"async\" width=\"200\" height=\"112\" data-id=\"3811\" src=\"http:\/\/motos-motor.com.br\/sugerido\/wp-content\/uploads\/motos\/bmw\/f850gs\/20230427\/f-850-gs-computador-de-bordo-13-200x200.webp\" alt=\"F 850 GS Computador de Bordo 13\" class=\"wp-image-3811\" srcset=\"https:\/\/motos-motor.com.br\/sugerido\/wp-content\/uploads\/motos\/bmw\/f850gs\/20230427\/f-850-gs-computador-de-bordo-13-200x200.webp 200w, https:\/\/motos-motor.com.br\/sugerido\/wp-content\/uploads\/motos\/bmw\/f850gs\/20230427\/f-850-gs-computador-de-bordo-13.webp 1920w\" sizes=\"auto, (max-width: 200px) 100vw, 200px\" \/><\/a><\/figure><figure class=\"wp-block-image size-large\"><a href=\"http:\/\/motos-motor.com.br\/sugerido\/wp-content\/uploads\/motos\/bmw\/f850gs\/20230427\/f-850-gs-suspensao-14.webp\" target=\"_blank\" rel=\"noopener\" data-rel=\"lightbox-gallery-UHYX2iag\" data-rl_title=\"\" data-rl_caption=\"\" title=\"\"><img loading=\"lazy\" decoding=\"async\" width=\"200\" height=\"112\" data-id=\"3812\" src=\"http:\/\/motos-motor.com.br\/sugerido\/wp-content\/uploads\/motos\/bmw\/f850gs\/20230427\/f-850-gs-suspensao-14-200x200.webp\" alt=\"F 850 GS Suspens\u00e3o 14\" class=\"wp-image-3812\" srcset=\"https:\/\/motos-motor.com.br\/sugerido\/wp-content\/uploads\/motos\/bmw\/f850gs\/20230427\/f-850-gs-suspensao-14-200x200.webp 200w, https:\/\/motos-motor.com.br\/sugerido\/wp-content\/uploads\/motos\/bmw\/f850gs\/20230427\/f-850-gs-suspensao-14.webp 1920w\" sizes=\"auto, (max-width: 200px) 100vw, 200px\" \/><\/a><\/figure><figure class=\"wp-block-image size-large\"><a href=\"http:\/\/motos-motor.com.br\/sugerido\/wp-content\/uploads\/motos\/bmw\/f850gs\/20230427\/f-850-gs-farol-led-15.webp\" target=\"_blank\" rel=\"noopener\" data-rel=\"lightbox-gallery-UHYX2iag\" data-rl_title=\"\" data-rl_caption=\"\" title=\"\"><img loading=\"lazy\" decoding=\"async\" width=\"200\" height=\"112\" data-id=\"3813\" src=\"http:\/\/motos-motor.com.br\/sugerido\/wp-content\/uploads\/motos\/bmw\/f850gs\/20230427\/f-850-gs-farol-led-15-200x200.webp\" alt=\"F 850 GS Farol LED 15\" class=\"wp-image-3813\" srcset=\"https:\/\/motos-motor.com.br\/sugerido\/wp-content\/uploads\/motos\/bmw\/f850gs\/20230427\/f-850-gs-farol-led-15-200x200.webp 200w, https:\/\/motos-motor.com.br\/sugerido\/wp-content\/uploads\/motos\/bmw\/f850gs\/20230427\/f-850-gs-farol-led-15.webp 1920w\" sizes=\"auto, (max-width: 200px) 100vw, 200px\" \/><\/a><\/figure><\/figure><h2>Especifica\u00e7\u00f5es t\u00e9cnicas<\/h2> Caracter\u00edsticas t\u00e9cnicas do modelo Big Trail BMW F 850 GS. <table><caption><h3>Aspectos t\u00e9cnicos<\/h3><\/caption><tr><th colspan=\"2\" align=\"left\">Motor<\/th><\/tr><tr><td>Tipo<\/td><td>2 cilindros em linha, 4 tempos, 8 v\u00e1lvulas<\/td><\/tr><\/th><\/tr><tr><td>Di\u00e2metro \/ Curso<\/td><td>84 mm x 77 mm<\/td><\/tr><\/th><\/tr><tr><td>Cilindrada<\/td><td>853 cc<\/td><\/tr><\/th><\/tr><tr><td>Pot\u00eancia M\u00e1x.<\/td><td>80 cv (59 kW) em 6.250 rpm\u00a0 \u00a0<\/td><\/tr><\/th><\/tr><tr><td>Torque M\u00e1x.<\/td><td>9,3 Kgf.m (92Nm) em 6.250 rpm\u00a0<\/td><\/tr><\/th><\/tr><tr><td>Taxa De Compress\u00e3o<\/td><td>12,7 : 1<\/td><\/tr><\/th><\/tr><tr><td>Regula\u00e7\u00e3o Da Mistura<\/td><td>\u00a0<\/td><\/tr><tr><th colspan=\"2\" align=\"left\">Sistema El\u00e9trico<\/th><\/tr><tr><td>Alternador<\/td><td>Alternador magn\u00e9tico permanente 416 W (pot\u00eancia nominal)<\/td><\/tr><\/th><\/tr><tr><td>Bateria<\/td><td>\u00a0 12 V \/ 10 Ah, livre de manuten\u00e7\u00e3o<\/td><\/tr><tr><th colspan=\"2\" align=\"left\">Transmiss\u00e3o<\/th><\/tr><tr><td>Embreagem<\/td><td>Embreagem multidisco banhado a \u00f3leo (deslizante), acionamento mec\u00e2nico.<\/td><\/tr><\/th><\/tr><tr><td>Caixa De C\u00e2mbio<\/td><td>Seis velocidades com veio de sincroniza\u00e7\u00e3o, integrada no c\u00e1rter.<\/td><\/tr><\/th><\/tr><tr><td>Transmiss\u00e3o<\/td><td>Corrente com O-rings e com amortecimento no cubo da roda traseira.<\/td><\/tr><tr><th colspan=\"2\" align=\"left\">Cicl\u00edstica<\/th><\/tr><tr><td>Chassi<\/td><td>\u00a0<\/td><\/tr><\/th><\/tr><tr><td>Suspens\u00e3o Dianteira<\/td><td>Garfo telesc\u00f3pico invertido, \u00d8 43 mm\u00a0 \u00a0 \u00a0\u00a0<\/td><\/tr><\/th><\/tr><tr><td>Suspens\u00e3o Traseira<\/td><td>Bra\u00e7o oscilante duplo em alum\u00ednio fundido, amortecedor central WAD, ajuste hidr\u00e1ulica da pr\u00e9-carga da mola, amortecedor ajust\u00e1vel.<\/td><\/tr><\/th><\/tr><tr><td>Curso Da Suspens\u00e3o Dianteira\/Traseira<\/td><td>230 mm \/ 215 mm<\/td><\/tr><\/th><\/tr><tr><td>Dist\u00e2ncia Entre Eixos<\/td><td><\/td><\/tr><\/th><\/tr><tr><td>Avan\u00e7o<\/td><td>126 mm\u00a0<\/td><\/tr><\/th><\/tr><tr><td>\u00c2ngulo Da Coluna De Dire\u00e7\u00e3o<\/td><td>62\u00b0\u00a0<\/td><\/tr><\/th><\/tr><tr><td>Rodas<\/td><td>Rodas de raios cruzados\u00a0<\/td><\/tr><\/th><\/tr><tr><td>Roda Dianteira<\/td><td>2,15 x 21&quot;\u00a0\u00a0<\/td><\/tr><\/th><\/tr><tr><td>Roda Traseira<\/td><td>4,25 x 17&quot;\u00a0<\/td><\/tr><\/th><\/tr><tr><td>Pneu Dianteiro<\/td><td>90\/90 21\u00a0<\/td><\/tr><\/th><\/tr><tr><td>Pneu Traseiro<\/td><td>150\/70 R17<\/td><\/tr><\/th><\/tr><tr><td>Freio Dianteiro<\/td><td>Dois discos flutuantes, \u00d8 305 mm, pin\u00e7a flutuante de pist\u00e3o duplo.<\/td><\/tr><\/th><\/tr><tr><td>Freio Traseiro<\/td><td>Disco simples, \u00d8 265 mm, pin\u00e7a flutuante de pist\u00e3o simples.<\/td><\/tr><\/th><\/tr><tr><td>Abs<\/td><td>\u00a0<\/td><\/tr><tr><th colspan=\"2\" align=\"left\">Dimens\u00f5es\/Pesos<\/th><\/tr><tr><td>Altura Do Banco<\/td><td>860 mm (kit de rebaixamento de suspens\u00e3o: 805 mm, banco extra-baixo 825 mm, banco baixo 835 mm, banco conforto 875 mm)<\/td><\/tr><\/th><\/tr><tr><td>Curva Da Perna Interna<\/td><td>1.910 mm (kit de rebaixamento de suspens\u00e3o: 1.810 mm, banco extra-baixo 1.850 mm, banco baixo 1.870 mm, banco conforto 1.950 mm)<\/td><\/tr><\/th><\/tr><tr><td>Tanque De Combust\u00edvel<\/td><td>15 l\u00a0<\/td><\/tr><\/th><\/tr><tr><td>Reserva<\/td><td>aprox. 3,5 l<\/td><\/tr><\/th><\/tr><tr><td>Comprimento<\/td><td>2.305 mm<\/td><\/tr><\/th><\/tr><tr><td>Altura (Sem Espelhos)<\/td><td>\u00a0<\/td><\/tr><\/th><\/tr><tr><td>Largura (Incl. Espelhos)<\/td><td>877 mm\u00a0<\/td><\/tr><\/th><\/tr><tr><td>Peso Sem Carga, Pronto Para A Estrada, Dep\u00f3sito Cheio<\/td><td>233 kg<\/td><\/tr><\/th><\/tr><tr><td>Carga \u00datil (Com Equipamento De S\u00e9rie)<\/td><td>212 kg<\/td><\/tr><tr><th colspan=\"2\" align=\"left\">Servi\u00e7o<\/th><\/tr><tr><td>Revis\u00f5es (De Acordo Com O Manual Do Condutor\/Propriet\u00e1rio)<\/td><td>Al\u00e9m da recomenda\u00e7\u00e3o do manual, a motocicleta pode ter mais necessidades de servi\u00e7os e pe\u00e7as, de acordo com a recomenda\u00e7\u00e3o informada pela ferramenta de diagn\u00f3stico da BMW,\u00a0 presente em toda rede de concession\u00e1rias.<\/td><\/tr><tr><th colspan=\"2\" align=\"left\">Itens de S\u00e9rie<\/th><\/tr><tr><td colspan=\"2\" align=\"left\">0 Abs pro<\/td><\/tr><\/th><\/tr><tr><td colspan=\"2\" align=\"left\">1 Ajuste de pr\u00e9-carga do amortecedor traseiro<\/td><\/tr><\/th><\/tr><tr><td colspan=\"2\" align=\"left\">2 Ajuste de retorno do amortecedor traseiro<\/td><\/tr><\/th><\/tr><tr><td colspan=\"2\" align=\"left\">3 Ajuste do manete de embreagem<\/td><\/tr><\/th><\/tr><tr><td colspan=\"2\" align=\"left\">4 Ajuste do manete de freio<\/td><\/tr><\/th><\/tr><tr><td colspan=\"2\" align=\"left\">5 Bmw motorrad abs<\/td><\/tr><\/th><\/tr><tr><td colspan=\"2\" align=\"left\">6 Computador de bordo<\/td><\/tr><\/th><\/tr><tr><td colspan=\"2\" align=\"left\">7 Conector usb<\/td><\/tr><\/th><\/tr><tr><td colspan=\"2\" align=\"left\">8 Controle de tra\u00e7\u00e3o din\u00e2mico (dtc)<\/td><\/tr><\/th><\/tr><tr><td colspan=\"2\" align=\"left\">9 Farol dianteiro em led<\/td><\/tr><\/th><\/tr><tr><td colspan=\"2\" align=\"left\">10 Garfos dianteiros invertidos<\/td><\/tr><\/th><\/tr><tr><td colspan=\"2\" align=\"left\">11 Imobilizador eletr\u00f4nico<\/td><\/tr><\/th><\/tr><tr><td colspan=\"2\" align=\"left\">12 Indicadores de dire\u00e7\u00e3o em led<\/td><\/tr><\/th><\/tr><tr><td colspan=\"2\" align=\"left\">13 Lanterna traseira em led<\/td><\/tr><\/th><\/tr><tr><td colspan=\"2\" align=\"left\">14 Modos de pilotagem: rain &amp; road<\/td><\/tr><\/th><\/tr><tr><td colspan=\"2\" align=\"left\">15 Monitoramento de press\u00e3o dos pneus<\/td><\/tr><\/th><\/tr><tr><td colspan=\"2\" align=\"left\">16 Painel tft &amp; conectividade<\/td><\/tr><\/th><\/tr><tr><td colspan=\"2\" align=\"left\">17 Parabrisa com ajuste de altura<\/td><\/tr><\/th><\/tr><tr><td colspan=\"2\" align=\"left\">18 Protetor de carter do motor<\/td><\/tr><\/th><\/tr><tr><td colspan=\"2\" align=\"left\">19 Rodas raiadas<\/td><\/tr><\/th><\/tr><tr><td colspan=\"2\" align=\"left\">20 Suporte bagageiro<\/td><\/tr><\/th><\/tr><tr><td colspan=\"2\" align=\"left\">21 Tomada 12v<\/td><\/tr><\/table><font style='font-size:14px;'>*Os dados obtidos por esta p\u00e1gina s\u00e3o atualizados ocasionalmente e n\u00e3o s\u00e3o auditados, portanto, podem n\u00e3o coincidir com as \u00faltimas atualiza\u00e7\u00f5es da fonte. Deste modo, fica a crit\u00e9rio e responsabilidade do utilizador de como pretender utiliz\u00e1-los.<br> Fontes:<br>Motos Motor: https:\/\/motos-motor.com.br\/sugerido\/<br>BMW. F 850 GS: Aventura est\u00e1 no sangue. Dispon\u00edvel em: < https:\/\/www.bmw-motorrad.com.br\/pt\/models\/adventure\/f850gs.html >. \u00daltimo acesso em: s\u00e1bado, 15 de junho de 2024<\/font>.","protected":false},"excerpt":{"rendered":"<p>O pre\u00e7o p\u00fablico sugerido do modelo\/vers\u00e3o BMW F 850 GS 0km dispon\u00edvel nas cores Triple Black, Gravity Blue, Racing Red, Preto Triple Black e Azul n\u00e3o foi encontrado na \u00faltima verifica\u00e7\u00e3o, o que pode indicar que o modelo esteja indispon\u00edvel. Confira mais detalhes como varia\u00e7\u00f5es, queda e aumento de pre\u00e7o, conforme a tabela abaixo. N\u00e3o&#8230;<\/p>\n","protected":false},"author":1,"featured_media":8080,"comment_status":"closed","ping_status":"closed","sticky":false,"template":"","format":"standard","meta":{"footnotes":""},"categories":[141],"tags":[31],"class_list":["post-2666","post","type-post","status-publish","format-standard","has-post-thumbnail","hentry","category-f-850-gs","tag-big-trail"],"_links":{"self":[{"href":"https:\/\/motos-motor.com.br\/sugerido\/wp-json\/wp\/v2\/posts\/2666","targetHints":{"allow":["GET"]}}],"collection":[{"href":"https:\/\/motos-motor.com.br\/sugerido\/wp-json\/wp\/v2\/posts"}],"about":[{"href":"https:\/\/motos-motor.com.br\/sugerido\/wp-json\/wp\/v2\/types\/post"}],"author":[{"embeddable":true,"href":"https:\/\/motos-motor.com.br\/sugerido\/wp-json\/wp\/v2\/users\/1"}],"replies":[{"embeddable":true,"href":"https:\/\/motos-motor.com.br\/sugerido\/wp-json\/wp\/v2\/comments?post=2666"}],"version-history":[{"count":0,"href":"https:\/\/motos-motor.com.br\/sugerido\/wp-json\/wp\/v2\/posts\/2666\/revisions"}],"wp:featuredmedia":[{"embeddable":true,"href":"https:\/\/motos-motor.com.br\/sugerido\/wp-json\/wp\/v2\/media\/8080"}],"wp:attachment":[{"href":"https:\/\/motos-motor.com.br\/sugerido\/wp-json\/wp\/v2\/media?parent=2666"}],"wp:term":[{"taxonomy":"category","embeddable":true,"href":"https:\/\/motos-motor.com.br\/sugerido\/wp-json\/wp\/v2\/categories?post=2666"},{"taxonomy":"post_tag","embeddable":true,"href":"https:\/\/motos-motor.com.br\/sugerido\/wp-json\/wp\/v2\/tags?post=2666"}],"curies":[{"name":"wp","href":"https:\/\/api.w.org\/{rel}","templated":true}]}}