{"id":2975,"date":"2023-04-20T17:58:49","date_gmt":"2023-04-20T17:58:49","guid":{"rendered":"https:\/\/motos-motor.com.br\/sugerido\/?p=2975"},"modified":"2024-11-15T18:16:57","modified_gmt":"2024-11-15T18:16:57","slug":"bmw-s-1000-rr-0km","status":"publish","type":"post","link":"https:\/\/motos-motor.com.br\/sugerido\/bmw-s-1000-rr-0km\/","title":{"rendered":"BMW S 1000 RR: pre\u00e7o, fotos, especifica\u00e7\u00f5es"},"content":{"rendered":"O pre\u00e7o p\u00fablico sugerido do modelo\/vers\u00e3o <strong>BMW S 1000 RR 0km<\/strong> conforme cor dispon\u00edvel \u00e9 de: <b>Motorsport<\/b> &#8211; <strong>R$ 0.00*;<\/strong> <b>Mineral Grey Metallic<\/b> &#8211; <strong>R$ 120500.00*;<\/strong> <b>Preto Storm Met\u00e1lico<\/b> &#8211; <strong>R$ 120500.00*;<\/strong> <b>Black Storm Metallic<\/b> &#8211; <strong>R$ 0.00*;<\/strong> <b>Racing Red<\/b> &#8211; <strong>R$ 0.00*<\/strong> \u00e0 vista, com base na \u00faltima verifica\u00e7\u00e3o em 15\/06\/2024. Confira mais detalhes como varia\u00e7\u00f5es, queda e aumento de pre\u00e7o, conforme a tabela abaixo. O pre\u00e7o sugerido \u00e9 referente ao pagamento \u00e0 vista e n\u00e3o inclui despesas com frete, que pode variar de acordo com a concession\u00e1ria contratada, informa a fabricante.<h2>Tabela de pre\u00e7o BMW S 1000 RR<\/h2> Tabela de pre\u00e7o com base nas \u00faltimas verifica\u00e7\u00f5es online. <table bgcolor='#e5e6ef'> <thead bgcolor='#cbccd7'><tr><td colspan='3' align='left'>Pre\u00e7o sugerido BMW S 1000 RR 0km<\/td><\/tr><\/thead> <tbody><tr><td colspan='3' align='left'><b>Cor Motorsport<\/b><\/td><\/tr> <tr><td>17\/04\/2023 a 04\/05\/2023<\/td><td>120500.00*<\/td><td>0.00%<\/td><\/tr><tr><td>05\/05\/2023 a 05\/06\/2023<\/td><td>125900.00*<\/td><td>+4.48%<\/td><\/tr><tr><td>18\/02\/2024 a 15\/06\/2024<\/td><td>0.00*<\/td><td>0.00%<\/td><\/tr><tr><td>Acumulado de 17\/04\/2023 a 15\/06\/2024<\/td><td>+5400.00*<\/td><td>+4.48%<\/td><\/tr><tr><td colspan='3' align='left'><b>Cor Mineral Grey Metallic<\/b><\/td><\/tr> <tr><td>17\/04\/2023 a 04\/05\/2023<\/td><td>120500.00*<\/td><td>0.00%<\/td><\/tr><tr><td colspan='3' align='left'><b>Cor Preto Storm Met\u00e1lico<\/b><\/td><\/tr> <tr><td>17\/04\/2023 a 04\/05\/2023<\/td><td>120500.00*<\/td><td>0.00%<\/td><\/tr><tr><td colspan='3' align='left'><b>Cor Black Storm Metallic<\/b><\/td><\/tr> <tr><td>05\/05\/2023 a 05\/06\/2023<\/td><td>125900.00*<\/td><td>0.00%<\/td><\/tr><tr><td>18\/02\/2024 a 15\/06\/2024<\/td><td>0.00*<\/td><td>0.00%<\/td><\/tr><tr><td>Acumulado de 05\/05\/2023 a 15\/06\/2024<\/td><td>0.00*<\/td><td>0.00%<\/td><\/tr><tr><td colspan='3' align='left'><b>Cor Racing Red<\/b><\/td><\/tr> <tr><td>05\/05\/2023 a 05\/06\/2023<\/td><td>125900.00*<\/td><td>0.00%<\/td><\/tr><tr><td>18\/02\/2024 a 15\/06\/2024<\/td><td>0.00*<\/td><td>0.00%<\/td><\/tr><tr><td>Acumulado de 05\/05\/2023 a 15\/06\/2024<\/td><td>0.00*<\/td><td>0.00%<\/td><\/tr><\/tbody> <tfoot bgcolor='eceef7'><tr><td colspan='3' align='left'><font style='font-size:14px;'>Valores em R$ (Real &#8211; BRL). Fonte: BMW Motos.<\/font><\/td><\/tr><\/tfoot> <\/table><h2>Galeria de imagens<\/h2> Imagens de divulga\u00e7\u00e3o. Clique sobre a foto para expandir a resolu\u00e7\u00e3o. <figure class=\"wp-block-gallery has-nested-images columns-default is-cropped wp-block-gallery-1 is-layout-flex wp-block-gallery-is-layout-flex\"><figure class=\"wp-block-image size-large\"><a href=\"http:\/\/motos-motor.com.br\/sugerido\/wp-content\/uploads\/motos\/bmw\/s1000rr\/20240308\/bmw-s-1000-rr-motorsport-0.webp\" target=\"_blank\" rel=\"noopener\" data-rel=\"lightbox-gallery-IlkB8JLE\" data-rl_title=\"\" data-rl_caption=\"\" title=\"\"><img loading=\"lazy\" decoding=\"async\" width=\"200\" height=\"87\" data-id=\"8152\" src=\"http:\/\/motos-motor.com.br\/sugerido\/wp-content\/uploads\/motos\/bmw\/s1000rr\/20240308\/bmw-s-1000-rr-motorsport-0-200x200.webp\" alt=\"BMW S 1000 RR Motorsport 0\" class=\"wp-image-8152\" srcset=\"https:\/\/motos-motor.com.br\/sugerido\/wp-content\/uploads\/motos\/bmw\/s1000rr\/20240308\/bmw-s-1000-rr-motorsport-0-200x200.webp 200w, https:\/\/motos-motor.com.br\/sugerido\/wp-content\/uploads\/motos\/bmw\/s1000rr\/20240308\/bmw-s-1000-rr-motorsport-0.webp 1920w\" sizes=\"auto, (max-width: 200px) 100vw, 200px\" \/><\/a><\/figure><figure class=\"wp-block-image size-large\"><a href=\"http:\/\/motos-motor.com.br\/sugerido\/wp-content\/uploads\/motos\/bmw\/s1000rr\/20230427\/bmw-s-1000-rr-mineral-grey-2.webp\" target=\"_blank\" rel=\"noopener\" data-rel=\"lightbox-gallery-IlkB8JLE\" data-rl_title=\"\" data-rl_caption=\"\" title=\"\"><img loading=\"lazy\" decoding=\"async\" width=\"200\" height=\"87\" data-id=\"4030\" src=\"http:\/\/motos-motor.com.br\/sugerido\/wp-content\/uploads\/motos\/bmw\/s1000rr\/20230427\/bmw-s-1000-rr-mineral-grey-2-200x200.webp\" alt=\"BMW S 1000 RR Mineral Grey 2\" class=\"wp-image-4030\" srcset=\"https:\/\/motos-motor.com.br\/sugerido\/wp-content\/uploads\/motos\/bmw\/s1000rr\/20230427\/bmw-s-1000-rr-mineral-grey-2-200x200.webp 200w, https:\/\/motos-motor.com.br\/sugerido\/wp-content\/uploads\/motos\/bmw\/s1000rr\/20230427\/bmw-s-1000-rr-mineral-grey-2.webp 1920w\" sizes=\"auto, (max-width: 200px) 100vw, 200px\" \/><\/a><\/figure><figure class=\"wp-block-image size-large\"><a href=\"http:\/\/motos-motor.com.br\/sugerido\/wp-content\/uploads\/motos\/bmw\/s1000rr\/20230427\/bmw-s-1000-rr-preto-storm-metalico-4.webp\" target=\"_blank\" rel=\"noopener\" data-rel=\"lightbox-gallery-IlkB8JLE\" data-rl_title=\"\" data-rl_caption=\"\" title=\"\"><img loading=\"lazy\" decoding=\"async\" width=\"200\" height=\"87\" data-id=\"4031\" src=\"http:\/\/motos-motor.com.br\/sugerido\/wp-content\/uploads\/motos\/bmw\/s1000rr\/20230427\/bmw-s-1000-rr-preto-storm-metalico-4-200x200.webp\" alt=\"BMW S 1000 RR Preto Storm Met\u00e1lico 4\" class=\"wp-image-4031\" srcset=\"https:\/\/motos-motor.com.br\/sugerido\/wp-content\/uploads\/motos\/bmw\/s1000rr\/20230427\/bmw-s-1000-rr-preto-storm-metalico-4-200x200.webp 200w, https:\/\/motos-motor.com.br\/sugerido\/wp-content\/uploads\/motos\/bmw\/s1000rr\/20230427\/bmw-s-1000-rr-preto-storm-metalico-4.webp 1920w\" sizes=\"auto, (max-width: 200px) 100vw, 200px\" \/><\/a><\/figure><figure class=\"wp-block-image size-large\"><a href=\"http:\/\/motos-motor.com.br\/sugerido\/wp-content\/uploads\/motos\/bmw\/s1000rr\/20240308\/bmw-s-1000-rr-mineral-grey-6.webp\" target=\"_blank\" rel=\"noopener\" data-rel=\"lightbox-gallery-IlkB8JLE\" data-rl_title=\"\" data-rl_caption=\"\" title=\"\"><img loading=\"lazy\" decoding=\"async\" width=\"200\" height=\"87\" data-id=\"8153\" src=\"http:\/\/motos-motor.com.br\/sugerido\/wp-content\/uploads\/motos\/bmw\/s1000rr\/20240308\/bmw-s-1000-rr-mineral-grey-6-200x200.webp\" alt=\"BMW S 1000 RR Mineral Grey 6\" class=\"wp-image-8153\" srcset=\"https:\/\/motos-motor.com.br\/sugerido\/wp-content\/uploads\/motos\/bmw\/s1000rr\/20240308\/bmw-s-1000-rr-mineral-grey-6-200x200.webp 200w, https:\/\/motos-motor.com.br\/sugerido\/wp-content\/uploads\/motos\/bmw\/s1000rr\/20240308\/bmw-s-1000-rr-mineral-grey-6.webp 1920w\" sizes=\"auto, (max-width: 200px) 100vw, 200px\" \/><\/a><\/figure><figure class=\"wp-block-image size-large\"><a href=\"http:\/\/motos-motor.com.br\/sugerido\/wp-content\/uploads\/motos\/bmw\/s1000rr\/20240308\/bmw-s-1000-rr-preto-storm-metalico-8.webp\" target=\"_blank\" rel=\"noopener\" data-rel=\"lightbox-gallery-IlkB8JLE\" data-rl_title=\"\" data-rl_caption=\"\" title=\"\"><img loading=\"lazy\" decoding=\"async\" width=\"200\" height=\"87\" data-id=\"8154\" src=\"http:\/\/motos-motor.com.br\/sugerido\/wp-content\/uploads\/motos\/bmw\/s1000rr\/20240308\/bmw-s-1000-rr-preto-storm-metalico-8-200x200.webp\" alt=\"BMW S 1000 RR Preto Storm Met\u00e1lico 8\" class=\"wp-image-8154\" srcset=\"https:\/\/motos-motor.com.br\/sugerido\/wp-content\/uploads\/motos\/bmw\/s1000rr\/20240308\/bmw-s-1000-rr-preto-storm-metalico-8-200x200.webp 200w, https:\/\/motos-motor.com.br\/sugerido\/wp-content\/uploads\/motos\/bmw\/s1000rr\/20240308\/bmw-s-1000-rr-preto-storm-metalico-8.webp 1920w\" sizes=\"auto, (max-width: 200px) 100vw, 200px\" \/><\/a><\/figure><\/figure><figure class=\"wp-block-gallery has-nested-images columns-default is-cropped wp-block-gallery-2 is-layout-flex wp-block-gallery-is-layout-flex\"><figure class=\"wp-block-image size-large\"><a href=\"http:\/\/motos-motor.com.br\/sugerido\/wp-content\/uploads\/motos\/bmw\/s1000rr\/20230427\/piloto-com-sua-bmw-s-1000-rr-parado-na-estrada-olhando-para-tras-1.webp\" target=\"_blank\" rel=\"noopener\" data-rel=\"lightbox-gallery-IlkB8JLE\" data-rl_title=\"\" data-rl_caption=\"\" title=\"\"><img loading=\"lazy\" decoding=\"async\" width=\"200\" height=\"112\" data-id=\"4017\" src=\"http:\/\/motos-motor.com.br\/sugerido\/wp-content\/uploads\/motos\/bmw\/s1000rr\/20230427\/piloto-com-sua-bmw-s-1000-rr-parado-na-estrada-olhando-para-tras-1-200x200.webp\" alt=\"Piloto com sua BMW S 1000 RR parado na estrada olhando para tr\u00e1s 1\" class=\"wp-image-4017\" srcset=\"https:\/\/motos-motor.com.br\/sugerido\/wp-content\/uploads\/motos\/bmw\/s1000rr\/20230427\/piloto-com-sua-bmw-s-1000-rr-parado-na-estrada-olhando-para-tras-1-200x200.webp 200w, https:\/\/motos-motor.com.br\/sugerido\/wp-content\/uploads\/motos\/bmw\/s1000rr\/20230427\/piloto-com-sua-bmw-s-1000-rr-parado-na-estrada-olhando-para-tras-1.webp 1920w\" sizes=\"auto, (max-width: 200px) 100vw, 200px\" \/><\/a><\/figure><figure class=\"wp-block-image size-large\"><a href=\"http:\/\/motos-motor.com.br\/sugerido\/wp-content\/uploads\/motos\/bmw\/s1000rr\/20230427\/s-1000-rr-mineral-grey-metallic-2.webp\" target=\"_blank\" rel=\"noopener\" data-rel=\"lightbox-gallery-IlkB8JLE\" data-rl_title=\"\" data-rl_caption=\"\" title=\"\"><img loading=\"lazy\" decoding=\"async\" width=\"200\" height=\"112\" data-id=\"4018\" src=\"http:\/\/motos-motor.com.br\/sugerido\/wp-content\/uploads\/motos\/bmw\/s1000rr\/20230427\/s-1000-rr-mineral-grey-metallic-2-200x200.webp\" alt=\"S 1000 RR MIneral Grey Metallic 2\" class=\"wp-image-4018\" srcset=\"https:\/\/motos-motor.com.br\/sugerido\/wp-content\/uploads\/motos\/bmw\/s1000rr\/20230427\/s-1000-rr-mineral-grey-metallic-2-200x200.webp 200w, https:\/\/motos-motor.com.br\/sugerido\/wp-content\/uploads\/motos\/bmw\/s1000rr\/20230427\/s-1000-rr-mineral-grey-metallic-2.webp 1920w\" sizes=\"auto, (max-width: 200px) 100vw, 200px\" \/><\/a><\/figure><figure class=\"wp-block-image size-large\"><a href=\"http:\/\/motos-motor.com.br\/sugerido\/wp-content\/uploads\/motos\/bmw\/s1000rr\/20230427\/piloto-em-velocidade-dirigindo-a-s-1000-rr-versao-preto-storm-metalico-3.webp\" target=\"_blank\" rel=\"noopener\" data-rel=\"lightbox-gallery-IlkB8JLE\" data-rl_title=\"\" data-rl_caption=\"\" title=\"\"><img loading=\"lazy\" decoding=\"async\" width=\"200\" height=\"112\" data-id=\"4019\" src=\"http:\/\/motos-motor.com.br\/sugerido\/wp-content\/uploads\/motos\/bmw\/s1000rr\/20230427\/piloto-em-velocidade-dirigindo-a-s-1000-rr-versao-preto-storm-metalico-3-200x200.webp\" alt=\"Piloto em velocidade dirigindo a S 1000 RR vers\u00e3o Preto Storm Met\u00e1lico 3\" class=\"wp-image-4019\" srcset=\"https:\/\/motos-motor.com.br\/sugerido\/wp-content\/uploads\/motos\/bmw\/s1000rr\/20230427\/piloto-em-velocidade-dirigindo-a-s-1000-rr-versao-preto-storm-metalico-3-200x200.webp 200w, https:\/\/motos-motor.com.br\/sugerido\/wp-content\/uploads\/motos\/bmw\/s1000rr\/20230427\/piloto-em-velocidade-dirigindo-a-s-1000-rr-versao-preto-storm-metalico-3.webp 1920w\" sizes=\"auto, (max-width: 200px) 100vw, 200px\" \/><\/a><\/figure><figure class=\"wp-block-image size-large\"><a href=\"http:\/\/motos-motor.com.br\/sugerido\/wp-content\/uploads\/motos\/bmw\/s1000rr\/20230427\/dois-pilotos-em-velocidade-com-suas-bmw-s-1000-rr-lado-a-lado-visao-lateral-4.webp\" target=\"_blank\" rel=\"noopener\" data-rel=\"lightbox-gallery-IlkB8JLE\" data-rl_title=\"\" data-rl_caption=\"\" title=\"\"><img loading=\"lazy\" decoding=\"async\" width=\"200\" height=\"112\" data-id=\"4020\" src=\"http:\/\/motos-motor.com.br\/sugerido\/wp-content\/uploads\/motos\/bmw\/s1000rr\/20230427\/dois-pilotos-em-velocidade-com-suas-bmw-s-1000-rr-lado-a-lado-visao-lateral-4-200x200.webp\" alt=\"Dois pilotos em velocidade com suas BMW S 1000 RR lado a lado vis\u00e3o lateral 4\" class=\"wp-image-4020\" srcset=\"https:\/\/motos-motor.com.br\/sugerido\/wp-content\/uploads\/motos\/bmw\/s1000rr\/20230427\/dois-pilotos-em-velocidade-com-suas-bmw-s-1000-rr-lado-a-lado-visao-lateral-4-200x200.webp 200w, https:\/\/motos-motor.com.br\/sugerido\/wp-content\/uploads\/motos\/bmw\/s1000rr\/20230427\/dois-pilotos-em-velocidade-com-suas-bmw-s-1000-rr-lado-a-lado-visao-lateral-4.webp 1920w\" sizes=\"auto, (max-width: 200px) 100vw, 200px\" \/><\/a><\/figure><figure class=\"wp-block-image size-large\"><a href=\"http:\/\/motos-motor.com.br\/sugerido\/wp-content\/uploads\/motos\/bmw\/s1000rr\/20230427\/unidade-traseira-13.webp\" target=\"_blank\" rel=\"noopener\" data-rel=\"lightbox-gallery-IlkB8JLE\" data-rl_title=\"\" data-rl_caption=\"\" title=\"\"><img loading=\"lazy\" decoding=\"async\" width=\"200\" height=\"112\" data-id=\"4021\" src=\"http:\/\/motos-motor.com.br\/sugerido\/wp-content\/uploads\/motos\/bmw\/s1000rr\/20230427\/unidade-traseira-13-200x200.webp\" alt=\"Unidade traseira 13\" class=\"wp-image-4021\" srcset=\"https:\/\/motos-motor.com.br\/sugerido\/wp-content\/uploads\/motos\/bmw\/s1000rr\/20230427\/unidade-traseira-13-200x200.webp 200w, https:\/\/motos-motor.com.br\/sugerido\/wp-content\/uploads\/motos\/bmw\/s1000rr\/20230427\/unidade-traseira-13.webp 1920w\" sizes=\"auto, (max-width: 200px) 100vw, 200px\" \/><\/a><\/figure><figure class=\"wp-block-image size-large\"><a href=\"http:\/\/motos-motor.com.br\/sugerido\/wp-content\/uploads\/motos\/bmw\/s1000rr\/20230427\/controle-de-amortecimento-dinamico-ddc-de-ultima-geracao-14.webp\" target=\"_blank\" rel=\"noopener\" data-rel=\"lightbox-gallery-IlkB8JLE\" data-rl_title=\"\" data-rl_caption=\"\" title=\"\"><img loading=\"lazy\" decoding=\"async\" width=\"200\" height=\"112\" data-id=\"4022\" src=\"http:\/\/motos-motor.com.br\/sugerido\/wp-content\/uploads\/motos\/bmw\/s1000rr\/20230427\/controle-de-amortecimento-dinamico-ddc-de-ultima-geracao-14-200x200.webp\" alt=\"Controle de Amortecimento Din\u00e2mico (DDC) de \u00faltima gera\u00e7\u00e3o 14\" class=\"wp-image-4022\" srcset=\"https:\/\/motos-motor.com.br\/sugerido\/wp-content\/uploads\/motos\/bmw\/s1000rr\/20230427\/controle-de-amortecimento-dinamico-ddc-de-ultima-geracao-14-200x200.webp 200w, https:\/\/motos-motor.com.br\/sugerido\/wp-content\/uploads\/motos\/bmw\/s1000rr\/20230427\/controle-de-amortecimento-dinamico-ddc-de-ultima-geracao-14.webp 1920w\" sizes=\"auto, (max-width: 200px) 100vw, 200px\" \/><\/a><\/figure><figure class=\"wp-block-image size-large\"><a href=\"http:\/\/motos-motor.com.br\/sugerido\/wp-content\/uploads\/motos\/bmw\/s1000rr\/20230427\/painel-tft-de-65y-15.webp\" target=\"_blank\" rel=\"noopener\" data-rel=\"lightbox-gallery-IlkB8JLE\" data-rl_title=\"\" data-rl_caption=\"\" title=\"\"><img loading=\"lazy\" decoding=\"async\" width=\"200\" height=\"112\" data-id=\"4023\" src=\"http:\/\/motos-motor.com.br\/sugerido\/wp-content\/uploads\/motos\/bmw\/s1000rr\/20230427\/painel-tft-de-65y-15-200x200.webp\" alt=\"Painel TFT de 65\u201d 15\" class=\"wp-image-4023\" srcset=\"https:\/\/motos-motor.com.br\/sugerido\/wp-content\/uploads\/motos\/bmw\/s1000rr\/20230427\/painel-tft-de-65y-15-200x200.webp 200w, https:\/\/motos-motor.com.br\/sugerido\/wp-content\/uploads\/motos\/bmw\/s1000rr\/20230427\/painel-tft-de-65y-15.webp 1920w\" sizes=\"auto, (max-width: 200px) 100vw, 200px\" \/><\/a><\/figure><figure class=\"wp-block-image size-large\"><a href=\"http:\/\/motos-motor.com.br\/sugerido\/wp-content\/uploads\/motos\/bmw\/s1000rr\/20230427\/multi-controlador-16.webp\" target=\"_blank\" rel=\"noopener\" data-rel=\"lightbox-gallery-IlkB8JLE\" data-rl_title=\"\" data-rl_caption=\"\" title=\"\"><img loading=\"lazy\" decoding=\"async\" width=\"200\" height=\"112\" data-id=\"4024\" src=\"http:\/\/motos-motor.com.br\/sugerido\/wp-content\/uploads\/motos\/bmw\/s1000rr\/20230427\/multi-controlador-16-200x200.webp\" alt=\"Multi-Controlador 16\" class=\"wp-image-4024\" srcset=\"https:\/\/motos-motor.com.br\/sugerido\/wp-content\/uploads\/motos\/bmw\/s1000rr\/20230427\/multi-controlador-16-200x200.webp 200w, https:\/\/motos-motor.com.br\/sugerido\/wp-content\/uploads\/motos\/bmw\/s1000rr\/20230427\/multi-controlador-16.webp 1920w\" sizes=\"auto, (max-width: 200px) 100vw, 200px\" \/><\/a><\/figure><figure class=\"wp-block-image size-large\"><a href=\"http:\/\/motos-motor.com.br\/sugerido\/wp-content\/uploads\/motos\/bmw\/s1000rr\/20230427\/luzes-led-17.webp\" target=\"_blank\" rel=\"noopener\" data-rel=\"lightbox-gallery-IlkB8JLE\" data-rl_title=\"\" data-rl_caption=\"\" title=\"\"><img loading=\"lazy\" decoding=\"async\" width=\"200\" height=\"112\" data-id=\"4025\" src=\"http:\/\/motos-motor.com.br\/sugerido\/wp-content\/uploads\/motos\/bmw\/s1000rr\/20230427\/luzes-led-17-200x200.webp\" alt=\"Luzes LED 17\" class=\"wp-image-4025\" srcset=\"https:\/\/motos-motor.com.br\/sugerido\/wp-content\/uploads\/motos\/bmw\/s1000rr\/20230427\/luzes-led-17-200x200.webp 200w, https:\/\/motos-motor.com.br\/sugerido\/wp-content\/uploads\/motos\/bmw\/s1000rr\/20230427\/luzes-led-17.webp 1920w\" sizes=\"auto, (max-width: 200px) 100vw, 200px\" \/><\/a><\/figure><figure class=\"wp-block-image size-large\"><a href=\"http:\/\/motos-motor.com.br\/sugerido\/wp-content\/uploads\/motos\/bmw\/s1000rr\/20230427\/assento-m-18.webp\" target=\"_blank\" rel=\"noopener\" data-rel=\"lightbox-gallery-IlkB8JLE\" data-rl_title=\"\" data-rl_caption=\"\" title=\"\"><img loading=\"lazy\" decoding=\"async\" width=\"200\" height=\"112\" data-id=\"4026\" src=\"http:\/\/motos-motor.com.br\/sugerido\/wp-content\/uploads\/motos\/bmw\/s1000rr\/20230427\/assento-m-18-200x200.webp\" alt=\"Assento M 18\" class=\"wp-image-4026\" srcset=\"https:\/\/motos-motor.com.br\/sugerido\/wp-content\/uploads\/motos\/bmw\/s1000rr\/20230427\/assento-m-18-200x200.webp 200w, https:\/\/motos-motor.com.br\/sugerido\/wp-content\/uploads\/motos\/bmw\/s1000rr\/20230427\/assento-m-18.webp 1920w\" sizes=\"auto, (max-width: 200px) 100vw, 200px\" \/><\/a><\/figure><figure class=\"wp-block-image size-large\"><a href=\"http:\/\/motos-motor.com.br\/sugerido\/wp-content\/uploads\/motos\/bmw\/s1000rr\/20230427\/motor-s-1000-rr-19.webp\" target=\"_blank\" rel=\"noopener\" data-rel=\"lightbox-gallery-IlkB8JLE\" data-rl_title=\"\" data-rl_caption=\"\" title=\"\"><img loading=\"lazy\" decoding=\"async\" width=\"200\" height=\"112\" data-id=\"4027\" src=\"http:\/\/motos-motor.com.br\/sugerido\/wp-content\/uploads\/motos\/bmw\/s1000rr\/20230427\/motor-s-1000-rr-19-200x200.webp\" alt=\"Motor S 1000 RR 19\" class=\"wp-image-4027\" srcset=\"https:\/\/motos-motor.com.br\/sugerido\/wp-content\/uploads\/motos\/bmw\/s1000rr\/20230427\/motor-s-1000-rr-19-200x200.webp 200w, https:\/\/motos-motor.com.br\/sugerido\/wp-content\/uploads\/motos\/bmw\/s1000rr\/20230427\/motor-s-1000-rr-19.webp 1920w\" sizes=\"auto, (max-width: 200px) 100vw, 200px\" \/><\/a><\/figure><figure class=\"wp-block-image size-large\"><a href=\"http:\/\/motos-motor.com.br\/sugerido\/wp-content\/uploads\/motos\/bmw\/s1000rr\/20230427\/assento-20.webp\" target=\"_blank\" rel=\"noopener\" data-rel=\"lightbox-gallery-IlkB8JLE\" data-rl_title=\"\" data-rl_caption=\"\" title=\"\"><img loading=\"lazy\" decoding=\"async\" width=\"200\" height=\"112\" data-id=\"4028\" src=\"http:\/\/motos-motor.com.br\/sugerido\/wp-content\/uploads\/motos\/bmw\/s1000rr\/20230427\/assento-20-200x200.webp\" alt=\"Assento 20\" class=\"wp-image-4028\" srcset=\"https:\/\/motos-motor.com.br\/sugerido\/wp-content\/uploads\/motos\/bmw\/s1000rr\/20230427\/assento-20-200x200.webp 200w, https:\/\/motos-motor.com.br\/sugerido\/wp-content\/uploads\/motos\/bmw\/s1000rr\/20230427\/assento-20.webp 1920w\" sizes=\"auto, (max-width: 200px) 100vw, 200px\" \/><\/a><\/figure><figure class=\"wp-block-image size-large\"><a href=\"http:\/\/motos-motor.com.br\/sugerido\/wp-content\/uploads\/motos\/bmw\/s1000rr\/20230505\/piloto-com-sua-bmw-s-1000-rr-parado-na-estrada-olhando-para-tras-31.webp\" target=\"_blank\" rel=\"noopener\" data-rel=\"lightbox-gallery-IlkB8JLE\" data-rl_title=\"\" data-rl_caption=\"\" title=\"\"><img loading=\"lazy\" decoding=\"async\" width=\"200\" height=\"112\" data-id=\"4475\" src=\"http:\/\/motos-motor.com.br\/sugerido\/wp-content\/uploads\/motos\/bmw\/s1000rr\/20230505\/piloto-com-sua-bmw-s-1000-rr-parado-na-estrada-olhando-para-tras-31-200x200.webp\" alt=\"Piloto com sua BMW S 1000 RR parado na estrada olhando para tr\u00e1s 31\" class=\"wp-image-4475\" srcset=\"https:\/\/motos-motor.com.br\/sugerido\/wp-content\/uploads\/motos\/bmw\/s1000rr\/20230505\/piloto-com-sua-bmw-s-1000-rr-parado-na-estrada-olhando-para-tras-31-200x200.webp 200w, https:\/\/motos-motor.com.br\/sugerido\/wp-content\/uploads\/motos\/bmw\/s1000rr\/20230505\/piloto-com-sua-bmw-s-1000-rr-parado-na-estrada-olhando-para-tras-31.webp 1920w\" sizes=\"auto, (max-width: 200px) 100vw, 200px\" \/><\/a><\/figure><figure class=\"wp-block-image size-large\"><a href=\"http:\/\/motos-motor.com.br\/sugerido\/wp-content\/uploads\/motos\/bmw\/s1000rr\/20230505\/s-1000-rr-mineral-grey-metallic-32.webp\" target=\"_blank\" rel=\"noopener\" data-rel=\"lightbox-gallery-IlkB8JLE\" data-rl_title=\"\" data-rl_caption=\"\" title=\"\"><img loading=\"lazy\" decoding=\"async\" width=\"200\" height=\"112\" data-id=\"4476\" src=\"http:\/\/motos-motor.com.br\/sugerido\/wp-content\/uploads\/motos\/bmw\/s1000rr\/20230505\/s-1000-rr-mineral-grey-metallic-32-200x200.webp\" alt=\"S 1000 RR MIneral Grey Metallic 32\" class=\"wp-image-4476\" srcset=\"https:\/\/motos-motor.com.br\/sugerido\/wp-content\/uploads\/motos\/bmw\/s1000rr\/20230505\/s-1000-rr-mineral-grey-metallic-32-200x200.webp 200w, https:\/\/motos-motor.com.br\/sugerido\/wp-content\/uploads\/motos\/bmw\/s1000rr\/20230505\/s-1000-rr-mineral-grey-metallic-32.webp 1920w\" sizes=\"auto, (max-width: 200px) 100vw, 200px\" \/><\/a><\/figure><figure class=\"wp-block-image size-large\"><a href=\"http:\/\/motos-motor.com.br\/sugerido\/wp-content\/uploads\/motos\/bmw\/s1000rr\/20230505\/monoposto-41.webp\" target=\"_blank\" rel=\"noopener\" data-rel=\"lightbox-gallery-IlkB8JLE\" data-rl_title=\"\" data-rl_caption=\"\" title=\"\"><img loading=\"lazy\" decoding=\"async\" width=\"200\" height=\"112\" data-id=\"4477\" src=\"http:\/\/motos-motor.com.br\/sugerido\/wp-content\/uploads\/motos\/bmw\/s1000rr\/20230505\/monoposto-41-200x200.webp\" alt=\"Monoposto 41\" class=\"wp-image-4477\" srcset=\"https:\/\/motos-motor.com.br\/sugerido\/wp-content\/uploads\/motos\/bmw\/s1000rr\/20230505\/monoposto-41-200x200.webp 200w, https:\/\/motos-motor.com.br\/sugerido\/wp-content\/uploads\/motos\/bmw\/s1000rr\/20230505\/monoposto-41.webp 1920w\" sizes=\"auto, (max-width: 200px) 100vw, 200px\" \/><\/a><\/figure><figure class=\"wp-block-image size-large\"><a href=\"http:\/\/motos-motor.com.br\/sugerido\/wp-content\/uploads\/motos\/bmw\/s1000rr\/20230505\/bateria-de-litio-m-42.webp\" target=\"_blank\" rel=\"noopener\" data-rel=\"lightbox-gallery-IlkB8JLE\" data-rl_title=\"\" data-rl_caption=\"\" title=\"\"><img loading=\"lazy\" decoding=\"async\" width=\"200\" height=\"112\" data-id=\"4478\" src=\"http:\/\/motos-motor.com.br\/sugerido\/wp-content\/uploads\/motos\/bmw\/s1000rr\/20230505\/bateria-de-litio-m-42-200x200.webp\" alt=\"Bateria de l\u00edtio M 42\" class=\"wp-image-4478\" srcset=\"https:\/\/motos-motor.com.br\/sugerido\/wp-content\/uploads\/motos\/bmw\/s1000rr\/20230505\/bateria-de-litio-m-42-200x200.webp 200w, https:\/\/motos-motor.com.br\/sugerido\/wp-content\/uploads\/motos\/bmw\/s1000rr\/20230505\/bateria-de-litio-m-42.webp 1920w\" sizes=\"auto, (max-width: 200px) 100vw, 200px\" \/><\/a><\/figure><figure class=\"wp-block-image size-large\"><a href=\"http:\/\/motos-motor.com.br\/sugerido\/wp-content\/uploads\/motos\/bmw\/s1000rr\/20230505\/painel-tft-de-65y-43.webp\" target=\"_blank\" rel=\"noopener\" data-rel=\"lightbox-gallery-IlkB8JLE\" data-rl_title=\"\" data-rl_caption=\"\" title=\"\"><img loading=\"lazy\" decoding=\"async\" width=\"200\" height=\"112\" data-id=\"4479\" src=\"http:\/\/motos-motor.com.br\/sugerido\/wp-content\/uploads\/motos\/bmw\/s1000rr\/20230505\/painel-tft-de-65y-43-200x200.webp\" alt=\"Painel TFT de 65\u201d 43\" class=\"wp-image-4479\" srcset=\"https:\/\/motos-motor.com.br\/sugerido\/wp-content\/uploads\/motos\/bmw\/s1000rr\/20230505\/painel-tft-de-65y-43-200x200.webp 200w, https:\/\/motos-motor.com.br\/sugerido\/wp-content\/uploads\/motos\/bmw\/s1000rr\/20230505\/painel-tft-de-65y-43.webp 1920w\" sizes=\"auto, (max-width: 200px) 100vw, 200px\" \/><\/a><\/figure><figure class=\"wp-block-image size-large\"><a href=\"http:\/\/motos-motor.com.br\/sugerido\/wp-content\/uploads\/motos\/bmw\/s1000rr\/20230505\/ponteira-de-escapamento-akrapovic-com-acabemento-em-fibra-de-carbono-44.webp\" target=\"_blank\" rel=\"noopener\" data-rel=\"lightbox-gallery-IlkB8JLE\" data-rl_title=\"\" data-rl_caption=\"\" title=\"\"><img loading=\"lazy\" decoding=\"async\" width=\"200\" height=\"112\" data-id=\"4480\" src=\"http:\/\/motos-motor.com.br\/sugerido\/wp-content\/uploads\/motos\/bmw\/s1000rr\/20230505\/ponteira-de-escapamento-akrapovic-com-acabemento-em-fibra-de-carbono-44-200x200.webp\" alt=\"Ponteira de escapamento Akrapovic com acabemento em fibra de carbono 44\" class=\"wp-image-4480\" srcset=\"https:\/\/motos-motor.com.br\/sugerido\/wp-content\/uploads\/motos\/bmw\/s1000rr\/20230505\/ponteira-de-escapamento-akrapovic-com-acabemento-em-fibra-de-carbono-44-200x200.webp 200w, https:\/\/motos-motor.com.br\/sugerido\/wp-content\/uploads\/motos\/bmw\/s1000rr\/20230505\/ponteira-de-escapamento-akrapovic-com-acabemento-em-fibra-de-carbono-44.webp 1920w\" sizes=\"auto, (max-width: 200px) 100vw, 200px\" \/><\/a><\/figure><figure class=\"wp-block-image size-large\"><a href=\"http:\/\/motos-motor.com.br\/sugerido\/wp-content\/uploads\/motos\/bmw\/s1000rr\/20230505\/novo-parabrisa-45.webp\" target=\"_blank\" rel=\"noopener\" data-rel=\"lightbox-gallery-IlkB8JLE\" data-rl_title=\"\" data-rl_caption=\"\" title=\"\"><img loading=\"lazy\" decoding=\"async\" width=\"200\" height=\"112\" data-id=\"4481\" src=\"http:\/\/motos-motor.com.br\/sugerido\/wp-content\/uploads\/motos\/bmw\/s1000rr\/20230505\/novo-parabrisa-45-200x200.webp\" alt=\"Novo parabrisa 45\" class=\"wp-image-4481\" srcset=\"https:\/\/motos-motor.com.br\/sugerido\/wp-content\/uploads\/motos\/bmw\/s1000rr\/20230505\/novo-parabrisa-45-200x200.webp 200w, https:\/\/motos-motor.com.br\/sugerido\/wp-content\/uploads\/motos\/bmw\/s1000rr\/20230505\/novo-parabrisa-45.webp 1920w\" sizes=\"auto, (max-width: 200px) 100vw, 200px\" \/><\/a><\/figure><figure class=\"wp-block-image size-large\"><a href=\"http:\/\/motos-motor.com.br\/sugerido\/wp-content\/uploads\/motos\/bmw\/s1000rr\/20230505\/novas-asas-46.webp\" target=\"_blank\" rel=\"noopener\" data-rel=\"lightbox-gallery-IlkB8JLE\" data-rl_title=\"\" data-rl_caption=\"\" title=\"\"><img loading=\"lazy\" decoding=\"async\" width=\"200\" height=\"112\" data-id=\"4482\" src=\"http:\/\/motos-motor.com.br\/sugerido\/wp-content\/uploads\/motos\/bmw\/s1000rr\/20230505\/novas-asas-46-200x200.webp\" alt=\"Novas asas 46\" class=\"wp-image-4482\" srcset=\"https:\/\/motos-motor.com.br\/sugerido\/wp-content\/uploads\/motos\/bmw\/s1000rr\/20230505\/novas-asas-46-200x200.webp 200w, https:\/\/motos-motor.com.br\/sugerido\/wp-content\/uploads\/motos\/bmw\/s1000rr\/20230505\/novas-asas-46.webp 1920w\" sizes=\"auto, (max-width: 200px) 100vw, 200px\" \/><\/a><\/figure><figure class=\"wp-block-image size-large\"><a href=\"http:\/\/motos-motor.com.br\/sugerido\/wp-content\/uploads\/motos\/bmw\/s1000rr\/20230505\/novo-motor-s-1000-rr-47.webp\" target=\"_blank\" rel=\"noopener\" data-rel=\"lightbox-gallery-IlkB8JLE\" data-rl_title=\"\" data-rl_caption=\"\" title=\"\"><img loading=\"lazy\" decoding=\"async\" width=\"200\" height=\"112\" data-id=\"4483\" src=\"http:\/\/motos-motor.com.br\/sugerido\/wp-content\/uploads\/motos\/bmw\/s1000rr\/20230505\/novo-motor-s-1000-rr-47-200x200.webp\" alt=\"Novo motor S 1000 RR 47\" class=\"wp-image-4483\" srcset=\"https:\/\/motos-motor.com.br\/sugerido\/wp-content\/uploads\/motos\/bmw\/s1000rr\/20230505\/novo-motor-s-1000-rr-47-200x200.webp 200w, https:\/\/motos-motor.com.br\/sugerido\/wp-content\/uploads\/motos\/bmw\/s1000rr\/20230505\/novo-motor-s-1000-rr-47.webp 1920w\" sizes=\"auto, (max-width: 200px) 100vw, 200px\" \/><\/a><\/figure><figure class=\"wp-block-image size-large\"><a href=\"http:\/\/motos-motor.com.br\/sugerido\/wp-content\/uploads\/motos\/bmw\/s1000rr\/20230505\/pinca-de-freio-m-48.webp\" target=\"_blank\" rel=\"noopener\" data-rel=\"lightbox-gallery-IlkB8JLE\" data-rl_title=\"\" data-rl_caption=\"\" title=\"\"><img loading=\"lazy\" decoding=\"async\" width=\"200\" height=\"112\" data-id=\"4484\" src=\"http:\/\/motos-motor.com.br\/sugerido\/wp-content\/uploads\/motos\/bmw\/s1000rr\/20230505\/pinca-de-freio-m-48-200x200.webp\" alt=\"Pin\u00e7a de freio M 48\" class=\"wp-image-4484\" srcset=\"https:\/\/motos-motor.com.br\/sugerido\/wp-content\/uploads\/motos\/bmw\/s1000rr\/20230505\/pinca-de-freio-m-48-200x200.webp 200w, https:\/\/motos-motor.com.br\/sugerido\/wp-content\/uploads\/motos\/bmw\/s1000rr\/20230505\/pinca-de-freio-m-48.webp 1920w\" sizes=\"auto, (max-width: 200px) 100vw, 200px\" \/><\/a><\/figure><figure class=\"wp-block-image size-large\"><a href=\"http:\/\/motos-motor.com.br\/sugerido\/wp-content\/uploads\/motos\/bmw\/s1000rr\/20240218\/ponteira-de-escapamento-akrapovic-com-acabamento-em-fibra-de-carbono-58.webp\" target=\"_blank\" rel=\"noopener\" data-rel=\"lightbox-gallery-IlkB8JLE\" data-rl_title=\"\" data-rl_caption=\"\" title=\"\"><img loading=\"lazy\" decoding=\"async\" width=\"200\" height=\"112\" data-id=\"7301\" src=\"http:\/\/motos-motor.com.br\/sugerido\/wp-content\/uploads\/motos\/bmw\/s1000rr\/20240218\/ponteira-de-escapamento-akrapovic-com-acabamento-em-fibra-de-carbono-58-200x200.webp\" alt=\"Ponteira de escapamento Akrapovic com acabamento em fibra de carbono 58\" class=\"wp-image-7301\" srcset=\"https:\/\/motos-motor.com.br\/sugerido\/wp-content\/uploads\/motos\/bmw\/s1000rr\/20240218\/ponteira-de-escapamento-akrapovic-com-acabamento-em-fibra-de-carbono-58-200x200.webp 200w, https:\/\/motos-motor.com.br\/sugerido\/wp-content\/uploads\/motos\/bmw\/s1000rr\/20240218\/ponteira-de-escapamento-akrapovic-com-acabamento-em-fibra-de-carbono-58.webp 1920w\" sizes=\"auto, (max-width: 200px) 100vw, 200px\" \/><\/a><\/figure><figure class=\"wp-block-image size-large\"><a href=\"http:\/\/motos-motor.com.br\/sugerido\/wp-content\/uploads\/motos\/bmw\/s1000rr\/20240229\/piloto-com-sua-bmw-s-1000-rr-parado-na-estrada-olhando-para-tras-60.webp\" target=\"_blank\" rel=\"noopener\" data-rel=\"lightbox-gallery-IlkB8JLE\" data-rl_title=\"\" data-rl_caption=\"\" title=\"\"><img loading=\"lazy\" decoding=\"async\" width=\"200\" height=\"112\" data-id=\"8042\" src=\"http:\/\/motos-motor.com.br\/sugerido\/wp-content\/uploads\/motos\/bmw\/s1000rr\/20240229\/piloto-com-sua-bmw-s-1000-rr-parado-na-estrada-olhando-para-tras-60-200x200.webp\" alt=\"Piloto com sua BMW S 1000 RR parado na estrada olhando para tr\u00e1s 60\" class=\"wp-image-8042\" srcset=\"https:\/\/motos-motor.com.br\/sugerido\/wp-content\/uploads\/motos\/bmw\/s1000rr\/20240229\/piloto-com-sua-bmw-s-1000-rr-parado-na-estrada-olhando-para-tras-60-200x200.webp 200w, https:\/\/motos-motor.com.br\/sugerido\/wp-content\/uploads\/motos\/bmw\/s1000rr\/20240229\/piloto-com-sua-bmw-s-1000-rr-parado-na-estrada-olhando-para-tras-60.webp 1920w\" sizes=\"auto, (max-width: 200px) 100vw, 200px\" \/><\/a><\/figure><figure class=\"wp-block-image size-large\"><a href=\"http:\/\/motos-motor.com.br\/sugerido\/wp-content\/uploads\/motos\/bmw\/s1000rr\/20240229\/s-1000-rr-mineral-grey-metallic-61.webp\" target=\"_blank\" rel=\"noopener\" data-rel=\"lightbox-gallery-IlkB8JLE\" data-rl_title=\"\" data-rl_caption=\"\" title=\"\"><img loading=\"lazy\" decoding=\"async\" width=\"200\" height=\"112\" data-id=\"8043\" src=\"http:\/\/motos-motor.com.br\/sugerido\/wp-content\/uploads\/motos\/bmw\/s1000rr\/20240229\/s-1000-rr-mineral-grey-metallic-61-200x200.webp\" alt=\"S 1000 RR MIneral Grey Metallic 61\" class=\"wp-image-8043\" srcset=\"https:\/\/motos-motor.com.br\/sugerido\/wp-content\/uploads\/motos\/bmw\/s1000rr\/20240229\/s-1000-rr-mineral-grey-metallic-61-200x200.webp 200w, https:\/\/motos-motor.com.br\/sugerido\/wp-content\/uploads\/motos\/bmw\/s1000rr\/20240229\/s-1000-rr-mineral-grey-metallic-61.webp 1920w\" sizes=\"auto, (max-width: 200px) 100vw, 200px\" \/><\/a><\/figure><figure class=\"wp-block-image size-large\"><a href=\"http:\/\/motos-motor.com.br\/sugerido\/wp-content\/uploads\/motos\/bmw\/s1000rr\/20240229\/monoposto-69.webp\" target=\"_blank\" rel=\"noopener\" data-rel=\"lightbox-gallery-IlkB8JLE\" data-rl_title=\"\" data-rl_caption=\"\" title=\"\"><img loading=\"lazy\" decoding=\"async\" width=\"200\" height=\"112\" data-id=\"8044\" src=\"http:\/\/motos-motor.com.br\/sugerido\/wp-content\/uploads\/motos\/bmw\/s1000rr\/20240229\/monoposto-69-200x200.webp\" alt=\"Monoposto 69\" class=\"wp-image-8044\" srcset=\"https:\/\/motos-motor.com.br\/sugerido\/wp-content\/uploads\/motos\/bmw\/s1000rr\/20240229\/monoposto-69-200x200.webp 200w, https:\/\/motos-motor.com.br\/sugerido\/wp-content\/uploads\/motos\/bmw\/s1000rr\/20240229\/monoposto-69.webp 1920w\" sizes=\"auto, (max-width: 200px) 100vw, 200px\" \/><\/a><\/figure><figure class=\"wp-block-image size-large\"><a href=\"http:\/\/motos-motor.com.br\/sugerido\/wp-content\/uploads\/motos\/bmw\/s1000rr\/20240229\/bateria-de-litio-m-70.webp\" target=\"_blank\" rel=\"noopener\" data-rel=\"lightbox-gallery-IlkB8JLE\" data-rl_title=\"\" data-rl_caption=\"\" title=\"\"><img loading=\"lazy\" decoding=\"async\" width=\"200\" height=\"112\" data-id=\"8045\" src=\"http:\/\/motos-motor.com.br\/sugerido\/wp-content\/uploads\/motos\/bmw\/s1000rr\/20240229\/bateria-de-litio-m-70-200x200.webp\" alt=\"Bateria de l\u00edtio M 70\" class=\"wp-image-8045\" srcset=\"https:\/\/motos-motor.com.br\/sugerido\/wp-content\/uploads\/motos\/bmw\/s1000rr\/20240229\/bateria-de-litio-m-70-200x200.webp 200w, https:\/\/motos-motor.com.br\/sugerido\/wp-content\/uploads\/motos\/bmw\/s1000rr\/20240229\/bateria-de-litio-m-70.webp 1920w\" sizes=\"auto, (max-width: 200px) 100vw, 200px\" \/><\/a><\/figure><figure class=\"wp-block-image size-large\"><a href=\"http:\/\/motos-motor.com.br\/sugerido\/wp-content\/uploads\/motos\/bmw\/s1000rr\/20240229\/painel-tft-de-65y-71.webp\" target=\"_blank\" rel=\"noopener\" data-rel=\"lightbox-gallery-IlkB8JLE\" data-rl_title=\"\" data-rl_caption=\"\" title=\"\"><img loading=\"lazy\" decoding=\"async\" width=\"200\" height=\"112\" data-id=\"8046\" src=\"http:\/\/motos-motor.com.br\/sugerido\/wp-content\/uploads\/motos\/bmw\/s1000rr\/20240229\/painel-tft-de-65y-71-200x200.webp\" alt=\"Painel TFT de 65\u201d 71\" class=\"wp-image-8046\" srcset=\"https:\/\/motos-motor.com.br\/sugerido\/wp-content\/uploads\/motos\/bmw\/s1000rr\/20240229\/painel-tft-de-65y-71-200x200.webp 200w, https:\/\/motos-motor.com.br\/sugerido\/wp-content\/uploads\/motos\/bmw\/s1000rr\/20240229\/painel-tft-de-65y-71.webp 1920w\" sizes=\"auto, (max-width: 200px) 100vw, 200px\" \/><\/a><\/figure><figure class=\"wp-block-image size-large\"><a href=\"http:\/\/motos-motor.com.br\/sugerido\/wp-content\/uploads\/motos\/bmw\/s1000rr\/20240229\/ponteira-de-escapamento-akrapovic-com-acabamento-em-fibra-de-carbono-72.webp\" target=\"_blank\" rel=\"noopener\" data-rel=\"lightbox-gallery-IlkB8JLE\" data-rl_title=\"\" data-rl_caption=\"\" title=\"\"><img loading=\"lazy\" decoding=\"async\" width=\"200\" height=\"112\" data-id=\"8047\" src=\"http:\/\/motos-motor.com.br\/sugerido\/wp-content\/uploads\/motos\/bmw\/s1000rr\/20240229\/ponteira-de-escapamento-akrapovic-com-acabamento-em-fibra-de-carbono-72-200x200.webp\" alt=\"Ponteira de escapamento Akrapovic com acabamento em fibra de carbono 72\" class=\"wp-image-8047\" srcset=\"https:\/\/motos-motor.com.br\/sugerido\/wp-content\/uploads\/motos\/bmw\/s1000rr\/20240229\/ponteira-de-escapamento-akrapovic-com-acabamento-em-fibra-de-carbono-72-200x200.webp 200w, https:\/\/motos-motor.com.br\/sugerido\/wp-content\/uploads\/motos\/bmw\/s1000rr\/20240229\/ponteira-de-escapamento-akrapovic-com-acabamento-em-fibra-de-carbono-72.webp 1920w\" sizes=\"auto, (max-width: 200px) 100vw, 200px\" \/><\/a><\/figure><figure class=\"wp-block-image size-large\"><a href=\"http:\/\/motos-motor.com.br\/sugerido\/wp-content\/uploads\/motos\/bmw\/s1000rr\/20240229\/novo-parabrisa-73.webp\" target=\"_blank\" rel=\"noopener\" data-rel=\"lightbox-gallery-IlkB8JLE\" data-rl_title=\"\" data-rl_caption=\"\" title=\"\"><img loading=\"lazy\" decoding=\"async\" width=\"200\" height=\"112\" data-id=\"8048\" src=\"http:\/\/motos-motor.com.br\/sugerido\/wp-content\/uploads\/motos\/bmw\/s1000rr\/20240229\/novo-parabrisa-73-200x200.webp\" alt=\"Novo parabrisa 73\" class=\"wp-image-8048\" srcset=\"https:\/\/motos-motor.com.br\/sugerido\/wp-content\/uploads\/motos\/bmw\/s1000rr\/20240229\/novo-parabrisa-73-200x200.webp 200w, https:\/\/motos-motor.com.br\/sugerido\/wp-content\/uploads\/motos\/bmw\/s1000rr\/20240229\/novo-parabrisa-73.webp 1920w\" sizes=\"auto, (max-width: 200px) 100vw, 200px\" \/><\/a><\/figure><figure class=\"wp-block-image size-large\"><a href=\"http:\/\/motos-motor.com.br\/sugerido\/wp-content\/uploads\/motos\/bmw\/s1000rr\/20240229\/novas-asas-74.webp\" target=\"_blank\" rel=\"noopener\" data-rel=\"lightbox-gallery-IlkB8JLE\" data-rl_title=\"\" data-rl_caption=\"\" title=\"\"><img loading=\"lazy\" decoding=\"async\" width=\"200\" height=\"112\" data-id=\"8049\" src=\"http:\/\/motos-motor.com.br\/sugerido\/wp-content\/uploads\/motos\/bmw\/s1000rr\/20240229\/novas-asas-74-200x200.webp\" alt=\"Novas asas 74\" class=\"wp-image-8049\" srcset=\"https:\/\/motos-motor.com.br\/sugerido\/wp-content\/uploads\/motos\/bmw\/s1000rr\/20240229\/novas-asas-74-200x200.webp 200w, https:\/\/motos-motor.com.br\/sugerido\/wp-content\/uploads\/motos\/bmw\/s1000rr\/20240229\/novas-asas-74.webp 1920w\" sizes=\"auto, (max-width: 200px) 100vw, 200px\" \/><\/a><\/figure><figure class=\"wp-block-image size-large\"><a href=\"http:\/\/motos-motor.com.br\/sugerido\/wp-content\/uploads\/motos\/bmw\/s1000rr\/20240229\/pinca-de-freio-m-75.webp\" target=\"_blank\" rel=\"noopener\" data-rel=\"lightbox-gallery-IlkB8JLE\" data-rl_title=\"\" data-rl_caption=\"\" title=\"\"><img loading=\"lazy\" decoding=\"async\" width=\"200\" height=\"112\" data-id=\"8050\" src=\"http:\/\/motos-motor.com.br\/sugerido\/wp-content\/uploads\/motos\/bmw\/s1000rr\/20240229\/pinca-de-freio-m-75-200x200.webp\" alt=\"Pin\u00e7a de freio M 75\" class=\"wp-image-8050\" srcset=\"https:\/\/motos-motor.com.br\/sugerido\/wp-content\/uploads\/motos\/bmw\/s1000rr\/20240229\/pinca-de-freio-m-75-200x200.webp 200w, https:\/\/motos-motor.com.br\/sugerido\/wp-content\/uploads\/motos\/bmw\/s1000rr\/20240229\/pinca-de-freio-m-75.webp 1920w\" sizes=\"auto, (max-width: 200px) 100vw, 200px\" \/><\/a><\/figure><figure class=\"wp-block-image size-large\"><a href=\"http:\/\/motos-motor.com.br\/sugerido\/wp-content\/uploads\/motos\/bmw\/s1000rr\/20240308\/piloto-com-sua-bmw-s-1000-rr-parado-na-estrada-olhando-para-tras-83.webp\" target=\"_blank\" rel=\"noopener\" data-rel=\"lightbox-gallery-IlkB8JLE\" data-rl_title=\"\" data-rl_caption=\"\" title=\"\"><img loading=\"lazy\" decoding=\"async\" width=\"200\" height=\"112\" data-id=\"8143\" src=\"http:\/\/motos-motor.com.br\/sugerido\/wp-content\/uploads\/motos\/bmw\/s1000rr\/20240308\/piloto-com-sua-bmw-s-1000-rr-parado-na-estrada-olhando-para-tras-83-200x200.webp\" alt=\"Piloto com sua BMW S 1000 RR parado na estrada olhando para tr\u00e1s 83\" class=\"wp-image-8143\" srcset=\"https:\/\/motos-motor.com.br\/sugerido\/wp-content\/uploads\/motos\/bmw\/s1000rr\/20240308\/piloto-com-sua-bmw-s-1000-rr-parado-na-estrada-olhando-para-tras-83-200x200.webp 200w, https:\/\/motos-motor.com.br\/sugerido\/wp-content\/uploads\/motos\/bmw\/s1000rr\/20240308\/piloto-com-sua-bmw-s-1000-rr-parado-na-estrada-olhando-para-tras-83.webp 1920w\" sizes=\"auto, (max-width: 200px) 100vw, 200px\" \/><\/a><\/figure><figure class=\"wp-block-image size-large\"><a href=\"http:\/\/motos-motor.com.br\/sugerido\/wp-content\/uploads\/motos\/bmw\/s1000rr\/20240308\/s-1000-rr-mineral-grey-metallic-84.webp\" target=\"_blank\" rel=\"noopener\" data-rel=\"lightbox-gallery-IlkB8JLE\" data-rl_title=\"\" data-rl_caption=\"\" title=\"\"><img loading=\"lazy\" decoding=\"async\" width=\"200\" height=\"112\" data-id=\"8144\" src=\"http:\/\/motos-motor.com.br\/sugerido\/wp-content\/uploads\/motos\/bmw\/s1000rr\/20240308\/s-1000-rr-mineral-grey-metallic-84-200x200.webp\" alt=\"S 1000 RR MIneral Grey Metallic 84\" class=\"wp-image-8144\" srcset=\"https:\/\/motos-motor.com.br\/sugerido\/wp-content\/uploads\/motos\/bmw\/s1000rr\/20240308\/s-1000-rr-mineral-grey-metallic-84-200x200.webp 200w, https:\/\/motos-motor.com.br\/sugerido\/wp-content\/uploads\/motos\/bmw\/s1000rr\/20240308\/s-1000-rr-mineral-grey-metallic-84.webp 1920w\" sizes=\"auto, (max-width: 200px) 100vw, 200px\" \/><\/a><\/figure><figure class=\"wp-block-image size-large\"><a href=\"http:\/\/motos-motor.com.br\/sugerido\/wp-content\/uploads\/motos\/bmw\/s1000rr\/20240308\/monoposto-92.webp\" target=\"_blank\" rel=\"noopener\" data-rel=\"lightbox-gallery-IlkB8JLE\" data-rl_title=\"\" data-rl_caption=\"\" title=\"\"><img loading=\"lazy\" decoding=\"async\" width=\"200\" height=\"112\" data-id=\"8145\" src=\"http:\/\/motos-motor.com.br\/sugerido\/wp-content\/uploads\/motos\/bmw\/s1000rr\/20240308\/monoposto-92-200x200.webp\" alt=\"Monoposto 92\" class=\"wp-image-8145\" srcset=\"https:\/\/motos-motor.com.br\/sugerido\/wp-content\/uploads\/motos\/bmw\/s1000rr\/20240308\/monoposto-92-200x200.webp 200w, https:\/\/motos-motor.com.br\/sugerido\/wp-content\/uploads\/motos\/bmw\/s1000rr\/20240308\/monoposto-92.webp 1920w\" sizes=\"auto, (max-width: 200px) 100vw, 200px\" \/><\/a><\/figure><figure class=\"wp-block-image size-large\"><a href=\"http:\/\/motos-motor.com.br\/sugerido\/wp-content\/uploads\/motos\/bmw\/s1000rr\/20240308\/bateria-de-litio-m-93.webp\" target=\"_blank\" rel=\"noopener\" data-rel=\"lightbox-gallery-IlkB8JLE\" data-rl_title=\"\" data-rl_caption=\"\" title=\"\"><img loading=\"lazy\" decoding=\"async\" width=\"200\" height=\"112\" data-id=\"8146\" src=\"http:\/\/motos-motor.com.br\/sugerido\/wp-content\/uploads\/motos\/bmw\/s1000rr\/20240308\/bateria-de-litio-m-93-200x200.webp\" alt=\"Bateria de l\u00edtio M 93\" class=\"wp-image-8146\" srcset=\"https:\/\/motos-motor.com.br\/sugerido\/wp-content\/uploads\/motos\/bmw\/s1000rr\/20240308\/bateria-de-litio-m-93-200x200.webp 200w, https:\/\/motos-motor.com.br\/sugerido\/wp-content\/uploads\/motos\/bmw\/s1000rr\/20240308\/bateria-de-litio-m-93.webp 1920w\" sizes=\"auto, (max-width: 200px) 100vw, 200px\" \/><\/a><\/figure><figure class=\"wp-block-image size-large\"><a href=\"http:\/\/motos-motor.com.br\/sugerido\/wp-content\/uploads\/motos\/bmw\/s1000rr\/20240308\/painel-tft-de-65y-94.webp\" target=\"_blank\" rel=\"noopener\" data-rel=\"lightbox-gallery-IlkB8JLE\" data-rl_title=\"\" data-rl_caption=\"\" title=\"\"><img loading=\"lazy\" decoding=\"async\" width=\"200\" height=\"112\" data-id=\"8147\" src=\"http:\/\/motos-motor.com.br\/sugerido\/wp-content\/uploads\/motos\/bmw\/s1000rr\/20240308\/painel-tft-de-65y-94-200x200.webp\" alt=\"Painel TFT de 65\u201d 94\" class=\"wp-image-8147\" srcset=\"https:\/\/motos-motor.com.br\/sugerido\/wp-content\/uploads\/motos\/bmw\/s1000rr\/20240308\/painel-tft-de-65y-94-200x200.webp 200w, https:\/\/motos-motor.com.br\/sugerido\/wp-content\/uploads\/motos\/bmw\/s1000rr\/20240308\/painel-tft-de-65y-94.webp 1920w\" sizes=\"auto, (max-width: 200px) 100vw, 200px\" \/><\/a><\/figure><figure class=\"wp-block-image size-large\"><a href=\"http:\/\/motos-motor.com.br\/sugerido\/wp-content\/uploads\/motos\/bmw\/s1000rr\/20240308\/ponteira-de-escapamento-akrapovic-com-acabamento-em-fibra-de-carbono-95.webp\" target=\"_blank\" rel=\"noopener\" data-rel=\"lightbox-gallery-IlkB8JLE\" data-rl_title=\"\" data-rl_caption=\"\" title=\"\"><img loading=\"lazy\" decoding=\"async\" width=\"200\" height=\"112\" data-id=\"8148\" src=\"http:\/\/motos-motor.com.br\/sugerido\/wp-content\/uploads\/motos\/bmw\/s1000rr\/20240308\/ponteira-de-escapamento-akrapovic-com-acabamento-em-fibra-de-carbono-95-200x200.webp\" alt=\"Ponteira de escapamento Akrapovic com acabamento em fibra de carbono 95\" class=\"wp-image-8148\" srcset=\"https:\/\/motos-motor.com.br\/sugerido\/wp-content\/uploads\/motos\/bmw\/s1000rr\/20240308\/ponteira-de-escapamento-akrapovic-com-acabamento-em-fibra-de-carbono-95-200x200.webp 200w, https:\/\/motos-motor.com.br\/sugerido\/wp-content\/uploads\/motos\/bmw\/s1000rr\/20240308\/ponteira-de-escapamento-akrapovic-com-acabamento-em-fibra-de-carbono-95.webp 1920w\" sizes=\"auto, (max-width: 200px) 100vw, 200px\" \/><\/a><\/figure><figure class=\"wp-block-image size-large\"><a href=\"http:\/\/motos-motor.com.br\/sugerido\/wp-content\/uploads\/motos\/bmw\/s1000rr\/20240308\/novo-parabrisa-96.webp\" target=\"_blank\" rel=\"noopener\" data-rel=\"lightbox-gallery-IlkB8JLE\" data-rl_title=\"\" data-rl_caption=\"\" title=\"\"><img loading=\"lazy\" decoding=\"async\" width=\"200\" height=\"112\" data-id=\"8149\" src=\"http:\/\/motos-motor.com.br\/sugerido\/wp-content\/uploads\/motos\/bmw\/s1000rr\/20240308\/novo-parabrisa-96-200x200.webp\" alt=\"Novo parabrisa 96\" class=\"wp-image-8149\" srcset=\"https:\/\/motos-motor.com.br\/sugerido\/wp-content\/uploads\/motos\/bmw\/s1000rr\/20240308\/novo-parabrisa-96-200x200.webp 200w, https:\/\/motos-motor.com.br\/sugerido\/wp-content\/uploads\/motos\/bmw\/s1000rr\/20240308\/novo-parabrisa-96.webp 1920w\" sizes=\"auto, (max-width: 200px) 100vw, 200px\" \/><\/a><\/figure><figure class=\"wp-block-image size-large\"><a href=\"http:\/\/motos-motor.com.br\/sugerido\/wp-content\/uploads\/motos\/bmw\/s1000rr\/20240308\/novas-asas-97.webp\" target=\"_blank\" rel=\"noopener\" data-rel=\"lightbox-gallery-IlkB8JLE\" data-rl_title=\"\" data-rl_caption=\"\" title=\"\"><img loading=\"lazy\" decoding=\"async\" width=\"200\" height=\"112\" data-id=\"8150\" src=\"http:\/\/motos-motor.com.br\/sugerido\/wp-content\/uploads\/motos\/bmw\/s1000rr\/20240308\/novas-asas-97-200x200.webp\" alt=\"Novas asas 97\" class=\"wp-image-8150\" srcset=\"https:\/\/motos-motor.com.br\/sugerido\/wp-content\/uploads\/motos\/bmw\/s1000rr\/20240308\/novas-asas-97-200x200.webp 200w, https:\/\/motos-motor.com.br\/sugerido\/wp-content\/uploads\/motos\/bmw\/s1000rr\/20240308\/novas-asas-97.webp 1920w\" sizes=\"auto, (max-width: 200px) 100vw, 200px\" \/><\/a><\/figure><figure class=\"wp-block-image size-large\"><a href=\"http:\/\/motos-motor.com.br\/sugerido\/wp-content\/uploads\/motos\/bmw\/s1000rr\/20240308\/pinca-de-freio-m-98.webp\" target=\"_blank\" rel=\"noopener\" data-rel=\"lightbox-gallery-IlkB8JLE\" data-rl_title=\"\" data-rl_caption=\"\" title=\"\"><img loading=\"lazy\" decoding=\"async\" width=\"200\" height=\"112\" data-id=\"8151\" src=\"http:\/\/motos-motor.com.br\/sugerido\/wp-content\/uploads\/motos\/bmw\/s1000rr\/20240308\/pinca-de-freio-m-98-200x200.webp\" alt=\"Pin\u00e7a de freio M 98\" class=\"wp-image-8151\" srcset=\"https:\/\/motos-motor.com.br\/sugerido\/wp-content\/uploads\/motos\/bmw\/s1000rr\/20240308\/pinca-de-freio-m-98-200x200.webp 200w, https:\/\/motos-motor.com.br\/sugerido\/wp-content\/uploads\/motos\/bmw\/s1000rr\/20240308\/pinca-de-freio-m-98.webp 1920w\" sizes=\"auto, (max-width: 200px) 100vw, 200px\" \/><\/a><\/figure><\/figure><h2>Especifica\u00e7\u00f5es t\u00e9cnicas<\/h2> Caracter\u00edsticas t\u00e9cnicas do modelo Sport BMW S 1000 RR. <table><caption><h3>Aspectos t\u00e9cnicos<\/h3><\/caption><tr><th colspan=\"2\" align=\"left\">Motor<\/th><\/tr><tr><td>Tipo<\/td><td>Motor tetracil\u00edndrico em linha, a quatro tempos com refrigera\u00e7\u00e3o l\u00edquida, quatro v\u00e1lvulas por cilindro em tit\u00e2nio, BMW ShiftCam.<\/td><\/tr><\/th><\/tr><tr><td>Di\u00e2metro X Curso<\/td><td>999 cc<\/td><\/tr><\/th><\/tr><tr><td>Pot\u00eancia M\u00e1x.<\/td><td>207 cv (152 kW) \u00e0 13.500rpm\u00a0 \u00a0\u00a0<\/td><\/tr><\/th><\/tr><tr><td>Torque M\u00e1x.<\/td><td>113 Nm \u00e0s 11.000rpm\u00a0 \u00a0\u00a0<\/td><\/tr><\/th><\/tr><tr><td>Taxa De Compress\u00e3o<\/td><td>13,3:1\u00a0 \u00a0\u00a0<\/td><\/tr><\/th><\/tr><tr><td>Carbura\u00e7\u00e3o\/Gest\u00e3o Do Motor<\/td><td>Inje\u00e7\u00e3o eletr\u00f4nica, coletores de admiss\u00e3o vari\u00e1veis\u00a0 \u00a0\u00a0<\/td><\/tr><tr><th colspan=\"2\" align=\"left\">Sistema El\u00e9trico<\/th><\/tr><tr><td>Alternador<\/td><td>450 W<\/td><\/tr><\/th><\/tr><tr><td>Bateria<\/td><td>12 V\/8 Ah, sem manuten\u00e7\u00e3o<\/td><\/tr><tr><th colspan=\"2\" align=\"left\">Transmiss\u00e3o<\/th><\/tr><tr><td>Embreagem<\/td><td>Multidisco em banho de \u00f3leo, embreagem deslizante, com autorrefor\u00e7o\u00a0 \u00a0\u00a0<\/td><\/tr><\/th><\/tr><tr><td>Transmiss\u00e3o<\/td><td>Seis velocidades com veio de sincroniza\u00e7\u00e3o com engrenagem de dentes direitos<\/td><\/tr><\/th><\/tr><tr><td>Transmiss\u00e3o Secund\u00e1ria<\/td><td>Corrente 525 17\/45<\/td><\/tr><\/th><\/tr><tr><td>Controle De Tra\u00e7\u00e3o<\/td><td>DTC<\/td><\/tr><tr><th colspan=\"2\" align=\"left\">Dimens\u00f5es\/Pesos<\/th><\/tr><tr><td>Altura Do Banco<\/td><td>824 mm\u00a0 \u00a0\u00a0<\/td><\/tr><\/th><\/tr><tr><td>Arco Interior Da Perna Do Condutor<\/td><td>1.827 mm\u00a0<\/td><\/tr><\/th><\/tr><tr><td>Capacidade Do Dep\u00f3sito<\/td><td>16,5 l<\/td><\/tr><\/th><\/tr><tr><td>Reserva<\/td><td>aprox. 4 l\u00a0 \u00a0\u00a0<\/td><\/tr><\/th><\/tr><tr><td>Comprimento<\/td><td>2.073 mm<\/td><\/tr><\/th><\/tr><tr><td>Altura (Sem Espelhos)<\/td><td>1.151 mm<\/td><\/tr><\/th><\/tr><tr><td>Largura (Com Espelhos)<\/td><td>848 mm<\/td><\/tr><\/th><\/tr><tr><td>Peso Sem Carga, Com Meios De Funcionamento, Dep\u00f3sito Cheio<\/td><td>197 kg\u00a0\/ Pacote M: 193,5 Kg<\/td><\/tr><\/th><\/tr><tr><td>Peso Total Admitido<\/td><td>407 kg<\/td><\/tr><\/th><\/tr><tr><td>Carga M\u00e1xima (Com Equipamento De S\u00e9rie)<\/td><td>210 kg<\/td><\/tr><tr><th colspan=\"2\" align=\"left\">Cicl\u00edstica\/Freios<\/th><\/tr><tr><td>Quadro<\/td><td>Dupla trave em alum\u00ednio fundido, motor autoportante<\/td><\/tr><\/th><\/tr><tr><td>Suspens\u00e3o Dianteira<\/td><td>Suspens\u00e3o telesc\u00f3pica invertida com \u00d8 45 mm, afina\u00e7\u00e3o da expans\u00e3o e compress\u00e3o, afina\u00e7\u00e3o da pr\u00e9-carga<\/td><\/tr><\/th><\/tr><tr><td>Suspens\u00e3o Traseira<\/td><td>Bra\u00e7o oscilante de alum\u00ednio &quot;WSBK&quot;, Full Floater Pro, afina\u00e7\u00e3o da expans\u00e3o e compress\u00e3o, afina\u00e7\u00e3o da pr\u00e9-carga<\/td><\/tr><\/th><\/tr><tr><td>Curso Dianteiro\/Traseiro<\/td><td>120 mm \/ 117 mm<\/td><\/tr><\/th><\/tr><tr><td>Dist\u00e2ncia Entre Eixos<\/td><td>1 441 mm<\/td><\/tr><\/th><\/tr><tr><td>Trail<\/td><td>93,9 mm<\/td><\/tr><\/th><\/tr><tr><td>\u00c2ngulo Da Coluna De Dire\u00e7\u00e3o<\/td><td>66,9\u00b0<\/td><\/tr><\/th><\/tr><tr><td>Rodas<\/td><td>Rodas em alum\u00ednio fundido<\/td><\/tr><\/th><\/tr><tr><td>Roda Dianteira<\/td><td>3,50 x 17&#8242;<\/td><\/tr><\/th><\/tr><tr><td>Roda Traseira<\/td><td>6,00 x 17\u201c<\/td><\/tr><\/th><\/tr><tr><td>Pneu Dianteiro<\/td><td>Dois discos, pin\u00e7as fixas de quatro \u00eambolos, di\u00e2metro de 320 mm<\/td><\/tr><\/th><\/tr><tr><td>Freio Traseiro<\/td><td>Disco simples, di\u00e2metro de 220 mm, pin\u00e7a flutuante de \u00eambolo simples\u00a0 \u00a0\u00a0<\/td><\/tr><\/th><\/tr><tr><td>Abs<\/td><td>Race-ABS BMW Motorrad (parcial-integral), pode ser desligado, sele\u00e7\u00e3o de Modos<\/td><\/tr><\/th><\/tr><tr><td>Abs Pro<\/td><td>Configura\u00e7\u00f5es ABS Pro para os Modos RAIN, ROAD, DYNAMIC, sem ABS no Modo RACE<\/td><\/tr><tr><th colspan=\"2\" align=\"left\">Servi\u00e7o<\/th><\/tr><tr><td>Revis\u00f5es (De Acordo Com O Manual Do Condutor\/Propriet\u00e1rio)<\/td><td>Al\u00e9m da recomenda\u00e7\u00e3o do manual, a motocicleta pode ter mais necessidades de servi\u00e7os e pe\u00e7as, de acordo com a recomenda\u00e7\u00e3o informada pela ferramenta de diagn\u00f3stico da BMW,\u00a0 presente em toda rede de concession\u00e1rias.<\/td><\/tr><tr><th colspan=\"2\" align=\"left\">Itens de S\u00e9rie<\/th><\/tr><tr><td colspan=\"2\" align=\"left\">0 Abs pro<\/td><\/tr><\/th><\/tr><tr><td colspan=\"2\" align=\"left\">1 Ajuste de compress\u00e3o, retorno e pr\u00e9-carga am. tra.<\/td><\/tr><\/th><\/tr><tr><td colspan=\"2\" align=\"left\">2 Ajuste de compress\u00e3o, retorno e pr\u00e9-carga am. dia.<\/td><\/tr><\/th><\/tr><tr><td colspan=\"2\" align=\"left\">3 Ajuste do estabilizador de dire\u00e7\u00e3o<\/td><\/tr><\/th><\/tr><tr><td colspan=\"2\" align=\"left\">4 Ajuste dos manetes de freio e embreagem<\/td><\/tr><\/th><\/tr><tr><td colspan=\"2\" align=\"left\">5 Assistente de troca de marchas pro<\/td><\/tr><\/th><\/tr><tr><td colspan=\"2\" align=\"left\">6 Assistente de partida em subida<\/td><\/tr><\/th><\/tr><tr><td colspan=\"2\" align=\"left\">7 Bmw motorrad integral abs<\/td><\/tr><\/th><\/tr><tr><td colspan=\"2\" align=\"left\">8 Bmw shiftcam<\/td><\/tr><\/th><\/tr><tr><td colspan=\"2\" align=\"left\">9 Controle de tra\u00e7\u00e3o din\u00e2mico [dtc]<\/td><\/tr><\/th><\/tr><tr><td colspan=\"2\" align=\"left\">10 Farol dianteiro em led<\/td><\/tr><\/th><\/tr><tr><td colspan=\"2\" align=\"left\">11 Imobilizador eletr\u00f4nico<\/td><\/tr><\/th><\/tr><tr><td colspan=\"2\" align=\"left\">12 Lanterna traseira em led<\/td><\/tr><\/th><\/tr><tr><td colspan=\"2\" align=\"left\">13 Luz de freio din\u00e2mico<\/td><\/tr><\/th><\/tr><tr><td colspan=\"2\" align=\"left\">14 Luzes de dire\u00e7\u00e3o em led<\/td><\/tr><\/th><\/tr><tr><td colspan=\"2\" align=\"left\">15 Multi-controller<\/td><\/tr><\/th><\/tr><tr><td colspan=\"2\" align=\"left\">16 Painel tft 6,5&quot;<\/td><\/tr><\/th><\/tr><tr><td colspan=\"2\" align=\"left\">17 Race abs<\/td><\/tr><\/th><\/tr><tr><td colspan=\"2\" align=\"left\">18 Rodas em liga leve<\/td><\/tr><\/th><\/tr><tr><td colspan=\"2\" align=\"left\">19 Sistema de conectividade<\/td><\/tr><\/th><\/tr><tr><td colspan=\"2\" align=\"left\">20 Tanque de combust\u00edvel em alum\u00ednio<\/td><\/tr><\/th><\/tr><tr><td colspan=\"2\" align=\"left\">21 Transmiss\u00e3o por corrente<\/td><\/tr><\/table><font style='font-size:14px;'>*Os dados obtidos por esta p\u00e1gina s\u00e3o atualizados ocasionalmente e n\u00e3o s\u00e3o auditados, portanto, podem n\u00e3o coincidir com as \u00faltimas atualiza\u00e7\u00f5es da fonte. Deste modo, fica a crit\u00e9rio e responsabilidade do utilizador de como pretender utiliz\u00e1-los.<br> Fontes:<br>Motos Motor: https:\/\/motos-motor.com.br\/sugerido\/<br>BMW. S 1000 RR: \u00edcone entre as superesportivas. Dispon\u00edvel em: < https:\/\/www.bmw-motorrad.com.br\/pt\/models\/sport\/s1000rr.html >. \u00daltimo acesso em: s\u00e1bado, 15 de junho de 2024<\/font>.","protected":false},"excerpt":{"rendered":"<p>O pre\u00e7o p\u00fablico sugerido do modelo\/vers\u00e3o BMW S 1000 RR 0km conforme cor dispon\u00edvel \u00e9 de: Motorsport &#8211; R$ 0.00*; Mineral Grey Metallic &#8211; R$ 120500.00*; Preto Storm Met\u00e1lico &#8211; R$ 120500.00*; Black Storm Metallic &#8211; R$ 0.00*; Racing Red &#8211; R$ 0.00* \u00e0 vista, com base na \u00faltima verifica\u00e7\u00e3o em 15\/06\/2024. Confira mais detalhes&#8230;<\/p>\n","protected":false},"author":1,"featured_media":8152,"comment_status":"closed","ping_status":"closed","sticky":false,"template":"","format":"standard","meta":{"footnotes":""},"categories":[175],"tags":[42],"class_list":["post-2975","post","type-post","status-publish","format-standard","has-post-thumbnail","hentry","category-s-1000-rr","tag-sport"],"_links":{"self":[{"href":"https:\/\/motos-motor.com.br\/sugerido\/wp-json\/wp\/v2\/posts\/2975","targetHints":{"allow":["GET"]}}],"collection":[{"href":"https:\/\/motos-motor.com.br\/sugerido\/wp-json\/wp\/v2\/posts"}],"about":[{"href":"https:\/\/motos-motor.com.br\/sugerido\/wp-json\/wp\/v2\/types\/post"}],"author":[{"embeddable":true,"href":"https:\/\/motos-motor.com.br\/sugerido\/wp-json\/wp\/v2\/users\/1"}],"replies":[{"embeddable":true,"href":"https:\/\/motos-motor.com.br\/sugerido\/wp-json\/wp\/v2\/comments?post=2975"}],"version-history":[{"count":0,"href":"https:\/\/motos-motor.com.br\/sugerido\/wp-json\/wp\/v2\/posts\/2975\/revisions"}],"wp:featuredmedia":[{"embeddable":true,"href":"https:\/\/motos-motor.com.br\/sugerido\/wp-json\/wp\/v2\/media\/8152"}],"wp:attachment":[{"href":"https:\/\/motos-motor.com.br\/sugerido\/wp-json\/wp\/v2\/media?parent=2975"}],"wp:term":[{"taxonomy":"category","embeddable":true,"href":"https:\/\/motos-motor.com.br\/sugerido\/wp-json\/wp\/v2\/categories?post=2975"},{"taxonomy":"post_tag","embeddable":true,"href":"https:\/\/motos-motor.com.br\/sugerido\/wp-json\/wp\/v2\/tags?post=2975"}],"curies":[{"name":"wp","href":"https:\/\/api.w.org\/{rel}","templated":true}]}}