{"id":303,"date":"2023-04-20T15:41:06","date_gmt":"2023-04-20T15:41:06","guid":{"rendered":"https:\/\/motos-motor.com.br\/sugerido\/?p=303"},"modified":"2024-03-15T23:15:52","modified_gmt":"2024-03-15T23:15:52","slug":"honda-cb-650r-0km","status":"publish","type":"post","link":"https:\/\/motos-motor.com.br\/sugerido\/honda-cb-650r-0km\/","title":{"rendered":"Honda CB 650R: pre\u00e7o, fotos, especifica\u00e7\u00f5es"},"content":{"rendered":"O pre\u00e7o p\u00fablico sugerido do modelo\/vers\u00e3o <strong>Honda CB 650R 0km<\/strong> conforme cor dispon\u00edvel \u00e9 de: <b>Cinza Met\u00e1lico &#8211; Una Gray Metallic<\/b> &#8211; <strong>R$ 51100.00*;<\/strong> <b>Vermelho \u2013 Siena Red<\/b> &#8211; <strong>R$ 51100.00*;<\/strong> <b>Verde Fosco<\/b> &#8211; <strong>R$ 51100.00*;<\/strong> <b>Cinza Fosco \u2013 Mat Crow Gray Metallic<\/b> &#8211; <strong>R$ 52590.00*;<\/strong> <b>Vermelho Perolizado &#8211; Pearl Siena Red<\/b> &#8211; <strong>R$ 52590.00*;<\/strong> <b>Laranja Perolizado &#8211; Pearl Damasco Orange<\/b> &#8211; <strong>R$ 52590.00*<\/strong> \u00e0 vista, com base na \u00faltima verifica\u00e7\u00e3o em 15\/03\/2024. Confira mais detalhes como varia\u00e7\u00f5es, queda e aumento de pre\u00e7o, conforme a tabela abaixo. O pre\u00e7o sugerido \u00e9 referente ao pagamento \u00e0 vista e n\u00e3o inclui despesas com frete, que pode variar de acordo com a concession\u00e1ria contratada, informa a fabricante.<h2>Tabela de pre\u00e7o Honda CB 650R<\/h2> Tabela de pre\u00e7o com base nas \u00faltimas verifica\u00e7\u00f5es online. <table bgcolor='#e5e6ef'> <thead bgcolor='#cbccd7'><tr><td colspan='3' align='left'>Pre\u00e7o sugerido Honda CB 650R 0km<\/td><\/tr><\/thead> <tbody><tr><td colspan='3' align='left'><b>Cor Cinza Met\u00e1lico &#8211; Una Gray Metallic<\/b><\/td><\/tr> <tr><td>23\/03\/2023 a 19\/06\/2023<\/td><td>51100.00*<\/td><td>0.00%<\/td><\/tr><tr><td colspan='3' align='left'><b>Cor Vermelho \u2013 Siena Red<\/b><\/td><\/tr> <tr><td>23\/03\/2023 a 19\/06\/2023<\/td><td>51100.00*<\/td><td>0.00%<\/td><\/tr><tr><td colspan='3' align='left'><b>Cor Verde Fosco<\/b><\/td><\/tr> <tr><td>23\/03\/2023 a 19\/06\/2023<\/td><td>51100.00*<\/td><td>0.00%<\/td><\/tr><tr><td colspan='3' align='left'><b>Cor Cinza Fosco \u2013 Mat Crow Gray Metallic<\/b><\/td><\/tr> <tr><td>13\/02\/2024 a 15\/03\/2024<\/td><td>52590.00*<\/td><td>0.00%<\/td><\/tr><tr><td colspan='3' align='left'><b>Cor Vermelho Perolizado &#8211; Pearl Siena Red<\/b><\/td><\/tr> <tr><td>13\/02\/2024 a 15\/03\/2024<\/td><td>52590.00*<\/td><td>0.00%<\/td><\/tr><tr><td colspan='3' align='left'><b>Cor Laranja Perolizado &#8211; Pearl Damasco Orange<\/b><\/td><\/tr> <tr><td>13\/02\/2024 a 15\/03\/2024<\/td><td>52590.00*<\/td><td>0.00%<\/td><\/tr><\/tbody> <tfoot bgcolor='eceef7'><tr><td colspan='3' align='left'><font style='font-size:14px;'>Valores em R$ (Real &#8211; BRL). Fonte: Honda Motos.<\/font><\/td><\/tr><\/tfoot> <\/table><h2>Galeria de imagens<\/h2> Imagens de divulga\u00e7\u00e3o. Clique sobre a foto para expandir a resolu\u00e7\u00e3o. <figure class=\"wp-block-gallery has-nested-images columns-default is-cropped wp-block-gallery-1 is-layout-flex wp-block-gallery-is-layout-flex\"><figure class=\"wp-block-image size-large\"><a href=\"http:\/\/motos-motor.com.br\/sugerido\/wp-content\/uploads\/motos\/honda\/cb650rneosportscafe\/20230323\/moto-honda-cb-650r-cinza-metalico-una-grey-metallic-0.webp\" target=\"_blank\" rel=\"noopener\" data-rel=\"lightbox-gallery-wjV3NpmN\" data-rl_title=\"\" data-rl_caption=\"\" title=\"\"><img loading=\"lazy\" decoding=\"async\" width=\"200\" height=\"102\" data-id=\"300\" src=\"http:\/\/motos-motor.com.br\/sugerido\/wp-content\/uploads\/motos\/honda\/cb650rneosportscafe\/20230323\/moto-honda-cb-650r-cinza-metalico-una-grey-metallic-0-200x200.webp\" alt=\"Moto Honda CB 650R Cinza Met\u00e1lico Una Grey Metallic 0\" class=\"wp-image-300\" srcset=\"https:\/\/motos-motor.com.br\/sugerido\/wp-content\/uploads\/motos\/honda\/cb650rneosportscafe\/20230323\/moto-honda-cb-650r-cinza-metalico-una-grey-metallic-0-200x200.webp 200w, https:\/\/motos-motor.com.br\/sugerido\/wp-content\/uploads\/motos\/honda\/cb650rneosportscafe\/20230323\/moto-honda-cb-650r-cinza-metalico-una-grey-metallic-0.webp 1920w\" sizes=\"auto, (max-width: 200px) 100vw, 200px\" \/><\/a><\/figure><figure class=\"wp-block-image size-large\"><a href=\"http:\/\/motos-motor.com.br\/sugerido\/wp-content\/uploads\/motos\/honda\/cb650rneosportscafe\/20230323\/moto-honda-cb-650r-vermelho-siena-red-2.webp\" target=\"_blank\" rel=\"noopener\" data-rel=\"lightbox-gallery-wjV3NpmN\" data-rl_title=\"\" data-rl_caption=\"\" title=\"\"><img loading=\"lazy\" decoding=\"async\" width=\"200\" height=\"102\" data-id=\"4095\" src=\"http:\/\/motos-motor.com.br\/sugerido\/wp-content\/uploads\/motos\/honda\/cb650rneosportscafe\/20230323\/moto-honda-cb-650r-vermelho-siena-red-2-200x200.webp\" alt=\"Moto Honda CB 650R Vermelho Siena Red 2\" class=\"wp-image-4095\" srcset=\"https:\/\/motos-motor.com.br\/sugerido\/wp-content\/uploads\/motos\/honda\/cb650rneosportscafe\/20230323\/moto-honda-cb-650r-vermelho-siena-red-2-200x200.webp 200w, https:\/\/motos-motor.com.br\/sugerido\/wp-content\/uploads\/motos\/honda\/cb650rneosportscafe\/20230323\/moto-honda-cb-650r-vermelho-siena-red-2.webp 1920w\" sizes=\"auto, (max-width: 200px) 100vw, 200px\" \/><\/a><\/figure><figure class=\"wp-block-image size-large\"><a href=\"http:\/\/motos-motor.com.br\/sugerido\/wp-content\/uploads\/motos\/honda\/cb650rneosportscafe\/20230323\/moto-honda-cb-650r-verde-fosco-4.webp\" target=\"_blank\" rel=\"noopener\" data-rel=\"lightbox-gallery-wjV3NpmN\" data-rl_title=\"\" data-rl_caption=\"\" title=\"\"><img loading=\"lazy\" decoding=\"async\" width=\"200\" height=\"102\" data-id=\"4097\" src=\"http:\/\/motos-motor.com.br\/sugerido\/wp-content\/uploads\/motos\/honda\/cb650rneosportscafe\/20230323\/moto-honda-cb-650r-verde-fosco-4-200x200.webp\" alt=\"Moto Honda CB 650R Verde Fosco 4\" class=\"wp-image-4097\" srcset=\"https:\/\/motos-motor.com.br\/sugerido\/wp-content\/uploads\/motos\/honda\/cb650rneosportscafe\/20230323\/moto-honda-cb-650r-verde-fosco-4-200x200.webp 200w, https:\/\/motos-motor.com.br\/sugerido\/wp-content\/uploads\/motos\/honda\/cb650rneosportscafe\/20230323\/moto-honda-cb-650r-verde-fosco-4.webp 1920w\" sizes=\"auto, (max-width: 200px) 100vw, 200px\" \/><\/a><\/figure><figure class=\"wp-block-image size-large\"><a href=\"http:\/\/motos-motor.com.br\/sugerido\/wp-content\/uploads\/motos\/honda\/cb650rneosportscafe\/20240213\/modulo-360-da-moto-honda-cb-650-r-cinza-2024-desktop-6.webp\" target=\"_blank\" rel=\"noopener\" data-rel=\"lightbox-gallery-wjV3NpmN\" data-rl_title=\"\" data-rl_caption=\"\" title=\"\"><img loading=\"lazy\" decoding=\"async\" width=\"200\" height=\"102\" data-id=\"5472\" src=\"http:\/\/motos-motor.com.br\/sugerido\/wp-content\/uploads\/motos\/honda\/cb650rneosportscafe\/20240213\/modulo-360-da-moto-honda-cb-650-r-cinza-2024-desktop-6-200x200.webp\" alt=\"M\u00f3dulo 360 Da Moto Honda CB 650 R Cinza 2024 Desktop 6\" class=\"wp-image-5472\" srcset=\"https:\/\/motos-motor.com.br\/sugerido\/wp-content\/uploads\/motos\/honda\/cb650rneosportscafe\/20240213\/modulo-360-da-moto-honda-cb-650-r-cinza-2024-desktop-6-200x200.webp 200w, https:\/\/motos-motor.com.br\/sugerido\/wp-content\/uploads\/motos\/honda\/cb650rneosportscafe\/20240213\/modulo-360-da-moto-honda-cb-650-r-cinza-2024-desktop-6.webp 1920w\" sizes=\"auto, (max-width: 200px) 100vw, 200px\" \/><\/a><\/figure><figure class=\"wp-block-image size-large\"><a href=\"http:\/\/motos-motor.com.br\/sugerido\/wp-content\/uploads\/motos\/honda\/cb650rneosportscafe\/20240213\/modulo-360-da-moto-honda-cb-650-r-vermelho-2024-desktop-8.webp\" target=\"_blank\" rel=\"noopener\" data-rel=\"lightbox-gallery-wjV3NpmN\" data-rl_title=\"\" data-rl_caption=\"\" title=\"\"><img loading=\"lazy\" decoding=\"async\" width=\"200\" height=\"102\" data-id=\"5473\" src=\"http:\/\/motos-motor.com.br\/sugerido\/wp-content\/uploads\/motos\/honda\/cb650rneosportscafe\/20240213\/modulo-360-da-moto-honda-cb-650-r-vermelho-2024-desktop-8-200x200.webp\" alt=\"M\u00f3dulo 360 Da Moto Honda CB 650 R Vermelho 2024 Desktop 8\" class=\"wp-image-5473\" srcset=\"https:\/\/motos-motor.com.br\/sugerido\/wp-content\/uploads\/motos\/honda\/cb650rneosportscafe\/20240213\/modulo-360-da-moto-honda-cb-650-r-vermelho-2024-desktop-8-200x200.webp 200w, https:\/\/motos-motor.com.br\/sugerido\/wp-content\/uploads\/motos\/honda\/cb650rneosportscafe\/20240213\/modulo-360-da-moto-honda-cb-650-r-vermelho-2024-desktop-8.webp 1920w\" sizes=\"auto, (max-width: 200px) 100vw, 200px\" \/><\/a><\/figure><figure class=\"wp-block-image size-large\"><a href=\"http:\/\/motos-motor.com.br\/sugerido\/wp-content\/uploads\/motos\/honda\/cb650rneosportscafe\/20240213\/modulo-360-da-moto-honda-cb-650-r-laranja-2024-desktop-10.webp\" target=\"_blank\" rel=\"noopener\" data-rel=\"lightbox-gallery-wjV3NpmN\" data-rl_title=\"\" data-rl_caption=\"\" title=\"\"><img loading=\"lazy\" decoding=\"async\" width=\"200\" height=\"102\" data-id=\"5474\" src=\"http:\/\/motos-motor.com.br\/sugerido\/wp-content\/uploads\/motos\/honda\/cb650rneosportscafe\/20240213\/modulo-360-da-moto-honda-cb-650-r-laranja-2024-desktop-10-200x200.webp\" alt=\"M\u00f3dulo 360 Da Moto Honda CB 650 R Laranja 2024 Desktop 10\" class=\"wp-image-5474\" srcset=\"https:\/\/motos-motor.com.br\/sugerido\/wp-content\/uploads\/motos\/honda\/cb650rneosportscafe\/20240213\/modulo-360-da-moto-honda-cb-650-r-laranja-2024-desktop-10-200x200.webp 200w, https:\/\/motos-motor.com.br\/sugerido\/wp-content\/uploads\/motos\/honda\/cb650rneosportscafe\/20240213\/modulo-360-da-moto-honda-cb-650-r-laranja-2024-desktop-10.webp 1920w\" sizes=\"auto, (max-width: 200px) 100vw, 200px\" \/><\/a><\/figure><\/figure><figure class=\"wp-block-gallery has-nested-images columns-default is-cropped wp-block-gallery-2 is-layout-flex wp-block-gallery-is-layout-flex\"><figure class=\"wp-block-image size-large\"><a href=\"http:\/\/motos-motor.com.br\/sugerido\/wp-content\/uploads\/motos\/honda\/cb650rneosportscafe\/20230323\/detalhe-do-banco-do-garupa-da-moto-honda-cb-650r-0.webp\" target=\"_blank\" rel=\"noopener\" data-rel=\"lightbox-gallery-wjV3NpmN\" data-rl_title=\"\" data-rl_caption=\"\" title=\"\"><img loading=\"lazy\" decoding=\"async\" width=\"200\" height=\"102\" data-id=\"286\" src=\"http:\/\/motos-motor.com.br\/sugerido\/wp-content\/uploads\/motos\/honda\/cb650rneosportscafe\/20230323\/detalhe-do-banco-do-garupa-da-moto-honda-cb-650r-0-200x200.webp\" alt=\"Detalhe do Banco do Garupa da Moto Honda CB 650R 0\" class=\"wp-image-286\" srcset=\"https:\/\/motos-motor.com.br\/sugerido\/wp-content\/uploads\/motos\/honda\/cb650rneosportscafe\/20230323\/detalhe-do-banco-do-garupa-da-moto-honda-cb-650r-0-200x200.webp 200w, https:\/\/motos-motor.com.br\/sugerido\/wp-content\/uploads\/motos\/honda\/cb650rneosportscafe\/20230323\/detalhe-do-banco-do-garupa-da-moto-honda-cb-650r-0.webp 1920w\" sizes=\"auto, (max-width: 200px) 100vw, 200px\" \/><\/a><\/figure><figure class=\"wp-block-image size-large\"><a href=\"http:\/\/motos-motor.com.br\/sugerido\/wp-content\/uploads\/motos\/honda\/cb650rneosportscafe\/20230323\/detalhe-da-roda-traseira-da-moto-honda-cb-650r-1.webp\" target=\"_blank\" rel=\"noopener\" data-rel=\"lightbox-gallery-wjV3NpmN\" data-rl_title=\"\" data-rl_caption=\"\" title=\"\"><img loading=\"lazy\" decoding=\"async\" width=\"200\" height=\"102\" data-id=\"287\" src=\"http:\/\/motos-motor.com.br\/sugerido\/wp-content\/uploads\/motos\/honda\/cb650rneosportscafe\/20230323\/detalhe-da-roda-traseira-da-moto-honda-cb-650r-1-200x200.webp\" alt=\"Detalhe da Roda Traseira da Moto Honda CB 650R 1\" class=\"wp-image-287\" srcset=\"https:\/\/motos-motor.com.br\/sugerido\/wp-content\/uploads\/motos\/honda\/cb650rneosportscafe\/20230323\/detalhe-da-roda-traseira-da-moto-honda-cb-650r-1-200x200.webp 200w, https:\/\/motos-motor.com.br\/sugerido\/wp-content\/uploads\/motos\/honda\/cb650rneosportscafe\/20230323\/detalhe-da-roda-traseira-da-moto-honda-cb-650r-1.webp 1920w\" sizes=\"auto, (max-width: 200px) 100vw, 200px\" \/><\/a><\/figure><figure class=\"wp-block-image size-large\"><a href=\"http:\/\/motos-motor.com.br\/sugerido\/wp-content\/uploads\/motos\/honda\/cb650rneosportscafe\/20230323\/detalhe-do-motor-da-moto-honda-cb-650r-2.webp\" target=\"_blank\" rel=\"noopener\" data-rel=\"lightbox-gallery-wjV3NpmN\" data-rl_title=\"\" data-rl_caption=\"\" title=\"\"><img loading=\"lazy\" decoding=\"async\" width=\"200\" height=\"102\" data-id=\"288\" src=\"http:\/\/motos-motor.com.br\/sugerido\/wp-content\/uploads\/motos\/honda\/cb650rneosportscafe\/20230323\/detalhe-do-motor-da-moto-honda-cb-650r-2-200x200.webp\" alt=\"Detalhe do Motor da Moto Honda CB 650R 2\" class=\"wp-image-288\" srcset=\"https:\/\/motos-motor.com.br\/sugerido\/wp-content\/uploads\/motos\/honda\/cb650rneosportscafe\/20230323\/detalhe-do-motor-da-moto-honda-cb-650r-2-200x200.webp 200w, https:\/\/motos-motor.com.br\/sugerido\/wp-content\/uploads\/motos\/honda\/cb650rneosportscafe\/20230323\/detalhe-do-motor-da-moto-honda-cb-650r-2.webp 1920w\" sizes=\"auto, (max-width: 200px) 100vw, 200px\" \/><\/a><\/figure><figure class=\"wp-block-image size-large\"><a href=\"http:\/\/motos-motor.com.br\/sugerido\/wp-content\/uploads\/motos\/honda\/cb650rneosportscafe\/20230323\/homem-sentando-em-moto-honda-cb-650r-3.webp\" target=\"_blank\" rel=\"noopener\" data-rel=\"lightbox-gallery-wjV3NpmN\" data-rl_title=\"\" data-rl_caption=\"\" title=\"\"><img loading=\"lazy\" decoding=\"async\" width=\"200\" height=\"102\" data-id=\"289\" src=\"http:\/\/motos-motor.com.br\/sugerido\/wp-content\/uploads\/motos\/honda\/cb650rneosportscafe\/20230323\/homem-sentando-em-moto-honda-cb-650r-3-200x200.webp\" alt=\"Homem Sentando em Moto Honda CB 650R 3\" class=\"wp-image-289\" srcset=\"https:\/\/motos-motor.com.br\/sugerido\/wp-content\/uploads\/motos\/honda\/cb650rneosportscafe\/20230323\/homem-sentando-em-moto-honda-cb-650r-3-200x200.webp 200w, https:\/\/motos-motor.com.br\/sugerido\/wp-content\/uploads\/motos\/honda\/cb650rneosportscafe\/20230323\/homem-sentando-em-moto-honda-cb-650r-3.webp 1920w\" sizes=\"auto, (max-width: 200px) 100vw, 200px\" \/><\/a><\/figure><figure class=\"wp-block-image size-large\"><a href=\"http:\/\/motos-motor.com.br\/sugerido\/wp-content\/uploads\/motos\/honda\/cb650rneosportscafe\/20230323\/detalhe-do-farol-da-moto-honda-cb-650r-4.webp\" target=\"_blank\" rel=\"noopener\" data-rel=\"lightbox-gallery-wjV3NpmN\" data-rl_title=\"\" data-rl_caption=\"\" title=\"\"><img loading=\"lazy\" decoding=\"async\" width=\"200\" height=\"102\" data-id=\"290\" src=\"http:\/\/motos-motor.com.br\/sugerido\/wp-content\/uploads\/motos\/honda\/cb650rneosportscafe\/20230323\/detalhe-do-farol-da-moto-honda-cb-650r-4-200x200.webp\" alt=\"Detalhe do Farol da Moto Honda CB 650R 4\" class=\"wp-image-290\" srcset=\"https:\/\/motos-motor.com.br\/sugerido\/wp-content\/uploads\/motos\/honda\/cb650rneosportscafe\/20230323\/detalhe-do-farol-da-moto-honda-cb-650r-4-200x200.webp 200w, https:\/\/motos-motor.com.br\/sugerido\/wp-content\/uploads\/motos\/honda\/cb650rneosportscafe\/20230323\/detalhe-do-farol-da-moto-honda-cb-650r-4.webp 1920w\" sizes=\"auto, (max-width: 200px) 100vw, 200px\" \/><\/a><\/figure><figure class=\"wp-block-image size-large\"><a href=\"http:\/\/motos-motor.com.br\/sugerido\/wp-content\/uploads\/motos\/honda\/cb650rneosportscafe\/20230323\/homem-em-moto-honda-cb-650r-pilotando-na-rua-a-noite-5.webp\" target=\"_blank\" rel=\"noopener\" data-rel=\"lightbox-gallery-wjV3NpmN\" data-rl_title=\"\" data-rl_caption=\"\" title=\"\"><img loading=\"lazy\" decoding=\"async\" width=\"200\" height=\"102\" data-id=\"291\" src=\"http:\/\/motos-motor.com.br\/sugerido\/wp-content\/uploads\/motos\/honda\/cb650rneosportscafe\/20230323\/homem-em-moto-honda-cb-650r-pilotando-na-rua-a-noite-5-200x200.webp\" alt=\"Homem em Moto Honda CB 650R Pilotando na Rua a Noite 5\" class=\"wp-image-291\" srcset=\"https:\/\/motos-motor.com.br\/sugerido\/wp-content\/uploads\/motos\/honda\/cb650rneosportscafe\/20230323\/homem-em-moto-honda-cb-650r-pilotando-na-rua-a-noite-5-200x200.webp 200w, https:\/\/motos-motor.com.br\/sugerido\/wp-content\/uploads\/motos\/honda\/cb650rneosportscafe\/20230323\/homem-em-moto-honda-cb-650r-pilotando-na-rua-a-noite-5.webp 1920w\" sizes=\"auto, (max-width: 200px) 100vw, 200px\" \/><\/a><\/figure><figure class=\"wp-block-image size-large\"><a href=\"http:\/\/motos-motor.com.br\/sugerido\/wp-content\/uploads\/motos\/honda\/cb650rneosportscafe\/20230323\/lateral-da-moto-honda-cb-650r-verde-6.webp\" target=\"_blank\" rel=\"noopener\" data-rel=\"lightbox-gallery-wjV3NpmN\" data-rl_title=\"\" data-rl_caption=\"\" title=\"\"><img loading=\"lazy\" decoding=\"async\" width=\"200\" height=\"102\" data-id=\"292\" src=\"http:\/\/motos-motor.com.br\/sugerido\/wp-content\/uploads\/motos\/honda\/cb650rneosportscafe\/20230323\/lateral-da-moto-honda-cb-650r-verde-6-200x200.webp\" alt=\"Lateral da Moto Honda CB 650R Verde 6\" class=\"wp-image-292\" srcset=\"https:\/\/motos-motor.com.br\/sugerido\/wp-content\/uploads\/motos\/honda\/cb650rneosportscafe\/20230323\/lateral-da-moto-honda-cb-650r-verde-6-200x200.webp 200w, https:\/\/motos-motor.com.br\/sugerido\/wp-content\/uploads\/motos\/honda\/cb650rneosportscafe\/20230323\/lateral-da-moto-honda-cb-650r-verde-6.webp 1920w\" sizes=\"auto, (max-width: 200px) 100vw, 200px\" \/><\/a><\/figure><figure class=\"wp-block-image size-large\"><a href=\"http:\/\/motos-motor.com.br\/sugerido\/wp-content\/uploads\/motos\/honda\/cb650rneosportscafe\/20230323\/lateral-etraseira-da-moto-honda-cb-650r-verde-7.webp\" target=\"_blank\" rel=\"noopener\" data-rel=\"lightbox-gallery-wjV3NpmN\" data-rl_title=\"\" data-rl_caption=\"\" title=\"\"><img loading=\"lazy\" decoding=\"async\" width=\"200\" height=\"102\" data-id=\"293\" src=\"http:\/\/motos-motor.com.br\/sugerido\/wp-content\/uploads\/motos\/honda\/cb650rneosportscafe\/20230323\/lateral-etraseira-da-moto-honda-cb-650r-verde-7-200x200.webp\" alt=\"Lateral eTraseira da Moto Honda CB 650R Verde 7\" class=\"wp-image-293\" srcset=\"https:\/\/motos-motor.com.br\/sugerido\/wp-content\/uploads\/motos\/honda\/cb650rneosportscafe\/20230323\/lateral-etraseira-da-moto-honda-cb-650r-verde-7-200x200.webp 200w, https:\/\/motos-motor.com.br\/sugerido\/wp-content\/uploads\/motos\/honda\/cb650rneosportscafe\/20230323\/lateral-etraseira-da-moto-honda-cb-650r-verde-7.webp 1920w\" sizes=\"auto, (max-width: 200px) 100vw, 200px\" \/><\/a><\/figure><figure class=\"wp-block-image size-large\"><a href=\"http:\/\/motos-motor.com.br\/sugerido\/wp-content\/uploads\/motos\/honda\/cb650rneosportscafe\/20230323\/lateral-esquerda-etraseira-da-moto-honda-cb-650r-verde-8.webp\" target=\"_blank\" rel=\"noopener\" data-rel=\"lightbox-gallery-wjV3NpmN\" data-rl_title=\"\" data-rl_caption=\"\" title=\"\"><img loading=\"lazy\" decoding=\"async\" width=\"200\" height=\"102\" data-id=\"294\" src=\"http:\/\/motos-motor.com.br\/sugerido\/wp-content\/uploads\/motos\/honda\/cb650rneosportscafe\/20230323\/lateral-esquerda-etraseira-da-moto-honda-cb-650r-verde-8-200x200.webp\" alt=\"Lateral Esquerda eTraseira da Moto Honda CB 650R Verde 8\" class=\"wp-image-294\" srcset=\"https:\/\/motos-motor.com.br\/sugerido\/wp-content\/uploads\/motos\/honda\/cb650rneosportscafe\/20230323\/lateral-esquerda-etraseira-da-moto-honda-cb-650r-verde-8-200x200.webp 200w, https:\/\/motos-motor.com.br\/sugerido\/wp-content\/uploads\/motos\/honda\/cb650rneosportscafe\/20230323\/lateral-esquerda-etraseira-da-moto-honda-cb-650r-verde-8.webp 1920w\" sizes=\"auto, (max-width: 200px) 100vw, 200px\" \/><\/a><\/figure><figure class=\"wp-block-image size-large\"><a href=\"http:\/\/motos-motor.com.br\/sugerido\/wp-content\/uploads\/motos\/honda\/cb650rneosportscafe\/20230323\/lateral-direita-da-moto-honda-cb-650r-verde-9.webp\" target=\"_blank\" rel=\"noopener\" data-rel=\"lightbox-gallery-wjV3NpmN\" data-rl_title=\"\" data-rl_caption=\"\" title=\"\"><img loading=\"lazy\" decoding=\"async\" width=\"200\" height=\"102\" data-id=\"295\" src=\"http:\/\/motos-motor.com.br\/sugerido\/wp-content\/uploads\/motos\/honda\/cb650rneosportscafe\/20230323\/lateral-direita-da-moto-honda-cb-650r-verde-9-200x200.webp\" alt=\"Lateral Direita da Moto Honda CB 650R Verde 9\" class=\"wp-image-295\" srcset=\"https:\/\/motos-motor.com.br\/sugerido\/wp-content\/uploads\/motos\/honda\/cb650rneosportscafe\/20230323\/lateral-direita-da-moto-honda-cb-650r-verde-9-200x200.webp 200w, https:\/\/motos-motor.com.br\/sugerido\/wp-content\/uploads\/motos\/honda\/cb650rneosportscafe\/20230323\/lateral-direita-da-moto-honda-cb-650r-verde-9.webp 1920w\" sizes=\"auto, (max-width: 200px) 100vw, 200px\" \/><\/a><\/figure><figure class=\"wp-block-image size-large\"><a href=\"http:\/\/motos-motor.com.br\/sugerido\/wp-content\/uploads\/motos\/honda\/cb650rneosportscafe\/20240213\/freio-dianteiro--cb-650r-10.webp\" target=\"_blank\" rel=\"noopener\" data-rel=\"lightbox-gallery-wjV3NpmN\" data-rl_title=\"\" data-rl_caption=\"\" title=\"\"><img loading=\"lazy\" decoding=\"async\" width=\"200\" height=\"80\" data-id=\"5458\" src=\"http:\/\/motos-motor.com.br\/sugerido\/wp-content\/uploads\/motos\/honda\/cb650rneosportscafe\/20240213\/freio-dianteiro--cb-650r-10-200x200.webp\" alt=\"Freio dianteiro - CB 650R 10\" class=\"wp-image-5458\" srcset=\"https:\/\/motos-motor.com.br\/sugerido\/wp-content\/uploads\/motos\/honda\/cb650rneosportscafe\/20240213\/freio-dianteiro--cb-650r-10-200x200.webp 200w, https:\/\/motos-motor.com.br\/sugerido\/wp-content\/uploads\/motos\/honda\/cb650rneosportscafe\/20240213\/freio-dianteiro--cb-650r-10.webp 1920w\" sizes=\"auto, (max-width: 200px) 100vw, 200px\" \/><\/a><\/figure><figure class=\"wp-block-image size-large\"><a href=\"http:\/\/motos-motor.com.br\/sugerido\/wp-content\/uploads\/motos\/honda\/cb650rneosportscafe\/20240213\/honda-cb-650r-neo-sports-cafe-11.webp\" target=\"_blank\" rel=\"noopener\" data-rel=\"lightbox-gallery-wjV3NpmN\" data-rl_title=\"\" data-rl_caption=\"\" title=\"\"><img loading=\"lazy\" decoding=\"async\" width=\"200\" height=\"80\" data-id=\"5459\" src=\"http:\/\/motos-motor.com.br\/sugerido\/wp-content\/uploads\/motos\/honda\/cb650rneosportscafe\/20240213\/honda-cb-650r-neo-sports-cafe-11-200x200.webp\" alt=\"Honda CB 650R Neo Sports Caf\u00e9 11\" class=\"wp-image-5459\" srcset=\"https:\/\/motos-motor.com.br\/sugerido\/wp-content\/uploads\/motos\/honda\/cb650rneosportscafe\/20240213\/honda-cb-650r-neo-sports-cafe-11-200x200.webp 200w, https:\/\/motos-motor.com.br\/sugerido\/wp-content\/uploads\/motos\/honda\/cb650rneosportscafe\/20240213\/honda-cb-650r-neo-sports-cafe-11.webp 1920w\" sizes=\"auto, (max-width: 200px) 100vw, 200px\" \/><\/a><\/figure><figure class=\"wp-block-image size-large\"><a href=\"http:\/\/motos-motor.com.br\/sugerido\/wp-content\/uploads\/motos\/honda\/cb650rneosportscafe\/20240213\/honda-cb-650r-neo-sports-cafe-12.webp\" target=\"_blank\" rel=\"noopener\" data-rel=\"lightbox-gallery-wjV3NpmN\" data-rl_title=\"\" data-rl_caption=\"\" title=\"\"><img loading=\"lazy\" decoding=\"async\" width=\"200\" height=\"80\" data-id=\"5460\" src=\"http:\/\/motos-motor.com.br\/sugerido\/wp-content\/uploads\/motos\/honda\/cb650rneosportscafe\/20240213\/honda-cb-650r-neo-sports-cafe-12-200x200.webp\" alt=\"Honda CB 650R Neo Sports Caf\u00e9 12\" class=\"wp-image-5460\" srcset=\"https:\/\/motos-motor.com.br\/sugerido\/wp-content\/uploads\/motos\/honda\/cb650rneosportscafe\/20240213\/honda-cb-650r-neo-sports-cafe-12-200x200.webp 200w, https:\/\/motos-motor.com.br\/sugerido\/wp-content\/uploads\/motos\/honda\/cb650rneosportscafe\/20240213\/honda-cb-650r-neo-sports-cafe-12.webp 1920w\" sizes=\"auto, (max-width: 200px) 100vw, 200px\" \/><\/a><\/figure><figure class=\"wp-block-image size-large\"><a href=\"http:\/\/motos-motor.com.br\/sugerido\/wp-content\/uploads\/motos\/honda\/cb650rneosportscafe\/20240213\/rodas-e-pneus--cb-650r-13.webp\" target=\"_blank\" rel=\"noopener\" data-rel=\"lightbox-gallery-wjV3NpmN\" data-rl_title=\"\" data-rl_caption=\"\" title=\"\"><img loading=\"lazy\" decoding=\"async\" width=\"200\" height=\"80\" data-id=\"5461\" src=\"http:\/\/motos-motor.com.br\/sugerido\/wp-content\/uploads\/motos\/honda\/cb650rneosportscafe\/20240213\/rodas-e-pneus--cb-650r-13-200x200.webp\" alt=\"Rodas e pneus - CB 650R 13\" class=\"wp-image-5461\" srcset=\"https:\/\/motos-motor.com.br\/sugerido\/wp-content\/uploads\/motos\/honda\/cb650rneosportscafe\/20240213\/rodas-e-pneus--cb-650r-13-200x200.webp 200w, https:\/\/motos-motor.com.br\/sugerido\/wp-content\/uploads\/motos\/honda\/cb650rneosportscafe\/20240213\/rodas-e-pneus--cb-650r-13.webp 1920w\" sizes=\"auto, (max-width: 200px) 100vw, 200px\" \/><\/a><\/figure><figure class=\"wp-block-image size-large\"><a href=\"http:\/\/motos-motor.com.br\/sugerido\/wp-content\/uploads\/motos\/honda\/cb650rneosportscafe\/20240213\/honda-cb-650r-neo-sports-cafe-14.webp\" target=\"_blank\" rel=\"noopener\" data-rel=\"lightbox-gallery-wjV3NpmN\" data-rl_title=\"\" data-rl_caption=\"\" title=\"\"><img loading=\"lazy\" decoding=\"async\" width=\"200\" height=\"80\" data-id=\"5462\" src=\"http:\/\/motos-motor.com.br\/sugerido\/wp-content\/uploads\/motos\/honda\/cb650rneosportscafe\/20240213\/honda-cb-650r-neo-sports-cafe-14-200x200.webp\" alt=\"Honda CB 650R Neo Sports Caf\u00e9 14\" class=\"wp-image-5462\" srcset=\"https:\/\/motos-motor.com.br\/sugerido\/wp-content\/uploads\/motos\/honda\/cb650rneosportscafe\/20240213\/honda-cb-650r-neo-sports-cafe-14-200x200.webp 200w, https:\/\/motos-motor.com.br\/sugerido\/wp-content\/uploads\/motos\/honda\/cb650rneosportscafe\/20240213\/honda-cb-650r-neo-sports-cafe-14.webp 1920w\" sizes=\"auto, (max-width: 200px) 100vw, 200px\" \/><\/a><\/figure><figure class=\"wp-block-image size-large\"><a href=\"http:\/\/motos-motor.com.br\/sugerido\/wp-content\/uploads\/motos\/honda\/cb650rneosportscafe\/20240213\/chassi-tubular-de-aco-da-moto-cb-650r-2024-15.webp\" target=\"_blank\" rel=\"noopener\" data-rel=\"lightbox-gallery-wjV3NpmN\" data-rl_title=\"\" data-rl_caption=\"\" title=\"\"><img loading=\"lazy\" decoding=\"async\" width=\"200\" height=\"80\" data-id=\"5463\" src=\"http:\/\/motos-motor.com.br\/sugerido\/wp-content\/uploads\/motos\/honda\/cb650rneosportscafe\/20240213\/chassi-tubular-de-aco-da-moto-cb-650r-2024-15-200x200.webp\" alt=\"Chassi Tubular de A\u00e7o Da Moto CB 650R 2024 15\" class=\"wp-image-5463\" srcset=\"https:\/\/motos-motor.com.br\/sugerido\/wp-content\/uploads\/motos\/honda\/cb650rneosportscafe\/20240213\/chassi-tubular-de-aco-da-moto-cb-650r-2024-15-200x200.webp 200w, https:\/\/motos-motor.com.br\/sugerido\/wp-content\/uploads\/motos\/honda\/cb650rneosportscafe\/20240213\/chassi-tubular-de-aco-da-moto-cb-650r-2024-15.webp 1920w\" sizes=\"auto, (max-width: 200px) 100vw, 200px\" \/><\/a><\/figure><figure class=\"wp-block-image size-large\"><a href=\"http:\/\/motos-motor.com.br\/sugerido\/wp-content\/uploads\/motos\/honda\/cb650rneosportscafe\/20240213\/motor-tetra-cilindrico-da-moto-moto-cb-650r-2024-16.webp\" target=\"_blank\" rel=\"noopener\" data-rel=\"lightbox-gallery-wjV3NpmN\" data-rl_title=\"\" data-rl_caption=\"\" title=\"\"><img loading=\"lazy\" decoding=\"async\" width=\"200\" height=\"80\" data-id=\"5464\" src=\"http:\/\/motos-motor.com.br\/sugerido\/wp-content\/uploads\/motos\/honda\/cb650rneosportscafe\/20240213\/motor-tetra-cilindrico-da-moto-moto-cb-650r-2024-16-200x200.webp\" alt=\"Motor Tetra Cil\u00edndrico Da Moto Moto CB 650R 2024 16\" class=\"wp-image-5464\" srcset=\"https:\/\/motos-motor.com.br\/sugerido\/wp-content\/uploads\/motos\/honda\/cb650rneosportscafe\/20240213\/motor-tetra-cilindrico-da-moto-moto-cb-650r-2024-16-200x200.webp 200w, https:\/\/motos-motor.com.br\/sugerido\/wp-content\/uploads\/motos\/honda\/cb650rneosportscafe\/20240213\/motor-tetra-cilindrico-da-moto-moto-cb-650r-2024-16.webp 1920w\" sizes=\"auto, (max-width: 200px) 100vw, 200px\" \/><\/a><\/figure><figure class=\"wp-block-image size-large\"><a href=\"http:\/\/motos-motor.com.br\/sugerido\/wp-content\/uploads\/motos\/honda\/cb650rneosportscafe\/20240213\/honda-cb-650r-neo-sports-cafe-17.webp\" target=\"_blank\" rel=\"noopener\" data-rel=\"lightbox-gallery-wjV3NpmN\" data-rl_title=\"\" data-rl_caption=\"\" title=\"\"><img loading=\"lazy\" decoding=\"async\" width=\"200\" height=\"80\" data-id=\"5465\" src=\"http:\/\/motos-motor.com.br\/sugerido\/wp-content\/uploads\/motos\/honda\/cb650rneosportscafe\/20240213\/honda-cb-650r-neo-sports-cafe-17-200x200.webp\" alt=\"Honda CB 650R Neo Sports Caf\u00e9 17\" class=\"wp-image-5465\" srcset=\"https:\/\/motos-motor.com.br\/sugerido\/wp-content\/uploads\/motos\/honda\/cb650rneosportscafe\/20240213\/honda-cb-650r-neo-sports-cafe-17-200x200.webp 200w, https:\/\/motos-motor.com.br\/sugerido\/wp-content\/uploads\/motos\/honda\/cb650rneosportscafe\/20240213\/honda-cb-650r-neo-sports-cafe-17.webp 1920w\" sizes=\"auto, (max-width: 200px) 100vw, 200px\" \/><\/a><\/figure><\/figure><h2>Especifica\u00e7\u00f5es t\u00e9cnicas<\/h2> Caracter\u00edsticas t\u00e9cnicas do modelo Naked Honda CB 650R Neo Sports Caf\u00e9. <table><caption><h3>Aspectos t\u00e9cnicos<\/h3><\/caption><tr><th colspan=\"2\" align=\"left\">Motor<\/th><\/tr><tr><td>tipo:<\/td><td>DOHC, quatro cilindros 4 tempos, arrefecimento l\u00edquido<\/td><\/tr><\/th><\/tr><tr><td>cilindrada:<\/td><td>649 cc<\/td><\/tr><\/th><\/tr><tr><td>pot\u00eancia m\u00e1xima:<\/td><td>88,4 CV a 11500 rpm<\/td><\/tr><\/th><\/tr><tr><td>torque m\u00e1ximo:<\/td><td>6,13 kgf.m a 8000 rpm<\/td><\/tr><\/th><\/tr><tr><td>transmiss\u00e3o:<\/td><td>6 velocidades<\/td><\/tr><\/th><\/tr><tr><td>sistema de partida:<\/td><td>El\u00e9trica<\/td><\/tr><\/th><\/tr><tr><td>di\u00e2metro x curso:<\/td><td>67,0 x 46,0 mm<\/td><\/tr><\/th><\/tr><tr><td>rela\u00e7\u00e3o de compress\u00e3o:<\/td><td>11.6 : 1<\/td><\/tr><\/th><\/tr><tr><td>sistema alimenta\u00e7\u00e3o:<\/td><td>Inje\u00e7\u00e3o Eletr\u00f4nica PGM-FI<\/td><\/tr><\/th><\/tr><tr><td>combust\u00edvel:<\/td><td>Gasolina<\/td><\/tr><tr><th colspan=\"2\" align=\"left\">Sistema El\u00e9trico<\/th><\/tr><tr><td>igni\u00e7\u00e3o:<\/td><td>Eletr\u00f4nica<\/td><\/tr><\/th><\/tr><tr><td>bateria:<\/td><td>12V &#8211; 8.6 Ah<\/td><\/tr><\/th><\/tr><tr><td>farol:<\/td><td>Full LED<\/td><\/tr><tr><th colspan=\"2\" align=\"left\">Capacidade<\/th><\/tr><tr><td>tanque de combust\u00edvel:<\/td><td>15,4 litros<\/td><\/tr><\/th><\/tr><tr><td>\u00f3leo do motor:<\/td><td>3,0 litros<\/td><\/tr><tr><th colspan=\"2\" align=\"left\">Dimens\u00f5es<\/th><\/tr><tr><td>comprimento x largura x altura:<\/td><td>2128 x 784 x 1076 mm<\/td><\/tr><\/th><\/tr><tr><td>dist\u00e2ncia entre eixos:<\/td><td>1.449 mm<\/td><\/tr><\/th><\/tr><tr><td>dist\u00e2ncia m\u00ednima do solo:<\/td><td>148 mm<\/td><\/tr><\/th><\/tr><tr><td>altura do assento:<\/td><td>810 mm<\/td><\/tr><\/th><\/tr><tr><td>peso seco:<\/td><td>190 kg<\/td><\/tr><tr><th colspan=\"2\" align=\"left\">Chassi<\/th><\/tr><tr><td>tipo:<\/td><td>Diamond Frame<\/td><\/tr><\/th><\/tr><tr><td>suspens\u00e3o dianteira\/curso:<\/td><td>Garfo telesc\u00f3pico \/ 120 mm<\/td><\/tr><\/th><\/tr><tr><td>suspens\u00e3o traseira\/curso:<\/td><td>Mono-Shock \/ 128 mm<\/td><\/tr><\/th><\/tr><tr><td>freio dianteiro\/di\u00e2metro:<\/td><td>A disco \/ 310 mm (ABS)<\/td><\/tr><\/th><\/tr><tr><td>freio traseiro\/di\u00e2metro:<\/td><td>A disco \/ 240 mm (ABS)<\/td><\/tr><\/th><\/tr><tr><td>pneu dianteiro:<\/td><td>120\/70 &#8211; 17<\/td><\/tr><\/th><\/tr><tr><td>pneu traseiro:<\/td><td>180\/55 &#8211; 17<\/td><\/tr><\/table><font style='font-size:14px;'>*Os dados obtidos por esta p\u00e1gina s\u00e3o atualizados ocasionalmente e n\u00e3o s\u00e3o auditados, portanto, podem n\u00e3o coincidir com as \u00faltimas atualiza\u00e7\u00f5es da fonte. Deste modo, fica a crit\u00e9rio e responsabilidade do utilizador de como pretender utiliz\u00e1-los.<br> Fontes:<br>Motos Motor: https:\/\/motos-motor.com.br\/sugerido\/<br>Honda. CB 650R: N\u00e3o siga tend\u00eancias. ultrapasse.. Dispon\u00edvel em: < https:\/\/www.honda.com.br\/motos\/street\/naked\/cb-650r >. \u00daltimo acesso em: sexta-feira, 15 de mar\u00e7o de 2024<\/font>.","protected":false},"excerpt":{"rendered":"<p>O pre\u00e7o p\u00fablico sugerido do modelo\/vers\u00e3o Honda CB 650R 0km conforme cor dispon\u00edvel \u00e9 de: Cinza Met\u00e1lico &#8211; Una Gray Metallic &#8211; R$ 51100.00*; Vermelho \u2013 Siena Red &#8211; R$ 51100.00*; Verde Fosco &#8211; R$ 51100.00*; Cinza Fosco \u2013 Mat Crow Gray Metallic &#8211; R$ 52590.00*; Vermelho Perolizado &#8211; Pearl Siena Red &#8211; R$ 52590.00*;&#8230;<\/p>\n","protected":false},"author":1,"featured_media":300,"comment_status":"closed","ping_status":"closed","sticky":false,"template":"","format":"standard","meta":{"footnotes":""},"categories":[19],"tags":[17],"class_list":["post-303","post","type-post","status-publish","format-standard","has-post-thumbnail","hentry","category-cb-650r-neo-sports-cafe","tag-naked"],"_links":{"self":[{"href":"https:\/\/motos-motor.com.br\/sugerido\/wp-json\/wp\/v2\/posts\/303","targetHints":{"allow":["GET"]}}],"collection":[{"href":"https:\/\/motos-motor.com.br\/sugerido\/wp-json\/wp\/v2\/posts"}],"about":[{"href":"https:\/\/motos-motor.com.br\/sugerido\/wp-json\/wp\/v2\/types\/post"}],"author":[{"embeddable":true,"href":"https:\/\/motos-motor.com.br\/sugerido\/wp-json\/wp\/v2\/users\/1"}],"replies":[{"embeddable":true,"href":"https:\/\/motos-motor.com.br\/sugerido\/wp-json\/wp\/v2\/comments?post=303"}],"version-history":[{"count":0,"href":"https:\/\/motos-motor.com.br\/sugerido\/wp-json\/wp\/v2\/posts\/303\/revisions"}],"wp:featuredmedia":[{"embeddable":true,"href":"https:\/\/motos-motor.com.br\/sugerido\/wp-json\/wp\/v2\/media\/300"}],"wp:attachment":[{"href":"https:\/\/motos-motor.com.br\/sugerido\/wp-json\/wp\/v2\/media?parent=303"}],"wp:term":[{"taxonomy":"category","embeddable":true,"href":"https:\/\/motos-motor.com.br\/sugerido\/wp-json\/wp\/v2\/categories?post=303"},{"taxonomy":"post_tag","embeddable":true,"href":"https:\/\/motos-motor.com.br\/sugerido\/wp-json\/wp\/v2\/tags?post=303"}],"curies":[{"name":"wp","href":"https:\/\/api.w.org\/{rel}","templated":true}]}}