{"id":715,"date":"2023-04-20T15:55:04","date_gmt":"2023-04-20T15:55:04","guid":{"rendered":"https:\/\/motos-motor.com.br\/sugerido\/?p=715"},"modified":"2024-02-08T13:40:38","modified_gmt":"2024-02-08T13:40:38","slug":"honda-x-adv-0km","status":"publish","type":"post","link":"https:\/\/motos-motor.com.br\/sugerido\/honda-x-adv-0km\/","title":{"rendered":"Honda X-ADV pre\u00e7o fotos especifica\u00e7\u00f5es"},"content":{"rendered":"O pre\u00e7o p\u00fablico sugerido do modelo\/vers\u00e3o <strong>Honda X-ADV 0km<\/strong> dispon\u00edvel nas cores <b>Vermelho &#8211; Grand Prix Red<\/b> e <b>Cinza Fosco &#8211; Mat Iridium Gray Metallic<\/b> \u00e9 de <strong>R$ 88672.00*<\/strong> \u00e0 vista, com base na \u00faltima verifica\u00e7\u00e3o em 19\/06\/2023. Observa-se um aumento de pre\u00e7o de 0.00% em rela\u00e7\u00e3o ao pre\u00e7o anterior, conforme a tabela abaixo. N\u00e3o foi encontrado dados que indicassem diverg\u00eancia no pre\u00e7o conforme a cor pretendida, o que deve ser consultado nas concession\u00e1rias da marca. O pre\u00e7o sugerido n\u00e3o inclui despesas com frete, que pode variar de acordo com a concession\u00e1ria contratada, informa a fabricante. <h2>Tabela de pre\u00e7o Honda X-ADV<\/h2> Tabela de pre\u00e7o com base nas \u00faltimas verifica\u00e7\u00f5es online. <table bgcolor='#e5e6ef'> <thead bgcolor='#cbccd7'><tr><td colspan='3' align='left'>Pre\u00e7o sugerido Honda X-ADV 0km<\/td><\/tr><\/thead> <tbody><tr><td colspan='3' align='left'><b>Cor Vermelho &#8211; Grand Prix Red<\/b><\/td><\/tr> <tr><td>23\/03\/2023 a 19\/06\/2023<\/td><td>88672.00*<\/td><td>0.00%<\/td><\/tr><tr><td colspan='3' align='left'><b>Cor Cinza Fosco &#8211; Mat Iridium Gray Metallic<\/b><\/td><\/tr> <tr><td>23\/03\/2023 a 19\/06\/2023<\/td><td>88672.00*<\/td><td>0.00%<\/td><\/tr><\/tbody> <tfoot bgcolor='eceef7'><tr><td colspan='3' align='left'><font style='font-size:14px;'>Valores em R$ (Real &#8211; BRL). Fonte: Honda Motos.<\/font><\/td><\/tr><\/tfoot> <\/table><h2>Galeria de imagens<\/h2> Imagens de divulga\u00e7\u00e3o. Clique sobre a foto para expandir a resolu\u00e7\u00e3o. <figure class=\"wp-block-gallery has-nested-images columns-default is-cropped wp-block-gallery-1 is-layout-flex wp-block-gallery-is-layout-flex\"><figure class=\"wp-block-image size-large\"><a href=\"http:\/\/motos-motor.com.br\/sugerido\/wp-content\/uploads\/motos\/honda\/xadv\/20230511\/honda-motos-x-adv-360-vermelha-0.webp\" target=\"_blank\" rel=\"noopener\" data-rel=\"lightbox-gallery-vrHxul8D\" data-rl_title=\"\" data-rl_caption=\"\" title=\"\"><img loading=\"lazy\" decoding=\"async\" width=\"200\" height=\"102\" data-id=\"4525\" src=\"http:\/\/motos-motor.com.br\/sugerido\/wp-content\/uploads\/motos\/honda\/xadv\/20230511\/honda-motos-x-adv-360-vermelha-0-200x200.webp\" alt=\"Honda Motos X-ADV 360 Vermelha 0\" class=\"wp-image-4525\" srcset=\"https:\/\/motos-motor.com.br\/sugerido\/wp-content\/uploads\/motos\/honda\/xadv\/20230511\/honda-motos-x-adv-360-vermelha-0-200x200.webp 200w, https:\/\/motos-motor.com.br\/sugerido\/wp-content\/uploads\/motos\/honda\/xadv\/20230511\/honda-motos-x-adv-360-vermelha-0.webp 1920w\" sizes=\"auto, (max-width: 200px) 100vw, 200px\" \/><\/a><\/figure><figure class=\"wp-block-image size-large\"><a href=\"http:\/\/motos-motor.com.br\/sugerido\/wp-content\/uploads\/motos\/honda\/xadv\/20230510\/moto-honda-x-adv-cinza-fosco-2.webp\" target=\"_blank\" rel=\"noopener\" data-rel=\"lightbox-gallery-vrHxul8D\" data-rl_title=\"\" data-rl_caption=\"\" title=\"\"><img loading=\"lazy\" decoding=\"async\" width=\"200\" height=\"102\" data-id=\"4524\" src=\"http:\/\/motos-motor.com.br\/sugerido\/wp-content\/uploads\/motos\/honda\/xadv\/20230510\/moto-honda-x-adv-cinza-fosco-2-200x200.webp\" alt=\"Moto Honda X-ADV Cinza Fosco 2\" class=\"wp-image-4524\" srcset=\"https:\/\/motos-motor.com.br\/sugerido\/wp-content\/uploads\/motos\/honda\/xadv\/20230510\/moto-honda-x-adv-cinza-fosco-2-200x200.webp 200w, https:\/\/motos-motor.com.br\/sugerido\/wp-content\/uploads\/motos\/honda\/xadv\/20230510\/moto-honda-x-adv-cinza-fosco-2.webp 1920w\" sizes=\"auto, (max-width: 200px) 100vw, 200px\" \/><\/a><\/figure><\/figure><figure class=\"wp-block-gallery has-nested-images columns-default is-cropped wp-block-gallery-2 is-layout-flex wp-block-gallery-is-layout-flex\"><figure class=\"wp-block-image size-large\"><a href=\"http:\/\/motos-motor.com.br\/sugerido\/wp-content\/uploads\/motos\/honda\/xadv\/20230323\/moto-honda-x-adv-estacionada-na-cidade-0.webp\" target=\"_blank\" rel=\"noopener\" data-rel=\"lightbox-gallery-vrHxul8D\" data-rl_title=\"\" data-rl_caption=\"\" title=\"\"><img loading=\"lazy\" decoding=\"async\" width=\"200\" height=\"102\" data-id=\"692\" src=\"http:\/\/motos-motor.com.br\/sugerido\/wp-content\/uploads\/motos\/honda\/xadv\/20230323\/moto-honda-x-adv-estacionada-na-cidade-0-200x200.webp\" alt=\"Moto Honda X-ADV Estacionada na Cidade 0\" class=\"wp-image-692\" srcset=\"https:\/\/motos-motor.com.br\/sugerido\/wp-content\/uploads\/motos\/honda\/xadv\/20230323\/moto-honda-x-adv-estacionada-na-cidade-0-200x200.webp 200w, https:\/\/motos-motor.com.br\/sugerido\/wp-content\/uploads\/motos\/honda\/xadv\/20230323\/moto-honda-x-adv-estacionada-na-cidade-0.webp 1920w\" sizes=\"auto, (max-width: 200px) 100vw, 200px\" \/><\/a><\/figure><figure class=\"wp-block-image size-large\"><a href=\"http:\/\/motos-motor.com.br\/sugerido\/wp-content\/uploads\/motos\/honda\/xadv\/20230323\/honda-x-adv-estacionada-na-cidade-1.webp\" target=\"_blank\" rel=\"noopener\" data-rel=\"lightbox-gallery-vrHxul8D\" data-rl_title=\"\" data-rl_caption=\"\" title=\"\"><img loading=\"lazy\" decoding=\"async\" width=\"200\" height=\"102\" data-id=\"693\" src=\"http:\/\/motos-motor.com.br\/sugerido\/wp-content\/uploads\/motos\/honda\/xadv\/20230323\/honda-x-adv-estacionada-na-cidade-1-200x200.webp\" alt=\"Honda X-ADV Estacionada na Cidade 1\" class=\"wp-image-693\" srcset=\"https:\/\/motos-motor.com.br\/sugerido\/wp-content\/uploads\/motos\/honda\/xadv\/20230323\/honda-x-adv-estacionada-na-cidade-1-200x200.webp 200w, https:\/\/motos-motor.com.br\/sugerido\/wp-content\/uploads\/motos\/honda\/xadv\/20230323\/honda-x-adv-estacionada-na-cidade-1.webp 1920w\" sizes=\"auto, (max-width: 200px) 100vw, 200px\" \/><\/a><\/figure><figure class=\"wp-block-image size-large\"><a href=\"http:\/\/motos-motor.com.br\/sugerido\/wp-content\/uploads\/motos\/honda\/xadv\/20230323\/detalhe-farol-traseiro-honda-x-adv-2.webp\" target=\"_blank\" rel=\"noopener\" data-rel=\"lightbox-gallery-vrHxul8D\" data-rl_title=\"\" data-rl_caption=\"\" title=\"\"><img loading=\"lazy\" decoding=\"async\" width=\"200\" height=\"102\" data-id=\"694\" src=\"http:\/\/motos-motor.com.br\/sugerido\/wp-content\/uploads\/motos\/honda\/xadv\/20230323\/detalhe-farol-traseiro-honda-x-adv-2-200x200.webp\" alt=\"Detalhe Farol Traseiro Honda X-ADV 2\" class=\"wp-image-694\" srcset=\"https:\/\/motos-motor.com.br\/sugerido\/wp-content\/uploads\/motos\/honda\/xadv\/20230323\/detalhe-farol-traseiro-honda-x-adv-2-200x200.webp 200w, https:\/\/motos-motor.com.br\/sugerido\/wp-content\/uploads\/motos\/honda\/xadv\/20230323\/detalhe-farol-traseiro-honda-x-adv-2.webp 1920w\" sizes=\"auto, (max-width: 200px) 100vw, 200px\" \/><\/a><\/figure><figure class=\"wp-block-image size-large\"><a href=\"http:\/\/motos-motor.com.br\/sugerido\/wp-content\/uploads\/motos\/honda\/xadv\/20230323\/lateral-direita-moto-honda-x-adv-cinza-fosco-3.webp\" target=\"_blank\" rel=\"noopener\" data-rel=\"lightbox-gallery-vrHxul8D\" data-rl_title=\"\" data-rl_caption=\"\" title=\"\"><img loading=\"lazy\" decoding=\"async\" width=\"200\" height=\"102\" data-id=\"695\" src=\"http:\/\/motos-motor.com.br\/sugerido\/wp-content\/uploads\/motos\/honda\/xadv\/20230323\/lateral-direita-moto-honda-x-adv-cinza-fosco-3-200x200.webp\" alt=\"Lateral Direita Moto Honda X-ADV Cinza Fosco 3\" class=\"wp-image-695\" srcset=\"https:\/\/motos-motor.com.br\/sugerido\/wp-content\/uploads\/motos\/honda\/xadv\/20230323\/lateral-direita-moto-honda-x-adv-cinza-fosco-3-200x200.webp 200w, https:\/\/motos-motor.com.br\/sugerido\/wp-content\/uploads\/motos\/honda\/xadv\/20230323\/lateral-direita-moto-honda-x-adv-cinza-fosco-3.webp 1920w\" sizes=\"auto, (max-width: 200px) 100vw, 200px\" \/><\/a><\/figure><figure class=\"wp-block-image size-large\"><a href=\"http:\/\/motos-motor.com.br\/sugerido\/wp-content\/uploads\/motos\/honda\/xadv\/20230323\/lateral-direita-honda-x-adv-cinza-fosco-4.webp\" target=\"_blank\" rel=\"noopener\" data-rel=\"lightbox-gallery-vrHxul8D\" data-rl_title=\"\" data-rl_caption=\"\" title=\"\"><img loading=\"lazy\" decoding=\"async\" width=\"200\" height=\"102\" data-id=\"696\" src=\"http:\/\/motos-motor.com.br\/sugerido\/wp-content\/uploads\/motos\/honda\/xadv\/20230323\/lateral-direita-honda-x-adv-cinza-fosco-4-200x200.webp\" alt=\"Lateral Direita Honda X-ADV Cinza Fosco 4\" class=\"wp-image-696\" srcset=\"https:\/\/motos-motor.com.br\/sugerido\/wp-content\/uploads\/motos\/honda\/xadv\/20230323\/lateral-direita-honda-x-adv-cinza-fosco-4-200x200.webp 200w, https:\/\/motos-motor.com.br\/sugerido\/wp-content\/uploads\/motos\/honda\/xadv\/20230323\/lateral-direita-honda-x-adv-cinza-fosco-4.webp 1920w\" sizes=\"auto, (max-width: 200px) 100vw, 200px\" \/><\/a><\/figure><figure class=\"wp-block-image size-large\"><a href=\"http:\/\/motos-motor.com.br\/sugerido\/wp-content\/uploads\/motos\/honda\/xadv\/20230323\/lateral-esquerda-moto-honda-x-adv-vermelha-5.webp\" target=\"_blank\" rel=\"noopener\" data-rel=\"lightbox-gallery-vrHxul8D\" data-rl_title=\"\" data-rl_caption=\"\" title=\"\"><img loading=\"lazy\" decoding=\"async\" width=\"200\" height=\"102\" data-id=\"697\" src=\"http:\/\/motos-motor.com.br\/sugerido\/wp-content\/uploads\/motos\/honda\/xadv\/20230323\/lateral-esquerda-moto-honda-x-adv-vermelha-5-200x200.webp\" alt=\"Lateral Esquerda Moto Honda X-ADV Vermelha 5\" class=\"wp-image-697\" srcset=\"https:\/\/motos-motor.com.br\/sugerido\/wp-content\/uploads\/motos\/honda\/xadv\/20230323\/lateral-esquerda-moto-honda-x-adv-vermelha-5-200x200.webp 200w, https:\/\/motos-motor.com.br\/sugerido\/wp-content\/uploads\/motos\/honda\/xadv\/20230323\/lateral-esquerda-moto-honda-x-adv-vermelha-5.webp 1920w\" sizes=\"auto, (max-width: 200px) 100vw, 200px\" \/><\/a><\/figure><figure class=\"wp-block-image size-large\"><a href=\"http:\/\/motos-motor.com.br\/sugerido\/wp-content\/uploads\/motos\/honda\/xadv\/20230323\/porta-luvas-da-moto-honda-x-adv-6.webp\" target=\"_blank\" rel=\"noopener\" data-rel=\"lightbox-gallery-vrHxul8D\" data-rl_title=\"\" data-rl_caption=\"\" title=\"\"><img loading=\"lazy\" decoding=\"async\" width=\"200\" height=\"102\" data-id=\"698\" src=\"http:\/\/motos-motor.com.br\/sugerido\/wp-content\/uploads\/motos\/honda\/xadv\/20230323\/porta-luvas-da-moto-honda-x-adv-6-200x200.webp\" alt=\"Porta Luvas da Moto Honda X-ADV 6\" class=\"wp-image-698\" srcset=\"https:\/\/motos-motor.com.br\/sugerido\/wp-content\/uploads\/motos\/honda\/xadv\/20230323\/porta-luvas-da-moto-honda-x-adv-6-200x200.webp 200w, https:\/\/motos-motor.com.br\/sugerido\/wp-content\/uploads\/motos\/honda\/xadv\/20230323\/porta-luvas-da-moto-honda-x-adv-6.webp 1920w\" sizes=\"auto, (max-width: 200px) 100vw, 200px\" \/><\/a><\/figure><figure class=\"wp-block-image size-large\"><a href=\"http:\/\/motos-motor.com.br\/sugerido\/wp-content\/uploads\/motos\/honda\/xadv\/20230323\/tanque-de-combustivel-da-moto-honda-x-adv-7.webp\" target=\"_blank\" rel=\"noopener\" data-rel=\"lightbox-gallery-vrHxul8D\" data-rl_title=\"\" data-rl_caption=\"\" title=\"\"><img loading=\"lazy\" decoding=\"async\" width=\"200\" height=\"102\" data-id=\"699\" src=\"http:\/\/motos-motor.com.br\/sugerido\/wp-content\/uploads\/motos\/honda\/xadv\/20230323\/tanque-de-combustivel-da-moto-honda-x-adv-7-200x200.webp\" alt=\"Tanque de Combust\u00edvel da Moto Honda X-ADV 7\" class=\"wp-image-699\" srcset=\"https:\/\/motos-motor.com.br\/sugerido\/wp-content\/uploads\/motos\/honda\/xadv\/20230323\/tanque-de-combustivel-da-moto-honda-x-adv-7-200x200.webp 200w, https:\/\/motos-motor.com.br\/sugerido\/wp-content\/uploads\/motos\/honda\/xadv\/20230323\/tanque-de-combustivel-da-moto-honda-x-adv-7.webp 1920w\" sizes=\"auto, (max-width: 200px) 100vw, 200px\" \/><\/a><\/figure><figure class=\"wp-block-image size-large\"><a href=\"http:\/\/motos-motor.com.br\/sugerido\/wp-content\/uploads\/motos\/honda\/xadv\/20230323\/painel-da-moto-honda-x-adv-8.webp\" target=\"_blank\" rel=\"noopener\" data-rel=\"lightbox-gallery-vrHxul8D\" data-rl_title=\"\" data-rl_caption=\"\" title=\"\"><img loading=\"lazy\" decoding=\"async\" width=\"200\" height=\"102\" data-id=\"700\" src=\"http:\/\/motos-motor.com.br\/sugerido\/wp-content\/uploads\/motos\/honda\/xadv\/20230323\/painel-da-moto-honda-x-adv-8-200x200.webp\" alt=\"Painel da Moto Honda X-ADV 8\" class=\"wp-image-700\" srcset=\"https:\/\/motos-motor.com.br\/sugerido\/wp-content\/uploads\/motos\/honda\/xadv\/20230323\/painel-da-moto-honda-x-adv-8-200x200.webp 200w, https:\/\/motos-motor.com.br\/sugerido\/wp-content\/uploads\/motos\/honda\/xadv\/20230323\/painel-da-moto-honda-x-adv-8.webp 1920w\" sizes=\"auto, (max-width: 200px) 100vw, 200px\" \/><\/a><\/figure><\/figure><h2>Especifica\u00e7\u00f5es t\u00e9cnicas<\/h2> Caracter\u00edsticas t\u00e9cnicas do modelo Scooter Honda X-ADV. <table><caption><h3>Aspectos t\u00e9cnicos<\/h3><\/caption><tr><th colspan=\"2\" align=\"left\">Motor<\/th><\/tr><tr><td>tipo:<\/td><td>OHC, Dois cilindros, 4 tempos, refrigera\u00e7\u00e3o l\u00edquida<\/td><\/tr><\/th><\/tr><tr><td>cilindrada:<\/td><td>745 cc<\/td><\/tr><\/th><\/tr><tr><td>pot\u00eancia m\u00e1xima:<\/td><td>58,6 cv a 6.750 rpm<\/td><\/tr><\/th><\/tr><tr><td>torque m\u00e1ximo:<\/td><td>7,03 kgf.m a 4.750 rpm<\/td><\/tr><\/th><\/tr><tr><td>transmiss\u00e3o:<\/td><td>6 velocidades<\/td><\/tr><\/th><\/tr><tr><td>sistema de partida:<\/td><td>El\u00e9trica<\/td><\/tr><\/th><\/tr><tr><td>di\u00e2metro x curso:<\/td><td>77,0 x 80,0 mm<\/td><\/tr><\/th><\/tr><tr><td>rela\u00e7\u00e3o de compress\u00e3o:<\/td><td>10.7:1<\/td><\/tr><\/th><\/tr><tr><td>sistema alimenta\u00e7\u00e3o:<\/td><td>Inje\u00e7\u00e3o Eletr\u00f4nica PGM-FI<\/td><\/tr><\/th><\/tr><tr><td>combust\u00edvel:<\/td><td>Gasolina<\/td><\/tr><tr><th colspan=\"2\" align=\"left\">Sistema El\u00e9trico<\/th><\/tr><tr><td>igni\u00e7\u00e3o:<\/td><td>Eletr\u00f4nica<\/td><\/tr><\/th><\/tr><tr><td>bateria:<\/td><td>12 V \u2013 11 Ah<\/td><\/tr><\/th><\/tr><tr><td>farol:<\/td><td>LED<\/td><\/tr><tr><th colspan=\"2\" align=\"left\">Capacidade<\/th><\/tr><tr><td>tanque de combust\u00edvel:<\/td><td>13,2 litros<\/td><\/tr><\/th><\/tr><tr><td>\u00f3leo do motor:<\/td><td>4,0 litros<\/td><\/tr><tr><th colspan=\"2\" align=\"left\">Dimens\u00f5es<\/th><\/tr><tr><td>comprimento x largura x altura:<\/td><td>2.215 x 940 x 1.370 mm<\/td><\/tr><\/th><\/tr><tr><td>dist\u00e2ncia entre eixos:<\/td><td>1.590 mm<\/td><\/tr><\/th><\/tr><tr><td>dist\u00e2ncia m\u00ednima do solo:<\/td><td>165 mm<\/td><\/tr><\/th><\/tr><tr><td>altura do assento:<\/td><td>820 mm<\/td><\/tr><\/th><\/tr><tr><td>peso seco:<\/td><td>227 kg<\/td><\/tr><tr><th colspan=\"2\" align=\"left\">Chassi<\/th><\/tr><tr><td>tipo:<\/td><td>Diamond Frame<\/td><\/tr><\/th><\/tr><tr><td>suspens\u00e3o dianteira\/curso:<\/td><td>Garfo telesc\u00f3pico \/ 153,5 mm<\/td><\/tr><\/th><\/tr><tr><td>suspens\u00e3o traseira\/curso:<\/td><td>Pro-Link \/ 150 mm<\/td><\/tr><\/th><\/tr><tr><td>freio dianteiro\/di\u00e2metro:<\/td><td>A disco \/ 296 mm<\/td><\/tr><\/th><\/tr><tr><td>freio traseiro\/di\u00e2metro:<\/td><td>A disco \/ 240 mm<\/td><\/tr><\/th><\/tr><tr><td>pneu dianteiro:<\/td><td>120\/70R \u2013 17M\/C<\/td><\/tr><\/th><\/tr><tr><td>pneu traseiro:<\/td><td>160\/60R \u2013 15M\/C<\/td><\/tr><\/table><font style='font-size:14px;'>*Os dados obtidos por esta p\u00e1gina s\u00e3o atualizados cerca de uma vez ao dia e n\u00e3o s\u00e3o auditados, portanto, podem n\u00e3o coincidir com as \u00faltimas atualiza\u00e7\u00f5es da fonte. Deste modo, fica a crit\u00e9rio e responsabilidade do utilizador de como pretender utiliz\u00e1-los.<br> Fontes:<br>Honda. X-ADV: On the edge of the road.. Dispon\u00edvel em: < https:\/\/www.honda.com.br\/motos\/adventure\/scooter\/x-adv >. \u00daltimo acesso em: segunda-feira, 19 de junho de 2023<\/font>.","protected":false},"excerpt":{"rendered":"<p>O pre\u00e7o p\u00fablico sugerido do modelo\/vers\u00e3o Honda X-ADV 0km dispon\u00edvel nas cores Vermelho &#8211; Grand Prix Red e Cinza Fosco &#8211; Mat Iridium Gray Metallic \u00e9 de R$ 88672.00* \u00e0 vista, com base na \u00faltima verifica\u00e7\u00e3o em 19\/06\/2023. Observa-se um aumento de pre\u00e7o de 0.00% em rela\u00e7\u00e3o ao pre\u00e7o anterior, conforme a tabela abaixo. N\u00e3o&#8230;<\/p>\n","protected":false},"author":1,"featured_media":4525,"comment_status":"closed","ping_status":"closed","sticky":false,"template":"","format":"standard","meta":{"footnotes":""},"categories":[34],"tags":[13],"class_list":["post-715","post","type-post","status-publish","format-standard","has-post-thumbnail","hentry","category-x-adv","tag-scooter"],"_links":{"self":[{"href":"https:\/\/motos-motor.com.br\/sugerido\/wp-json\/wp\/v2\/posts\/715","targetHints":{"allow":["GET"]}}],"collection":[{"href":"https:\/\/motos-motor.com.br\/sugerido\/wp-json\/wp\/v2\/posts"}],"about":[{"href":"https:\/\/motos-motor.com.br\/sugerido\/wp-json\/wp\/v2\/types\/post"}],"author":[{"embeddable":true,"href":"https:\/\/motos-motor.com.br\/sugerido\/wp-json\/wp\/v2\/users\/1"}],"replies":[{"embeddable":true,"href":"https:\/\/motos-motor.com.br\/sugerido\/wp-json\/wp\/v2\/comments?post=715"}],"version-history":[{"count":0,"href":"https:\/\/motos-motor.com.br\/sugerido\/wp-json\/wp\/v2\/posts\/715\/revisions"}],"wp:featuredmedia":[{"embeddable":true,"href":"https:\/\/motos-motor.com.br\/sugerido\/wp-json\/wp\/v2\/media\/4525"}],"wp:attachment":[{"href":"https:\/\/motos-motor.com.br\/sugerido\/wp-json\/wp\/v2\/media?parent=715"}],"wp:term":[{"taxonomy":"category","embeddable":true,"href":"https:\/\/motos-motor.com.br\/sugerido\/wp-json\/wp\/v2\/categories?post=715"},{"taxonomy":"post_tag","embeddable":true,"href":"https:\/\/motos-motor.com.br\/sugerido\/wp-json\/wp\/v2\/tags?post=715"}],"curies":[{"name":"wp","href":"https:\/\/api.w.org\/{rel}","templated":true}]}}